{"id":1058,"date":"2022-12-27T09:29:44","date_gmt":"2022-12-27T09:29:44","guid":{"rendered":"https:\/\/sportano.hu\/blog\/hegymaszo-vagy-turazo-csekk-hogyan-valasszon-fejszet-a-tevekenysegehez-es-magassagahoz\/"},"modified":"2025-08-04T12:53:03","modified_gmt":"2025-08-04T12:53:03","slug":"hegymaszo-vagy-turazo-csekk-hogyan-valasszon-fejszet-a-tevekenysegehez-es-magassagahoz","status":"publish","type":"post","link":"https:\/\/sportano.hu\/blog\/hegymaszo-vagy-turazo-csekk-hogyan-valasszon-fejszet-a-tevekenysegehez-es-magassagahoz\/","title":{"rendered":"Hegym\u00e1sz\u00f3 vagy t\u00far\u00e1z\u00f3 csekk? Hogyan v\u00e1lasszon fejsz\u00e9t a tev\u00e9kenys\u00e9g\u00e9hez \u00e9s magass\u00e1g\u00e1hoz?"},"content":{"rendered":"<p><strong>Sokan a fejsz\u00e9t a hegym\u00e1sz\u00e1ssal \u00e9s a gleccsercs\u00facsok megm\u00e1sz\u00e1s\u00e1val hozz\u00e1k \u00f6sszef\u00fcgg\u00e9sbe. Ugyanakkor a T\u00e1tra hegys\u00e9gben vagy s\u00edt\u00far\u00e1z\u00e1s k\u00f6zben a biztons\u00e1gos exped\u00edci\u00f3 egyik alapfelszerel\u00e9se. Ebben az \u00fatmutat\u00f3ban olyan k\u00e9rd\u00e9sekre tal\u00e1l v\u00e1laszt, mint p\u00e9ld\u00e1ul: milyen hegym\u00e1sz\u00f3- vagy t\u00farabalt\u00e1t v\u00e1lasszon, hogyan igaz\u00edtsa a magass\u00e1g\u00e1hoz, \u00e9s mit kell figyelembe vennie a balta v\u00e1s\u00e1rl\u00e1sakor.<\/strong><\/p>\n<h2>Mi az a fejsze \u00e9s mire haszn\u00e1lj\u00e1k?<\/h2>\n<p>A fejsze egy t\u00f6bbfunkci\u00f3s eszk\u00f6z, amely \u00fagy n\u00e9z ki, mint egy cs\u00e1k\u00e1ny. Haszn\u00e1lhat\u00f3 l\u00e9pcs\u0151k v\u00e1g\u00e1s\u00e1ra a h\u00f3ban, csavarok behajt\u00e1s\u00e1ra a j\u00e9gbe vagy oszlopok fel\u00e1ll\u00edt\u00e1s\u00e1ra. Ez egy biztons\u00e1gi eszk\u00f6z is, amely egyens\u00falyoz\u00e1sra, \u00f6nment\u00e9sre vagy f\u00e9kez\u00e9sre haszn\u00e1lhat\u00f3 az es\u00e9sek megel\u0151z\u00e9se \u00e9rdek\u00e9ben. A j\u00e9gcs\u00e1k\u00e1nyt hegym\u00e1sz\u00e1shoz, j\u00e9gm\u00e1sz\u00e1shoz, alpesi turizmushoz, ejt\u0151erny\u0151z\u00e9shez, mikrom\u00e1sz\u00e1shoz vagy drytoolinghoz haszn\u00e1lj\u00e1k.<\/p>\n<h2>A j\u00e9gcs\u00e1k\u00e1ny fel\u00e9p\u00edt\u00e9se &#8211; sz\u00e1r, fej \u00e9s cs\u00facs<\/h2>\n<p>A ny\u00e9l ac\u00e9lb\u00f3l, alum\u00edniumb\u00f3l vagy sz\u00e9nsz\u00e1lb\u00f3l k\u00e9sz\u00fclt p\u00e1lca alak\u00fa ny\u00e9l (pl. Black Diamond m\u00e1rk\u00e1j\u00fa j\u00e9gcs\u00e1k\u00e1nyok). A ny\u00e9l hossza \u00e1ltal\u00e1ban 50 \u00e9s 75 cm k\u00f6z\u00f6tt van (de vannak 40 vagy 90 cm-es modellek is a piacon). Teljesen vagy r\u00e9szben gumi- vagy m\u0171anyagh\u00fcvellyel bor\u00edthat\u00f3, hogy biztosabb fog\u00e1st \u00e9s tov\u00e1bbi szigetel\u00e9st biztos\u00edtson a hideg f\u00e9mmel \u00e9rintkez\u0151 k\u00e9zzel val\u00f3 \u00e9rintkez\u00e9s ellen. A szil\u00e1rds\u00e1gi szint tekintet\u00e9ben k\u00fcl\u00f6nbs\u00e9get tesznek a B t\u00edpus (alap, jelenleg 1. t\u00edpus, szil\u00e1rds\u00e1ga kb. 2,5 kN) \u00e9s a T t\u00edpus (m\u0171szaki, jelenleg 2. t\u00edpus, szil\u00e1rds\u00e1ga kb. 3,5 kN) k\u00f6z\u00f6tt, amely nemcsak j\u00e9gen \u00e9s havon, hanem szikl\u00e1kon is haszn\u00e1lhat\u00f3.<\/p>\n<p><img loading=\"lazy\" decoding=\"async\" class=\"attachment-large alignnone\" src=\"http:\/\/sportano.hu\/blog\/wp-content\/uploads\/2022\/12\/gdi-63aabb08753a0.png\" alt=\"Egy hegym\u00e1sz\u00f3 j\u00e9gcs\u00e1k\u00e1nnyal biztos\u00edtja mag\u00e1t a havas hegyoldalon\" width=\"816\" height=\"426\" \/><\/p>\n<p>A fej, vagy fejr\u00e9sz \u00e1ltal\u00e1ban ac\u00e9lb\u00f3l (sz\u00e9n vagy \u00f6tv\u00f6zetb\u0151l) k\u00e9sz\u00fcl, de kisebb m\u00e9rt\u00e9kben alum\u00edniumb\u00f3l vagy tit\u00e1nb\u00f3l is. A m\u00e1sz\u00f3csekkek \u00e9p\u00edt\u00e9s\u00e9n\u00e9l van egy kalap\u00e1cs, amelyet horgok vagy j\u00e9gcsavarok (m\u00e1sz\u00f3modellek) be\u00e1ll\u00edt\u00e1s\u00e1ra haszn\u00e1lnak. A t\u00faracsekkek eset\u00e9ben a kalap\u00e1cs helyett egy \u00e1s\u00f3 van a leereszked\u00e9s lef\u00e9kez\u00e9s\u00e9re vagy a l\u00e9pcs\u0151fokok kov\u00e1csol\u00e1s\u00e1ra. A cs\u0151r vagy hegy a fej el\u00fcls\u0151, hegyes v\u00e9ge.<\/p>\n<p>Ezen k\u00edv\u00fcl a klasszikus t\u00farabalt\u00e1nak van egy t\u00fcsk\u00e9je (peng\u00e9je), amely a r\u00fad alj\u00e1n helyezkedik el, \u00e9s a k\u00f6vetkez\u0151 c\u00e9lokat szolg\u00e1lja: horgot akasztani, h\u00f3ba vagy j\u00e9gbe hatolni, biztons\u00e1gos t\u00e1maszt ny\u00fajtani j\u00e1r\u00e1s k\u00f6zben, vagy megk\u00f6nny\u00edteni a fejsze behatol\u00e1s\u00e1t a h\u00f3ba a r\u00f6gz\u00edt\u00e9s vagy a ment\u00e9s c\u00e9lj\u00e1b\u00f3l.<\/p>\n<p>Minden t\u00edpus\u00fa csekk kieg\u00e9sz\u00edt\u0151leg felszerelhet\u0151 hurokkal\/horoggal\/k\u00f6tel\u00e9kkel, hogy elker\u00fclhet\u0151 legyen a felszerel\u00e9s elveszt\u00e9se, \u00e9s a m\u00e1sz\u00f3modellekben pihen\u00e9s c\u00e9lj\u00e1b\u00f3l is haszn\u00e1lhat\u00f3.<\/p>\n<h2>Hegym\u00e1sz\u00f3 vagy t\u00far\u00e1z\u00f3 csekk? A j\u00e9gcs\u00e1k\u00e1ny t\u00edpusai \u00e9s c\u00e9ljuk<\/h2>\n<p>\u00c1ltal\u00e1noss\u00e1gban megk\u00fcl\u00f6nb\u00f6ztet\u00fcnk t\u00fara-, hegym\u00e1sz\u00f3- \u00e9s s\u00edt\u00fara fejsz\u00e9ket. Az ilyen t\u00edpus\u00fa t\u00e9li felszerel\u00e9sek a rendeltet\u00e9s\u00fckt\u0151l f\u00fcgg\u0151en k\u00fcl\u00f6nb\u00f6znek fel\u00e9p\u00edt\u00e9s\u00fck, anyaguk \u00e9s szil\u00e1rds\u00e1gi tartom\u00e1nyuk tekintet\u00e9ben.<\/p>\n<div class=\"yt-oembed\"><p><iframe loading=\"lazy\" title=\"Grivel Ghost Tech\" width=\"500\" height=\"281\" src=\"https:\/\/www.youtube.com\/embed\/oL5OL1QFWdE?feature=oembed\" frameborder=\"0\" allow=\"accelerometer; autoplay; clipboard-write; encrypted-media; gyroscope; picture-in-picture; web-share\" referrerpolicy=\"strict-origin-when-cross-origin\" allowfullscreen><\/iframe><\/p><\/div>\n<h3>M\u00e1sz\u00f3 \u00e9s alpesi t\u00fara k\u00f6t\u00e9l<\/h3>\n<p>A hegym\u00e1sz\u00f3 \u00e9s alpesi t\u00farabotot egyenes vagy enyh\u00e9n \u00edvelt bot, felfel\u00e9 \u00edvelt hegy \u00e9s 65-70 fokos horogsz\u00f6g jellemzi. Els\u0151sorban f\u00e9kez\u00e9sre szolg\u00e1l, ha emelked\u00e9s vagy t\u00e1maszkod\u00e1s k\u00f6zben elvesz\u00edti a tapad\u00e1st &#8211; meredekebb \u00e9s ig\u00e9nyesebb terepen (lejt\u00e9s &gt; 30 fok) helyettes\u00edti a t\u00farabotokat. V\u00e1lassza a k\u00f6nny\u0171 1. t\u00edpus\u00fa modellt (kb. 2,5 kN szil\u00e1rds\u00e1g), klasszikus hossz\u00fas\u00e1ggal (a h\u00fcvelykujj t\u00f6v\u00e9t\u0151l a l\u00e1bsz\u00e1r k\u00f6zep\u00e9ig terjed\u0151 m\u00e9ret), alum\u00ednium sz\u00e1rral \u00e9s ac\u00e9l fejjel. A sz\u00e9les penge jelenl\u00e9te lehet\u0151v\u00e9 teszi, hogy l\u00e9p\u00e9seket \u00e1sson a h\u00f3ban.<\/p>\n<h3>S\u00edt\u00fara csekk<\/h3>\n<p>A skit\u00far\u00e1z\u00f3 csekknek nagyon k\u00f6nny\u0171nek (kevesebb mint 300 g), r\u00f6vidnek (40-50 cm) \u00e9s alum\u00ednium (vagy ultrak\u00f6nny\u0171, elox\u00e1lt \u00f6tv\u00f6zetb\u0151l k\u00e9sz\u00fclt) peng\u00e9vel kell rendelkeznie. Ez az alkalmaz\u00e1snak k\u00f6sz\u00f6nhet\u0151 &#8211; a meredek emelked\u0151k\u00f6n val\u00f3 r\u00f6gz\u00edt\u00e9s \u00e9s a nem tervezett es\u00e9sekn\u00e9l t\u00f6rt\u00e9n\u0151 f\u00e9kez\u00e9s. A legt\u00f6bbsz\u00f6r a h\u00e1tizs\u00e1khoz lesz r\u00f6gz\u00edtve, \u00edgy nem jelenthet akad\u00e1lyt a mozg\u00e1s k\u00f6zben. A csukl\u00f3hurok helyett c\u00e9lszer\u0171 olyan modellt v\u00e1lasztani, amelynek van egy k\u00e9zt\u00e1masza (\u00fagynevezett trigrest), amely megakad\u00e1lyozza, hogy a foganty\u00fa elcs\u00fasszon a k\u00e9zben, \u00e9s a csekk elveszjen.<\/p>\n<h3>J\u00e9gm\u00e1sz\u00e1s, drytooling \u00e9s mic hegym\u00e1sz\u00f3 fejsz\u00e9k<\/h3>\n<p>A j\u00e9gm\u00e1sz\u00f3 csekket megjelen\u00e9s\u00fck miatt l\u00e1ndzs\u00e1nak\/hegy\u0171nek nevezik. A T bet\u0171vel (vagy a 2-es sz\u00e1mmal) jel\u00f6lt technikai j\u00e9gm\u00e1sz\u00f3 fejsz\u00e9ket t\u00f6bbek k\u00f6z\u00f6tt fagyott v\u00edzes\u00e9sek, j\u00e9ges\u0151k vagy j\u00e9ggel bor\u00edtott szikl\u00e1k megm\u00e1sz\u00e1s\u00e1ra tervezt\u00e9k. A t\u00farabakokhoz k\u00e9pest r\u00f6videbbek, er\u0151sen \u00edvelt ny\u00e9llel \u00e9s felfel\u00e9 \u00edvel\u0151 cs\u00faccsal rendelkeznek, hogy a lehet\u0151 legk\u00f6nnyebben behatoljanak a j\u00e9gbe \u00e9s a h\u00f3ba a meredek megk\u00f6zel\u00edt\u00e9sekn\u00e9l. Ez a kialak\u00edt\u00e1s megk\u00f6nny\u00edti a j\u00e9gb\u0151l val\u00f3 kiemel\u00e9st is.<\/p>\n<p>A magas szint\u0171 haszn\u00e1lat miatt a m\u0171szaki csekkek cser\u00e9lhet\u0151 peng\u00e9kkel rendelkeznek: j\u00e9ghez \u00e9s masztixhoz. Ezenk\u00edv\u00fcl a fej\u00fck\u00f6n van egy lyuk a karabinerre val\u00f3 felakaszt\u00e1shoz. Er\u0151sen t\u00falny\u00fal\u00f3, f\u00fcgg\u0151leges vagy neh\u00e9z terepen val\u00f3 m\u00e1sz\u00e1shoz az ergonomikus, k\u00f6zepesen vagy extra magasra domborod\u00f3 hegy\u0171 hegycs\u00faccsal rendelkez\u0151 hegym\u00e1sz\u00f3cs\u00e1k j\u00f3l m\u0171k\u00f6dnek, m\u00edg alpesi terepre enyh\u00e9n domborod\u00f3 hegy\u0171 v\u00e1ltozatot v\u00e1lasszon.<\/p>\n<p>Az olyan tev\u00e9kenys\u00e9gekhez, mint a j\u00e9gm\u00e1sz\u00e1s, a drytooling vagy a mikst, leggyakrabban k\u00e9t csekket haszn\u00e1lnak (egy kalap\u00e1cs \u00e9s penge k\u00e9szletet vagy egy csak kalap\u00e1cs k\u00e9szletet), hogy megbirk\u00f3zzanak a k\u00fcl\u00f6nb\u00f6z\u0151 lejt\u0151sz\u00f6gekkel \u00e9s k\u00f6r\u00fclm\u00e9nyekkel.<\/p>\n<div class=\"yt-oembed\"><p><iframe loading=\"lazy\" title=\"The Black Diamond Ice Tool Family\" width=\"500\" height=\"281\" src=\"https:\/\/www.youtube.com\/embed\/2Mf5eZuH_h0?feature=oembed\" frameborder=\"0\" allow=\"accelerometer; autoplay; clipboard-write; encrypted-media; gyroscope; picture-in-picture; web-share\" referrerpolicy=\"strict-origin-when-cross-origin\" allowfullscreen><\/iframe><\/p><\/div>\n<h2>Hogyan v\u00e1lasztja ki a fejsze hossz\u00e1t?<\/h2>\n<p>A j\u00e9gcs\u00e1k\u00e1ny m\u00e9rete a ny\u00e9l v\u00e9g\u00e9t\u0151l a fej cs\u00facs\u00e1ig terjed\u0151 t\u00e1vols\u00e1g. Ezt cm-ben adj\u00e1k meg, \u00e9s \u00e1ltal\u00e1ban 50-75 cm k\u00f6z\u00f6tt mozog. Felt\u00e9telezz\u00fck, hogy a 160-170 cm-es embereknek 50 cm hossz\u00fas\u00e1got kell v\u00e1lasztaniuk, 180 cm felett &#8211; 60 cm, \u00e9s a 195 cm-n\u00e9l nagyobbak sz\u00e1m\u00e1ra a 70 cm lehet j\u00f3 v\u00e1laszt\u00e1s. A legjobb illeszked\u00e9st azonban akkor \u00e9rheti el, ha k\u00f6zvetlen\u00fcl az \u00fczletben &#8222;pr\u00f3b\u00e1lja fel&#8221; a k\u00e1rpitot. Ehhez a k\u00f6vetkez\u0151ket kell tennie:<\/p>\n<ul class=\"parent-of-p\">\n<li>\u00e1lljon egyenesen a t\u00fck\u00f6r el\u0151tt, vagy k\u00e9rjen meg egy m\u00e1sik szem\u00e9lyt, hogy seg\u00edtsen, hogy elker\u00fclje a lehajol\u00e1st, ami rossz m\u00e9r\u00e9st eredm\u00e9nyezhet;<\/li>\n<\/ul>\n<ul class=\"parent-of-p\">\n<li>Fogja meg a fejsze fej\u00e9t \u00fagy, hogy a penge el\u0151refel\u00e9 mutasson (a h\u00fcvelykujj\u00e1nak rajta kell nyugodnia);<\/li>\n<\/ul>\n<ul class=\"parent-of-p\">\n<li>a fejet tart\u00f3 k\u00e9z a lehet\u0151 legk\u00f6zelebb helyezkedjen el a test oldal\u00e1hoz (a sz\u00e1r a f\u00f6ld fel\u00e9 l\u00f3gjon);<\/li>\n<\/ul>\n<ul class=\"parent-of-p\">\n<li>ellen\u0151rizze, hogy a l\u00e1bsz\u00e1r magass\u00e1ga k\u00f6zep\u00e9n van-e.<\/li>\n<\/ul>\n<p>Mi t\u00f6rt\u00e9nik, ha t\u00fal hossz\u00fa fejsz\u00e9t v\u00e1lasztasz? Ha jelent\u0151s lejt\u00e9s\u0171 terepen maga el\u00e9 tolja, a szersz\u00e1m neh\u00e9zkess\u00e9 \u00e9s k\u00e9nyelmetlen\u00fcl haszn\u00e1lhat\u00f3v\u00e1 v\u00e1lik, \u00e9s gyors f\u00e1radts\u00e1got okoz. Ezenk\u00edv\u00fcl fenn\u00e1ll a vesz\u00e9lye annak, hogy a h\u00e1tizs\u00e1khoz er\u0151s\u00edtett fejsze \u00fatban lesz a gyalogl\u00e1s k\u00f6zben, \u00e9s vesz\u00e9lyes helyzetekhez vezethet.<\/p>\n<p><img loading=\"lazy\" decoding=\"async\" class=\"attachment-large alignnone\" src=\"http:\/\/sportano.hu\/blog\/wp-content\/uploads\/2022\/12\/gdi-63aabb0a3a426.png\" alt=\"Egy hegym\u00e1sz\u00f3 j\u00e9gcs\u00e1k\u00e1nyt haszn\u00e1l meredek havas terepen\" width=\"816\" height=\"426\" \/><\/p>\n<h2>Mire figyelj\u00fcnk v\u00e1s\u00e1rl\u00e1skor?<\/h2>\n<p>M\u00e1r ismeri a balta magass\u00e1g\u00e1hoz \u00e9s a fizikai aktivit\u00e1s t\u00edpus\u00e1hoz val\u00f3 igaz\u00edt\u00e1s\u00e1nak szab\u00e1lyait. Mit kell m\u00e9g figyelembe vennie, amikor ezt az eszk\u00f6zt v\u00e1s\u00e1rolja t\u00far\u00e1z\u00f3nak, hegym\u00e1sz\u00f3nak vagy ejt\u0151erny\u0151snek?<\/p>\n<ul class=\"parent-of-p\">\n<li>s\u00faly &#8211; min\u00e9l k\u00f6nnyebb, ann\u00e1l jobb, k\u00fcl\u00f6n\u00f6sen, ha olyan t\u00fara- vagy ejt\u0151erny\u0151s csekket v\u00e1laszt, amelyet az id\u0151 nagy r\u00e9sz\u00e9ben csak a h\u00e1tizs\u00e1kj\u00e1hoz sz\u00edjazva visel (k\u00fcl\u00f6n\u00f6sen alacsony emelked\u00e9s\u0171 terepen);<\/li>\n<\/ul>\n<ul class=\"parent-of-p\">\n<li>zsin\u00f3r\/hurok &#8211; v\u00e1lasszon nejlonb\u00f3l k\u00e9sz\u00fclt, \u00e1ll\u00edthat\u00f3 hossz\u00fas\u00e1g\u00fa modelleket;<\/li>\n<\/ul>\n<ul class=\"parent-of-p\">\n<li>tartal\u00e9k peng\u00e9k &#8211; technikai j\u00e9gcs\u00e1k\u00e1nyokhoz;<\/li>\n<\/ul>\n<ul class=\"parent-of-p\">\n<li>tov\u00e1bbi tartoz\u00e9kok &#8211; v\u00e1lasszon gumisapk\u00e1t a hegyre, a fejre \u00e9s a cs\u0151rre, vagy egy teljes bor\u00edt\u00e1st a cs\u0151rre. Ez n\u00f6veli a csekk sz\u00e1ll\u00edt\u00e1s\u00e1nak \u00e9s t\u00e1rol\u00e1s\u00e1nak biztons\u00e1g\u00e1t, \u00e9s megakad\u00e1lyozza az \u00e9les r\u00e9szekkel val\u00f3 \u00e9rintkez\u00e9sb\u0151l ered\u0151 s\u00e9r\u00fcl\u00e9seket vagy s\u00e9r\u00fcl\u00e9seket;<\/li>\n<\/ul>\n<ul class=\"parent-of-p\">\n<li>min\u0151s\u00edt\u00e9sek \u00e9s szabv\u00e1nyok &#8211; a balt\u00e1nak meg kell felelnie az EN 13089 \/ EN 13089:2011+A2:2021 Hegym\u00e1sz\u00f3felszerel\u00e9sek &#8211; J\u00e9gszersz\u00e1mok szabv\u00e1nynak.<\/li>\n<\/ul>\n<h2>Hogyan kell haszn\u00e1lni a fejsz\u00e9t?<\/h2>\n<p>A megfelel\u0151 j\u00e9gcs\u00e1k\u00e1ny kiv\u00e1laszt\u00e1sa m\u00e9g nem garancia a megfelel\u0151 m\u0171k\u00f6d\u00e9sre. Az is fontos, hogy rendelkezzenek a megfelel\u0151 ismeretekkel \u00e9s gyakorlati k\u00e9szs\u00e9gekkel, hogy a v\u00e1lasztott terepen megfelel\u0151en tudj\u00e1k haszn\u00e1lni. Ennek \u00e9rdek\u00e9ben c\u00e9lszer\u0171 r\u00e9szt venni egy t\u00e9li turisztikai tanfolyamon, ahol szak\u00e9rt\u0151k ir\u00e1ny\u00edt\u00e1s\u00e1val megtanulhatja a fejsze haszn\u00e1lat\u00e1t (m\u00e1sz\u00e1s, f\u00e9kez\u00e9s, r\u00f6gz\u00edt\u00e9s, oszlopok \u00e9p\u00edt\u00e9se, csavarok \u00e9s kamp\u00f3k elhelyez\u00e9se stb.), valamint m\u00e1s alapvet\u0151 felszerel\u00e9sek, mint a kramponok, lavina ABC (szonda, detektor, h\u00f3lap\u00e1t) haszn\u00e1lat\u00e1t. A k\u00e9pz\u00e9s \u00e1ltal\u00e1ban a navig\u00e1ci\u00f3 alapjait vagy a v\u00e9szhelyzetben val\u00f3 viselked\u00e9st is tartalmazza (pl. lavinagyakorlatok).<\/p>\n<div class=\"yt-oembed\"><p><iframe loading=\"lazy\" title=\"BLUE ICE TIPS - The bergschrund sling\" width=\"500\" height=\"281\" src=\"https:\/\/www.youtube.com\/embed\/X5U41WL1dlc?feature=oembed\" frameborder=\"0\" allow=\"accelerometer; autoplay; clipboard-write; encrypted-media; gyroscope; picture-in-picture; web-share\" referrerpolicy=\"strict-origin-when-cross-origin\" allowfullscreen><\/iframe><\/p><\/div>\n<p>A fejsze \u00e9s a kramponok a kih\u00edv\u00e1st jelent\u0151 t\u00e9li hegyi terepek, a j\u00e9ges\u0151k vagy a backcountry s\u00edel\u00e9s minden szerelmese sz\u00e1m\u00e1ra kulcsfontoss\u00e1g\u00fa felszerel\u00e9s. A fejsze kiv\u00e1laszt\u00e1sakor gy\u0151z\u0151dj\u00f6n meg r\u00f3la, hogy az \u00d6n magass\u00e1g\u00e1hoz \u00e9s c\u00e9lj\u00e1hoz megfelel\u0151, k\u00fcl\u00f6nben nem fogja ell\u00e1tni a feladat\u00e1t, \u00e9s nem ny\u00fajt kell\u0151 biztons\u00e1got. A<strong> Sportano.hu<\/strong> oldalon j\u00e9gm\u00e1sz\u00f3, technikai m\u00e1sz\u00f3, j\u00e9gm\u00e1sz\u00f3 \u00e9s ejt\u0151erny\u0151s <a href=\"https:\/\/sportano.hu\/maszas\/teli-hegymaszo-felszereles\/kulcstartok\"><u>fejsz\u00e9k sz\u00e9les v\u00e1laszt\u00e9k\u00e1t<\/u><\/a> tal\u00e1lja olyan neves m\u00e1rk\u00e1kt\u00f3l, mint a<strong> Black Diamond, BLUE ICE, Climbing Technology, Grivel \u00e9s Salewa<\/strong>.<\/p>\n","protected":false},"excerpt":{"rendered":"<p>Sokan a fejsz\u00e9t a hegym\u00e1sz\u00e1ssal \u00e9s a gleccsercs\u00facsok megm\u00e1sz\u00e1s\u00e1val hozz\u00e1k \u00f6sszef\u00fcgg\u00e9sbe. Ugyanakkor a T\u00e1tra hegys\u00e9gben vagy s\u00edt\u00far\u00e1z\u00e1s k\u00f6zben a biztons\u00e1gos exped\u00edci\u00f3 egyik alapfelszerel\u00e9se. Ebben az \u00fatmutat\u00f3ban olyan k\u00e9rd\u00e9sekre tal\u00e1l v\u00e1laszt, mint p\u00e9ld\u00e1ul: milyen hegym\u00e1sz\u00f3- vagy t\u00farabalt\u00e1t v\u00e1lasszon, hogyan igaz\u00edtsa a magass\u00e1g\u00e1hoz, \u00e9s mit kell figyelembe vennie a balta v\u00e1s\u00e1rl\u00e1sakor. Mi az a fejsze \u00e9s mire [&hellip;]<\/p>\n","protected":false},"author":7,"featured_media":1062,"comment_status":"closed","ping_status":"closed","sticky":false,"template":"","format":"standard","meta":{"_acf_changed":false,"footnotes":""},"categories":[35],"tags":[],"class_list":["post-1058","post","type-post","status-publish","format-standard","has-post-thumbnail","hentry","category-turizmus"],"acf":[],"yoast_head":"<!-- This site is optimized with the Yoast SEO plugin v27.1.1 - https:\/\/yoast.com\/product\/yoast-seo-wordpress\/ -->\n<title>Hegym\u00e1sz\u00f3 vagy t\u00far\u00e1z\u00f3 csekk? Hogyan v\u00e1lasszon fejsz\u00e9t a tev\u00e9kenys\u00e9g\u00e9hez \u00e9s magass\u00e1g\u00e1hoz? - Sportano.hu Blog<\/title>\n<meta name=\"robots\" content=\"index, follow, max-snippet:-1, max-image-preview:large, max-video-preview:-1\" \/>\n<link rel=\"canonical\" href=\"https:\/\/sportano.hu\/blog\/hegymaszo-vagy-turazo-csekk-hogyan-valasszon-fejszet-a-tevekenysegehez-es-magassagahoz\/\" \/>\n<meta property=\"og:locale\" content=\"hu_HU\" \/>\n<meta property=\"og:type\" content=\"article\" \/>\n<meta property=\"og:title\" content=\"Hegym\u00e1sz\u00f3 vagy t\u00far\u00e1z\u00f3 csekk? Hogyan v\u00e1lasszon fejsz\u00e9t a tev\u00e9kenys\u00e9g\u00e9hez \u00e9s magass\u00e1g\u00e1hoz? - Sportano.hu Blog\" \/>\n<meta property=\"og:description\" content=\"Sokan a fejsz\u00e9t a hegym\u00e1sz\u00e1ssal \u00e9s a gleccsercs\u00facsok megm\u00e1sz\u00e1s\u00e1val hozz\u00e1k \u00f6sszef\u00fcgg\u00e9sbe. Ugyanakkor a T\u00e1tra hegys\u00e9gben vagy s\u00edt\u00far\u00e1z\u00e1s k\u00f6zben a biztons\u00e1gos exped\u00edci\u00f3 egyik alapfelszerel\u00e9se. Ebben az \u00fatmutat\u00f3ban olyan k\u00e9rd\u00e9sekre tal\u00e1l v\u00e1laszt, mint p\u00e9ld\u00e1ul: milyen hegym\u00e1sz\u00f3- vagy t\u00farabalt\u00e1t v\u00e1lasszon, hogyan igaz\u00edtsa a magass\u00e1g\u00e1hoz, \u00e9s mit kell figyelembe vennie a balta v\u00e1s\u00e1rl\u00e1sakor. Mi az a fejsze \u00e9s mire [&hellip;]\" \/>\n<meta property=\"og:url\" content=\"https:\/\/sportano.hu\/blog\/hegymaszo-vagy-turazo-csekk-hogyan-valasszon-fejszet-a-tevekenysegehez-es-magassagahoz\/\" \/>\n<meta property=\"article:published_time\" content=\"2022-12-27T09:29:44+00:00\" \/>\n<meta property=\"article:modified_time\" content=\"2025-08-04T12:53:03+00:00\" \/>\n<meta property=\"og:image\" content=\"http:\/\/sportano.hu\/blog\/wp-content\/uploads\/2022\/12\/gdi-63aabb0b74470.png\" \/>\n\t<meta property=\"og:image:width\" content=\"816\" \/>\n\t<meta property=\"og:image:height\" content=\"426\" \/>\n\t<meta property=\"og:image:type\" content=\"image\/png\" \/>\n<meta name=\"author\" content=\"Sylwia Stwora-Petela\" \/>\n<meta name=\"twitter:card\" content=\"summary_large_image\" \/>\n<meta name=\"twitter:label1\" content=\"Szerz\u0151:\" \/>\n\t<meta name=\"twitter:data1\" content=\"Sylwia Stwora-Petela\" \/>\n\t<meta name=\"twitter:label2\" content=\"Becs\u00fclt olvas\u00e1si id\u0151\" \/>\n\t<meta name=\"twitter:data2\" content=\"7 perc\" \/>\n<!-- \/ Yoast SEO plugin. -->","yoast_head_json":{"title":"Hegym\u00e1sz\u00f3 vagy t\u00far\u00e1z\u00f3 csekk? Hogyan v\u00e1lasszon fejsz\u00e9t a tev\u00e9kenys\u00e9g\u00e9hez \u00e9s magass\u00e1g\u00e1hoz? - Sportano.hu Blog","robots":{"index":"index","follow":"follow","max-snippet":"max-snippet:-1","max-image-preview":"max-image-preview:large","max-video-preview":"max-video-preview:-1"},"canonical":"https:\/\/sportano.hu\/blog\/hegymaszo-vagy-turazo-csekk-hogyan-valasszon-fejszet-a-tevekenysegehez-es-magassagahoz\/","og_locale":"hu_HU","og_type":"article","og_title":"Hegym\u00e1sz\u00f3 vagy t\u00far\u00e1z\u00f3 csekk? Hogyan v\u00e1lasszon fejsz\u00e9t a tev\u00e9kenys\u00e9g\u00e9hez \u00e9s magass\u00e1g\u00e1hoz? - Sportano.hu Blog","og_description":"Sokan a fejsz\u00e9t a hegym\u00e1sz\u00e1ssal \u00e9s a gleccsercs\u00facsok megm\u00e1sz\u00e1s\u00e1val hozz\u00e1k \u00f6sszef\u00fcgg\u00e9sbe. Ugyanakkor a T\u00e1tra hegys\u00e9gben vagy s\u00edt\u00far\u00e1z\u00e1s k\u00f6zben a biztons\u00e1gos exped\u00edci\u00f3 egyik alapfelszerel\u00e9se. Ebben az \u00fatmutat\u00f3ban olyan k\u00e9rd\u00e9sekre tal\u00e1l v\u00e1laszt, mint p\u00e9ld\u00e1ul: milyen hegym\u00e1sz\u00f3- vagy t\u00farabalt\u00e1t v\u00e1lasszon, hogyan igaz\u00edtsa a magass\u00e1g\u00e1hoz, \u00e9s mit kell figyelembe vennie a balta v\u00e1s\u00e1rl\u00e1sakor. Mi az a fejsze \u00e9s mire [&hellip;]","og_url":"https:\/\/sportano.hu\/blog\/hegymaszo-vagy-turazo-csekk-hogyan-valasszon-fejszet-a-tevekenysegehez-es-magassagahoz\/","article_published_time":"2022-12-27T09:29:44+00:00","article_modified_time":"2025-08-04T12:53:03+00:00","og_image":[{"width":816,"height":426,"url":"http:\/\/sportano.hu\/blog\/wp-content\/uploads\/2022\/12\/gdi-63aabb0b74470.png","type":"image\/png"}],"author":"Sylwia Stwora-Petela","twitter_card":"summary_large_image","twitter_misc":{"Szerz\u0151:":"Sylwia Stwora-Petela","Becs\u00fclt olvas\u00e1si id\u0151":"7 perc"},"schema":{"@context":"https:\/\/schema.org","@graph":[{"@type":"Article","@id":"https:\/\/sportano.hu\/blog\/hegymaszo-vagy-turazo-csekk-hogyan-valasszon-fejszet-a-tevekenysegehez-es-magassagahoz\/#article","isPartOf":{"@id":"https:\/\/sportano.hu\/blog\/hegymaszo-vagy-turazo-csekk-hogyan-valasszon-fejszet-a-tevekenysegehez-es-magassagahoz\/"},"author":{"name":"Sylwia Stwora-Petela","@id":"https:\/\/sportano.hu\/blog\/#\/schema\/person\/71cc03e69d6c63d290e6365378f2deab"},"headline":"Hegym\u00e1sz\u00f3 vagy t\u00far\u00e1z\u00f3 csekk? Hogyan v\u00e1lasszon fejsz\u00e9t a tev\u00e9kenys\u00e9g\u00e9hez \u00e9s magass\u00e1g\u00e1hoz?","datePublished":"2022-12-27T09:29:44+00:00","dateModified":"2025-08-04T12:53:03+00:00","mainEntityOfPage":{"@id":"https:\/\/sportano.hu\/blog\/hegymaszo-vagy-turazo-csekk-hogyan-valasszon-fejszet-a-tevekenysegehez-es-magassagahoz\/"},"wordCount":1927,"publisher":{"@id":"https:\/\/sportano.hu\/blog\/#organization"},"image":{"@id":"https:\/\/sportano.hu\/blog\/hegymaszo-vagy-turazo-csekk-hogyan-valasszon-fejszet-a-tevekenysegehez-es-magassagahoz\/#primaryimage"},"thumbnailUrl":"https:\/\/sportano.hu\/blog\/wp-content\/uploads\/2022\/12\/gdi-63aabb0b74470.png","articleSection":["Turizmus"],"inLanguage":"hu"},{"@type":"WebPage","@id":"https:\/\/sportano.hu\/blog\/hegymaszo-vagy-turazo-csekk-hogyan-valasszon-fejszet-a-tevekenysegehez-es-magassagahoz\/","url":"https:\/\/sportano.hu\/blog\/hegymaszo-vagy-turazo-csekk-hogyan-valasszon-fejszet-a-tevekenysegehez-es-magassagahoz\/","name":"Hegym\u00e1sz\u00f3 vagy t\u00far\u00e1z\u00f3 csekk? Hogyan v\u00e1lasszon fejsz\u00e9t a tev\u00e9kenys\u00e9g\u00e9hez \u00e9s magass\u00e1g\u00e1hoz? - Sportano.hu Blog","isPartOf":{"@id":"https:\/\/sportano.hu\/blog\/#website"},"primaryImageOfPage":{"@id":"https:\/\/sportano.hu\/blog\/hegymaszo-vagy-turazo-csekk-hogyan-valasszon-fejszet-a-tevekenysegehez-es-magassagahoz\/#primaryimage"},"image":{"@id":"https:\/\/sportano.hu\/blog\/hegymaszo-vagy-turazo-csekk-hogyan-valasszon-fejszet-a-tevekenysegehez-es-magassagahoz\/#primaryimage"},"thumbnailUrl":"https:\/\/sportano.hu\/blog\/wp-content\/uploads\/2022\/12\/gdi-63aabb0b74470.png","datePublished":"2022-12-27T09:29:44+00:00","dateModified":"2025-08-04T12:53:03+00:00","breadcrumb":{"@id":"https:\/\/sportano.hu\/blog\/hegymaszo-vagy-turazo-csekk-hogyan-valasszon-fejszet-a-tevekenysegehez-es-magassagahoz\/#breadcrumb"},"inLanguage":"hu","potentialAction":[{"@type":"ReadAction","target":["https:\/\/sportano.hu\/blog\/hegymaszo-vagy-turazo-csekk-hogyan-valasszon-fejszet-a-tevekenysegehez-es-magassagahoz\/"]}]},{"@type":"ImageObject","inLanguage":"hu","@id":"https:\/\/sportano.hu\/blog\/hegymaszo-vagy-turazo-csekk-hogyan-valasszon-fejszet-a-tevekenysegehez-es-magassagahoz\/#primaryimage","url":"https:\/\/sportano.hu\/blog\/wp-content\/uploads\/2022\/12\/gdi-63aabb0b74470.png","contentUrl":"https:\/\/sportano.hu\/blog\/wp-content\/uploads\/2022\/12\/gdi-63aabb0b74470.png","width":816,"height":426,"caption":"Szem\u00e9ly m\u00e1szik egy jeges sziklafalon"},{"@type":"BreadcrumbList","@id":"https:\/\/sportano.hu\/blog\/hegymaszo-vagy-turazo-csekk-hogyan-valasszon-fejszet-a-tevekenysegehez-es-magassagahoz\/#breadcrumb","itemListElement":[{"@type":"ListItem","position":1,"name":"F\u0151oldal","item":"https:\/\/sportano.hu\/blog\/"},{"@type":"ListItem","position":2,"name":"Hegym\u00e1sz\u00f3 vagy t\u00far\u00e1z\u00f3 csekk? Hogyan v\u00e1lasszon fejsz\u00e9t a tev\u00e9kenys\u00e9g\u00e9hez \u00e9s magass\u00e1g\u00e1hoz?"}]},{"@type":"WebSite","@id":"https:\/\/sportano.hu\/blog\/#website","url":"https:\/\/sportano.hu\/blog\/","name":"","description":"","publisher":{"@id":"https:\/\/sportano.hu\/blog\/#organization"},"potentialAction":[{"@type":"SearchAction","target":{"@type":"EntryPoint","urlTemplate":"https:\/\/sportano.hu\/blog\/?s={search_term_string}"},"query-input":{"@type":"PropertyValueSpecification","valueRequired":true,"valueName":"search_term_string"}}],"inLanguage":"hu"},{"@type":"Organization","@id":"https:\/\/sportano.hu\/blog\/#organization","name":"Sportano.pl","url":"https:\/\/sportano.hu\/blog\/","logo":{"@type":"ImageObject","inLanguage":"hu","@id":"https:\/\/sportano.hu\/blog\/#\/schema\/logo\/image\/","url":"http:\/\/sportano.hu\/blog\/wp-content\/uploads\/2022\/04\/sportano-blog-logo.png","contentUrl":"http:\/\/sportano.hu\/blog\/wp-content\/uploads\/2022\/04\/sportano-blog-logo.png","width":1200,"height":200,"caption":"Sportano.pl"},"image":{"@id":"https:\/\/sportano.hu\/blog\/#\/schema\/logo\/image\/"}},{"@type":"Person","@id":"https:\/\/sportano.hu\/blog\/#\/schema\/person\/71cc03e69d6c63d290e6365378f2deab","name":"Sylwia Stwora-Petela","image":{"@type":"ImageObject","inLanguage":"hu","@id":"https:\/\/sportano.hu\/blog\/#\/schema\/person\/image\/","url":"https:\/\/sportano.hu\/blog\/wp-content\/uploads\/nsl_avatars\/52d3b69495b3bb32dafd1c9e4d45ef6f.png","contentUrl":"https:\/\/sportano.hu\/blog\/wp-content\/uploads\/nsl_avatars\/52d3b69495b3bb32dafd1c9e4d45ef6f.png","caption":"Sylwia Stwora-Petela"}}]}},"_links":{"self":[{"href":"https:\/\/sportano.hu\/blog\/wp-json\/wp\/v2\/posts\/1058","targetHints":{"allow":["GET"]}}],"collection":[{"href":"https:\/\/sportano.hu\/blog\/wp-json\/wp\/v2\/posts"}],"about":[{"href":"https:\/\/sportano.hu\/blog\/wp-json\/wp\/v2\/types\/post"}],"author":[{"embeddable":true,"href":"https:\/\/sportano.hu\/blog\/wp-json\/wp\/v2\/users\/7"}],"replies":[{"embeddable":true,"href":"https:\/\/sportano.hu\/blog\/wp-json\/wp\/v2\/comments?post=1058"}],"version-history":[{"count":4,"href":"https:\/\/sportano.hu\/blog\/wp-json\/wp\/v2\/posts\/1058\/revisions"}],"predecessor-version":[{"id":3178,"href":"https:\/\/sportano.hu\/blog\/wp-json\/wp\/v2\/posts\/1058\/revisions\/3178"}],"wp:featuredmedia":[{"embeddable":true,"href":"https:\/\/sportano.hu\/blog\/wp-json\/wp\/v2\/media\/1062"}],"wp:attachment":[{"href":"https:\/\/sportano.hu\/blog\/wp-json\/wp\/v2\/media?parent=1058"}],"wp:term":[{"taxonomy":"category","embeddable":true,"href":"https:\/\/sportano.hu\/blog\/wp-json\/wp\/v2\/categories?post=1058"},{"taxonomy":"post_tag","embeddable":true,"href":"https:\/\/sportano.hu\/blog\/wp-json\/wp\/v2\/tags?post=1058"}],"curies":[{"name":"wp","href":"https:\/\/api.w.org\/{rel}","templated":true}]}}