{"id":1069,"date":"2023-01-03T13:26:13","date_gmt":"2023-01-03T13:26:13","guid":{"rendered":"https:\/\/sportano.hu\/blog\/silecek-gyantazasa-hogyan-csinaljam-magam-a-silecek-karbantartasa-a-szezon-elott-es-utan\/"},"modified":"2025-07-14T08:43:55","modified_gmt":"2025-07-14T08:43:55","slug":"silecek-gyantazasa-hogyan-csinaljam-magam-a-silecek-karbantartasa-a-szezon-elott-es-utan","status":"publish","type":"post","link":"https:\/\/sportano.hu\/blog\/silecek-gyantazasa-hogyan-csinaljam-magam-a-silecek-karbantartasa-a-szezon-elott-es-utan\/","title":{"rendered":"S\u00edl\u00e9cek gyant\u00e1z\u00e1sa: hogyan csin\u00e1ljam magam? A s\u00edl\u00e9cek karbantart\u00e1sa a szezon el\u0151tt \u00e9s ut\u00e1n"},"content":{"rendered":"<p><strong>A s\u00edl\u00e9cek viaszol\u00e1sa egy viszonylag olcs\u00f3 karbantart\u00e1si elj\u00e1r\u00e1s, amely seg\u00edthet megfelel\u0151en karbantartani a s\u00edfelszerel\u00e9s \u00e9lettartam\u00e1t, \u00e9s biztos\u00edtja a biztons\u00e1gos \u00e9s z\u00f6kken\u0151mentes s\u00edel\u00e9st, ak\u00e1r a lejt\u0151k\u00f6n s\u00edel, ak\u00e1r s\u00edk terepen mozog. Vel\u00fcnk megtanulhatja, hogyan viaszolja saj\u00e1t maga a s\u00edl\u00e9ceit, milyen t\u00edpus\u00fa zs\u00edrt haszn\u00e1ljon, \u00e9s melyik megold\u00e1s &#8211; a meleg vagy a hideg viaszol\u00e1s &#8211; a jobb.<\/strong><\/p>\n<h2>Mi\u00e9rt fontos a s\u00edl\u00e9cek viaszol\u00e1sa?<\/h2>\n<p>Ha nem viaszolja rendszeresen a s\u00edl\u00e9ceit, akkor hajlamosak lehetnek a kisz\u00e1rad\u00e1sra, \u00e9s nem fognak olyan sim\u00e1n siklani a havon. Ez negat\u00edvan befoly\u00e1solja a s\u00edel\u00e9s k\u00e9nyelm\u00e9t \u00e9s hat\u00e9konys\u00e1g\u00e1t, mivel t\u00f6bb er\u0151fesz\u00edt\u00e9st \u00e9s l\u00e1bmunk\u00e1t ig\u00e9nyel a mozg\u00e1s. Ezenk\u00edv\u00fcl a s\u00edl\u00e9cek \u00e9s a h\u00f3 k\u00f6z\u00f6tti s\u00farl\u00f3d\u00e1s nagyobb, ha nincs k\u00f6z\u00f6tt\u00fck optim\u00e1lis ken\u0151anyagr\u00e9teg, \u00e9s ez a deszk\u00e1k feletti kontroll elveszt\u00e9s\u00e9t okozhatja, \u00e9s n\u00f6velheti a baleset val\u00f3sz\u00edn\u0171s\u00e9g\u00e9t. Ha a s\u00edl\u00e9cek nem k\u00e9pesek tasz\u00edtani a vizet, akkor a h\u00f3hoz tapadnak, \u00e9s megakad\u00e1lyozz\u00e1k a szabad sikl\u00e1st. Ezenk\u00edv\u00fcl a kenetlen s\u00edl\u00e9cek hajlamosak a rozsd\u00e1sod\u00e1sra, k\u00fcl\u00f6n\u00f6sen az \u00e9leken, \u00e9s ez\u00e9rt hajlamosabbak p\u00e9ld\u00e1ul a horpad\u00e1sokra, amelyek vesz\u00e9lyesek. A s\u00edl\u00e9cek megfelel\u0151 karbantart\u00e1sa minden h\u00f3viszonyok k\u00f6z\u00f6tt jobb sikl\u00e1st biztos\u00edt, \u00edgy gyorsabban \u00e9s sim\u00e1bban s\u00edelhet. Ez megk\u00f6nny\u00edti \u00e9s kisz\u00e1m\u00edthat\u00f3bb\u00e1 teszi a fordul\u00e1st \u00e9s a s\u00edl\u00e9c kezel\u00e9s\u00e9t.<\/p>\n<h2>Milyen gyakran gyant\u00e1zzam a s\u00edl\u00e9cemet?<\/h2>\n<p>Nincsenek szigor\u00fa ir\u00e1nyelvek arra vonatkoz\u00f3an, hogy milyen gyakran kell gyant\u00e1zni a s\u00edl\u00e9ceket. Egyes s\u00edel\u0151k minden egyes s\u00edfut\u00e1s vagy s\u00edfut\u00f3p\u00e1ly\u00e1n val\u00f3 indul\u00e1s el\u0151tt gyant\u00e1zz\u00e1k a s\u00edl\u00e9c\u00fcket, m\u00edg m\u00e1sok csak szezononk\u00e9nt 1-2 alkalommal v\u00e9gzik el ezt a fajta szolg\u00e1ltat\u00e1st. A legt\u00f6bb esetben 3-5 nap s\u00edel\u00e9s ut\u00e1n j\u00f3l bev\u00e1lik a s\u00edl\u00e9cek viaszol\u00e1sa. Legal\u00e1bb egyszer &#8211; a szezon elej\u00e9n &#8211; meg kell \u0151ket gyant\u00e1zni. Ha k\u00e9ts\u00e9gei vannak, n\u00e9zze meg a s\u00edl\u00e9cek talp\u00e1t &#8211; ha &#8222;sz\u00e1raznak&#8221; t\u0171nik (elsz\u00ednez\u0151d\u00e9sek vagy sz\u00fcrke foltok l\u00e1that\u00f3ak), \u00e9rdes tapint\u00e1s\u00fanak t\u0171nik, \u00e9s a s\u00edl\u00e9cek lassabban mennek, \u00e9rdemes id\u0151t sz\u00e1nni a gyant\u00e1z\u00e1sra. A s\u00edl\u00e9cek \u00fajraken\u00e9s\u00e9nek sz\u00fcks\u00e9gess\u00e9g\u00e9t olyan t\u00e9nyez\u0151k befoly\u00e1solj\u00e1k, mint p\u00e9ld\u00e1ul:<\/p>\n<ul class=\"parent-of-p\">\n<li>a s\u00edel\u00e9s gyakoris\u00e1ga &#8211; ha hossz\u00fa sz\u00fcneteket tart a s\u00edp\u00e1lyal\u00e1togat\u00e1sok k\u00f6z\u00f6tt, a s\u00edl\u00e9cek kisz\u00e1radhatnak, \u00e9s viaszol\u00e1sra szorulhatnak, miel\u0151tt \u00fajra a s\u00edterepre indulna;<\/li>\n<\/ul>\n<ul class=\"parent-of-p\">\n<li>a talp t\u00edpusa &#8211; ha szinterezett talpakat haszn\u00e1l, akkor azok gyakrabban ig\u00e9nyelnek viaszol\u00e1st, mint a pr\u00e9selt talpak, mivel por\u00f3zus szerkezet\u00fck miatt t\u00f6bb viaszt vesz\u00edtenek s\u00edel\u00e9s k\u00f6zben;<\/li>\n<\/ul>\n<ul class=\"parent-of-p\">\n<li>A h\u0151m\u00e9rs\u00e9klet \u00e9s a h\u00f3viszonyok v\u00e1ltoz\u00e1sa &#8211; a viaszokat meghat\u00e1rozott h\u0151m\u00e9rs\u00e9kleti tartom\u00e1nyok figyelembev\u00e9tel\u00e9vel gy\u00e1rtj\u00e1k, \u00edgy ha a h\u0151m\u00e9rs\u00e9klet vagy a friss h\u00f3 mennyis\u00e9ge nagym\u00e9rt\u00e9kben ingadozik, \u00e9rdemes elgondolkodni a s\u00edl\u00e9cek karbantart\u00e1s\u00e1n. Ha melegebb k\u00f6r\u00fclm\u00e9nyek k\u00f6z\u00f6tt s\u00edel, ritk\u00e1bban kell gyant\u00e1znia, mint a nagyon hidegben s\u00edel\u0151 s\u00edel\u0151knek;<\/li>\n<\/ul>\n<ul class=\"parent-of-p\">\n<li>a terep, amelyen s\u00edel &#8211; ha j\u00e9gdarabokkal vagy gy\u00f6kerekkel teli, szikl\u00e1s terepen s\u00edelt (p\u00e9ld\u00e1ul freeride), ez j\u00f3 ok arra, hogy \u00fajra kenje a s\u00edl\u00e9ceit, hogy elker\u00fclje a tov\u00e1bbi s\u00e9r\u00fcl\u00e9seket. A porhavas s\u00edel\u00e9s is gyakoribb gyant\u00e1z\u00e1st ig\u00e9nyel.<\/li>\n<\/ul>\n<h4>Sz\u00fcks\u00e9g van az \u00faj s\u00edl\u00e9cek viaszol\u00e1s\u00e1ra?<\/h4>\n<p>Gyakranel\u0151fordul, hogy az \u00faj s\u00edl\u00e9cek m\u00e1r megfelel\u0151en viaszoltak, ez\u00e9rt az els\u0151 haszn\u00e1lat el\u0151tt nincs sz\u00fcks\u00e9g\u00fck erre a kezel\u00e9sre. Ha azonban bizonytalan ebben, b\u00e1rmikor \u00fajra viaszolhatja \u0151ket, hogy n\u00f6velje a teljes\u00edtm\u00e9ny\u00fcket. Ha haszn\u00e1lt s\u00edl\u00e9cet v\u00e1s\u00e1rol, akkor haszn\u00e1lat el\u0151tt ken\u00e9sre van sz\u00fcks\u00e9g, mivel nem tudhatja, hogy az el\u0151z\u0151 tulajdonos mikor v\u00e9gezte el ezt a fajta karbantart\u00e1st.<\/p>\n<h4>S\u00edl\u00e9cek gyant\u00e1z\u00e1sa &#8211; csin\u00e1ld magad, vagy szervizeld?<\/h4>\n<p>Ha megtanulod, hogyan kenheted meg a s\u00edl\u00e9ceket magad, az egy hasznos k\u00e9szs\u00e9g, amellyel p\u00e9nzt takar\u00edthatsz meg a szezon sor\u00e1n. K\u00fcl\u00f6n\u00f6sen, ha alapvet\u0151 szervizel\u00e9sr\u0151l van sz\u00f3. Sz\u00fcks\u00e9ged lesz a megfelel\u0151 felszerel\u00e9sre \u00e9s technik\u00e1ra (err\u0151l b\u0151vebben k\u00e9s\u0151bb ebben az \u00fatmutat\u00f3ban).<\/p>\n<p>Ha a s\u00edl\u00e9ce rozsd\u00e1s, komolyabb s\u00e9r\u00fcl\u00e9sekkel rendelkezik, nincsenek meg a megfelel\u0151 eszk\u00f6zei a s\u00edl\u00e9c karbantart\u00e1s\u00e1hoz, vagy ha \u00d6n szabadid\u0151s s\u00edel\u0151, k\u00e9rje szakember seg\u00edts\u00e9g\u00e9t.<\/p>\n<p><img loading=\"lazy\" decoding=\"async\" class=\"attachment-large alignnone\" src=\"http:\/\/sportano.hu\/blog\/wp-content\/uploads\/2023\/01\/gdi-63b42cf7a42e7.png\" alt=\"A k\u00e9pen egy szem\u00e9ly s\u00edl\u00e9ceket \u00e1pol egy s\u00e1rga viaszol\u00f3 eszk\u00f6zzel\" width=\"816\" height=\"426\" \/><\/p>\n<h2>A s\u00edl\u00e9cek ken\u0151anyagt\u00edpusai &#8211; mivel kenj\u00fck a s\u00edl\u00e9ceket?<\/h2>\n<p>A piacon k\u00fcl\u00f6nb\u00f6z\u0151 t\u00edpus\u00fa, hossz\u00fa \u00e9lettartam\u00fa ken\u0151anyagok vannak forgalomban az adott k\u00f6r\u00fclm\u00e9nyekhez. A megfelel\u0151 term\u00e9k v\u00e9gs\u0151 kiv\u00e1laszt\u00e1sa att\u00f3l f\u00fcgg, hogy milyen t\u00edpus\u00fa s\u00edel\u00e9st folytat \u00e9s milyen k\u00f6r\u00fclm\u00e9nyek k\u00f6z\u00f6tt s\u00edel. A s\u00edkos ken\u0151anyagok feloszt\u00e1s\u00e1nak egyik krit\u00e9riuma az a h\u0151m\u00e9rs\u00e9klettartom\u00e1ny, amelyben teljes\u00edtenek:<\/p>\n<ul class=\"parent-of-p\">\n<li>univerz\u00e1lis &#8211; sz\u00e9les h\u0151m\u00e9rs\u00e9kleti tartom\u00e1nyban alkalmazhat\u00f3;<\/li>\n<\/ul>\n<ul class=\"parent-of-p\">\n<li>meghat\u00e1rozott h\u0151m\u00e9rs\u00e9kletre sz\u00e1nt &#8211; sz\u00ednk\u00f3dolhat\u00f3, az adott sz\u00ednhez tartoz\u00f3 h\u0151m\u00e9rs\u00e9kleti tartom\u00e1nyt a gy\u00e1rt\u00f3 a csomagol\u00e1son jelzi.<\/li>\n<\/ul>\n<h3>A s\u00edel\u0151zs\u00edr t\u00edpusai alkalmaz\u00e1s szerint<\/h3>\n<p>Rendeltet\u00e9s\u00fck alapj\u00e1n a s\u00edl\u00e9cek ken\u0151anyagai a k\u00f6vetkez\u0151kre oszthat\u00f3k:<\/p>\n<ul class=\"parent-of-p\">\n<li>sikl\u00e1s &#8211; a s\u00edfut\u00e1sban, lesikl\u00e1sban, alpesi s\u00edel\u00e9sben \u00e9s snowboardoz\u00e1sban haszn\u00e1latos. Kiv\u00e1l\u00f3 sikl\u00e1si tulajdons\u00e1gokat biztos\u00edtanak, mivel hat\u00e9konyan vezetik el a vizet a s\u00edl\u00e9c al\u00f3l;<\/li>\n<\/ul>\n<ul class=\"parent-of-p\">\n<li>tart\u00e1s &#8211; az \u00fagynevezett f\u00e9kzs\u00edrt vagy ragaszt\u00f3t a s\u00edfut\u00f3k haszn\u00e1lj\u00e1k, akik a korcsoly\u00e1z\u00f3 st\u00edlust r\u00e9szes\u00edtik el\u0151nyben. J\u00f3 tapad\u00e1st biztos\u00edtanak a talajon. Ezenk\u00edv\u00fcl k\u00fcl\u00f6nbs\u00e9get tesznek a grip (friss h\u00f3hoz), a klisters (t\u00f6bb napos fagyott h\u00f3hoz) \u00e9s a grip tape (a visszapattan\u00e1sra felvitt ken\u0151anyag) k\u00f6z\u00f6tt.<\/li>\n<\/ul>\n<h3>A s\u00edl\u00e9cek ken\u0151anyagt\u00edpusai aggreg\u00e1ci\u00f3s \u00e1llapot szerint<\/h3>\n<p>A s\u00edl\u00e9cek ken\u0151anyagai lehetnek a k\u00f6vetkez\u0151k:<\/p>\n<ul class=\"parent-of-p\">\n<li>kocka vagy t\u00f6mb &#8211; f\u0151leg lesikl\u00f3k haszn\u00e1lj\u00e1k. A viaszt vasal\u00f3val olvasztj\u00e1k a s\u00edl\u00e9cre, majd lekaparj\u00e1k \u00e9s felkenik. Ez m\u00e9lyen behatol a p\u00f3rusokba, \u00e9s tart\u00f3sabb\u00e1 teszi, de hosszabb ideig tart a felvitele, \u00e9s kicsit t\u00f6bb munk\u00e1t ig\u00e9nyel.<\/li>\n<\/ul>\n<div class=\"yt-oembed\"><p><iframe loading=\"lazy\" title=\"How to apply glide wax on your skis | Pro by Swix\" width=\"500\" height=\"281\" src=\"https:\/\/www.youtube.com\/embed\/IAMnWugdISc?feature=oembed\" frameborder=\"0\" allow=\"accelerometer; autoplay; clipboard-write; encrypted-media; gyroscope; picture-in-picture; web-share\" referrerpolicy=\"strict-origin-when-cross-origin\" allowfullscreen><\/iframe><\/p><\/div>\n<ul class=\"parent-of-p\">\n<li>spray (aeroszol) &#8211; els\u0151sorban a lejt\u0151n vagy a p\u00e1ly\u00e1n t\u00f6rt\u00e9n\u0151 utols\u00f3 pillanatban t\u00f6rt\u00e9n\u0151 jav\u00edt\u00e1shoz;<\/li>\n<\/ul>\n<div class=\"yt-oembed\"><p><iframe loading=\"lazy\" title=\"Nordic: Waxing of the grip zone using Klisterspray\" width=\"500\" height=\"281\" src=\"https:\/\/www.youtube.com\/embed\/sPK-SzB3Zo8?feature=oembed\" frameborder=\"0\" allow=\"accelerometer; autoplay; clipboard-write; encrypted-media; gyroscope; picture-in-picture; web-share\" referrerpolicy=\"strict-origin-when-cross-origin\" allowfullscreen><\/iframe><\/p><\/div>\n<ul class=\"parent-of-p\">\n<li>foly\u00e9kony &#8211; \u00e1ltal\u00e1ban hidegen alkalmazz\u00e1k. J\u00f3l m\u0171k\u00f6dik gyors kiszolg\u00e1l\u00e1shoz a lejt\u0151n vagy a p\u00e1ly\u00e1n val\u00f3 \u00fcl\u00e9s k\u00f6zben;<\/li>\n<\/ul>\n<div class=\"yt-oembed\"><p><iframe loading=\"lazy\" title=\"Alpine: Easy ski care using Express Wax\" width=\"500\" height=\"281\" src=\"https:\/\/www.youtube.com\/embed\/rBmFxH3BUOw?feature=oembed\" frameborder=\"0\" allow=\"accelerometer; autoplay; clipboard-write; encrypted-media; gyroscope; picture-in-picture; web-share\" referrerpolicy=\"strict-origin-when-cross-origin\" allowfullscreen><\/iframe><\/p><\/div>\n<ul class=\"parent-of-p\">\n<li>paszta &#8211; \u00e1ltal\u00e1ban kisebb hidegjav\u00edt\u00e1sokra sz\u00e1nt\u00e1k, amikor a s\u00edl\u00e9cek kezdenek megtagadni az engedelmess\u00e9get, \u00e9s egy\u00e9rtelm\u0171en \u00e9rezni lehet, hogy a s\u00edel\u00e9s s\u00edk terepen vagy alacsony lejt\u0151n egyre nagyobb er\u0151fesz\u00edt\u00e9st ig\u00e9nyel.<\/li>\n<\/ul>\n<div class=\"yt-oembed\"><p><iframe loading=\"lazy\" title=\"HOLMENKOL Easy Wax: Natural Skiwax Fluid\" width=\"500\" height=\"375\" src=\"https:\/\/www.youtube.com\/embed\/ha9qQSWK8No?feature=oembed\" frameborder=\"0\" allow=\"accelerometer; autoplay; clipboard-write; encrypted-media; gyroscope; picture-in-picture; web-share\" referrerpolicy=\"strict-origin-when-cross-origin\" allowfullscreen><\/iframe><\/p><\/div>\n<h3>A ken\u0151anyagok t\u00edpusai k\u00e9miai \u00f6sszet\u00e9tel szerint<\/h3>\n<p>A s\u00edken\u0151anyagok gy\u00e1rthat\u00f3k paraffin vagy fluor alapon. K\u00fcl\u00f6nbs\u00e9get kell tenni a k\u00f6vetkez\u0151k k\u00f6z\u00f6tt:<\/p>\n<ul class=\"parent-of-p\">\n<li>sz\u00e9nhidrog\u00e9n zs\u00edrok &#8211; paraffinb\u00f3l k\u00e9sz\u00fclnek. K\u00fcl\u00f6nb\u00f6z\u0151 h\u0151m\u00e9rs\u00e9kleteken \u00e9s minden s\u00edel\u00e9si szinten j\u00f3l m\u0171k\u00f6dnek;<\/li>\n<\/ul>\n<ul class=\"parent-of-p\">\n<li>Fluorzs\u00edrok &#8211; tov\u00e1bbi feloszt\u00e1suk szerint alacsony, k\u00f6zepes (alacsony h\u0151m\u00e9rs\u00e9kleten \u00e9s alacsony p\u00e1ratartalom mellett a legjobb) \u00e9s magas fluortartalm\u00fa zs\u00edrok (magasabb h\u0151m\u00e9rs\u00e9kleten \u00e9s magas p\u00e1ratartalom mellett alkalmasak), valamint \u00fagynevezett cera (100% fluor).<\/li>\n<\/ul>\n<h3>Ken\u0151felszerel\u00e9s &#8211; mi sz\u00fcks\u00e9ges a s\u00edl\u00e9cek szervizel\u00e9s\u00e9hez?<\/h3>\n<p>A s\u00edl\u00e9ceket egy komplett deszkaviasz k\u00e9szlet seg\u00edts\u00e9g\u00e9vel szervizelheti, \u00edgy biztos lehet a megfelel\u0151 illeszked\u00e9sben. Alternat\u00edvak\u00e9nt haszn\u00e1lhatja az al\u00e1bbi, alapvet\u0151 fontoss\u00e1g\u00fa dolgokat tartalmaz\u00f3 ellen\u0151rz\u0151 list\u00e1t is:<\/p>\n<ul class=\"parent-of-p\">\n<li>egy szor\u00edt\u00f3szekr\u00e9ny &#8211; ez egy helyzetben tartja a s\u00edl\u00e9ceket;<\/li>\n<\/ul>\n<ul class=\"parent-of-p\">\n<li>s\u00edvasal\u00f3 (vagy egy r\u00e9gi ruhavasal\u00f3);<\/li>\n<\/ul>\n<ul class=\"parent-of-p\">\n<li>Nylon vagy r\u00e9zkefe;<\/li>\n<\/ul>\n<ul class=\"parent-of-p\">\n<li>m\u0171anyag kapar\u00f3 vagy s\u00farol\u00f3;<\/li>\n<\/ul>\n<ul class=\"parent-of-p\">\n<li>puha pamut vagy mikrosz\u00e1las kend\u0151;<\/li>\n<\/ul>\n<ul class=\"parent-of-p\">\n<li>a fog\u00f3 alj\u00e1nak v\u00e9delme (pl. f\u00f3lia, amelyre a felesleges zs\u00edr r\u00e1esik);<\/li>\n<\/ul>\n<ul class=\"parent-of-p\">\n<li>t\u00f6bbc\u00e9l\u00fa zsirad\u00e9k vagy m\u00e1s s\u00edl\u00e9czs\u00edr.<\/li>\n<\/ul>\n<h2>Hogyan viaszoljam a s\u00edl\u00e9cemet?<\/h2>\n<p>A s\u00edl\u00e9ceket k\u00e9tf\u00e9lek\u00e9ppen lehet gyant\u00e1zni: forr\u00f3 viasz (nagyon hat\u00e9kony \u00e9s tart\u00f3s, de id\u0151ig\u00e9nyes) vagy hideg viasz (nekem tart\u00f3s, alkalmas gyors szervizel\u00e9sre a p\u00e1ly\u00e1n).<\/p>\n<p><img loading=\"lazy\" decoding=\"async\" class=\"attachment-large alignnone\" src=\"http:\/\/sportano.hu\/blog\/wp-content\/uploads\/2023\/01\/gdi-63b42cf93daf0.png\" alt=\"F\u00e9rfi s\u00edl\u00e9ceket jav\u00edt, hogy felk\u00e9sz\u00edtse \u0151ket a szezonra\" width=\"816\" height=\"426\" \/><\/p>\n<h3>S\u00edl\u00e9cek forr\u00f3 ken\u00e9se<\/h3>\n<p><strong>Fontos: <\/strong><\/p>\n<p>1. Pr\u00f3b\u00e1lja meg a gyant\u00e1z\u00e1s el\u0151tti napon\/\u00e9jszaka meleg helyis\u00e9gbe vinni a s\u00edl\u00e9cet.<\/p>\n<p>2. Ha hagyom\u00e1nyos vasal\u00f3t haszn\u00e1lsz a viaszol\u00e1shoz, l\u00e9gy \u00f3vatos a h\u0151m\u00e9rs\u00e9klettel! A legjobb, ha olyan h\u0151m\u00e9rs\u00e9kletet v\u00e1laszt, mint a gyapj\u00fa\/selyem ruh\u00e1k vasal\u00e1sakor.<\/p>\n<p>Ha k\u00f6veti az al\u00e1bbi l\u00e9p\u00e9seket, \u00e9s nagyon \u00f3vatos, a s\u00edl\u00e9cek saj\u00e1t maga t\u00f6rt\u00e9n\u0151 viaszol\u00e1sa nem okozhat gondot.<\/p>\n<ol class=\"parent-of-p\" start=\"1\">\n<li>R\u00f6gz\u00edtse a s\u00edl\u00e9cet egy szor\u00edt\u00f3ba \u00fagy, hogy a talp felfel\u00e9 n\u00e9zzen, \u00e9s ne cs\u00fasszon el.<\/li>\n<\/ol>\n<ol class=\"parent-of-p\" start=\"2\">\n<li>\u00c1ll\u00edtsa be a vasal\u00f3t megfelel\u0151 h\u0151m\u00e9rs\u00e9kletre, \u00e9s meleg\u00edtse el\u0151.<\/li>\n<\/ol>\n<ol class=\"parent-of-p\" start=\"3\">\n<li>Tiszt\u00edtsa meg \u00e9s sz\u00e1r\u00edtsa meg a s\u00edl\u00e9c alj\u00e1t mikrosz\u00e1las kend\u0151vel.<\/li>\n<\/ol>\n<ol class=\"parent-of-p\" start=\"4\">\n<li>A durv\u00e1bb szennyez\u0151d\u00e9sek elt\u00e1vol\u00edt\u00e1s\u00e1hoz haszn\u00e1ljon kef\u00e9t. Alaposan tiszt\u00edtsa meg a reped\u00e9seket \u00e9s a p\u00f3rusokat is. Ha sz\u00fcks\u00e9ges, \u00f3vatosan haszn\u00e1ljon csiszol\u00f3pap\u00edrt, majd ragaszt\u00f3szalagot, hogy leh\u00fazza a marad\u00e9k r\u00e9szecsk\u00e9ket \u00e9s port. Csak egy ir\u00e1nyban kef\u00e9ljen a s\u00edl\u00e9c ment\u00e9n &#8211; el\u00f6lr\u0151l h\u00e1trafel\u00e9.<\/li>\n<\/ol>\n<ol class=\"parent-of-p\" start=\"5\">\n<li>Tartsa az alap ken\u0151anyagot a vasal\u00f3hoz, hogy az megpuhuljon \u00e9s elkezdjen folyni a vasal\u00f3 ment\u00e9n.<\/li>\n<\/ol>\n<ol class=\"parent-of-p\" start=\"6\">\n<li>Kezdje el a vasal\u00f3t el\u0151re-h\u00e1tra mozgatni a s\u00edl\u00e9c ment\u00e9n (a hegy\u00e9t\u0151l a hegy\u00e9ig), hogy a viasz egyenletesen cs\u00f6p\u00f6gj\u00f6n az alapra. (Alternat\u00edv megold\u00e1sk\u00e9nt a forr\u00f3 viaszt egyenletesen eloszlathatja a cs\u00fasz\u00f3s\u00edkon, majd a vasal\u00f3val v\u00e9gigfuttathatja rajta).<\/li>\n<\/ol>\n<ol class=\"parent-of-p\" start=\"7\">\n<li>Lass\u00fa mozdulatokkal, a forr\u00f3 vasal\u00f3val kenje fel a viaszt a s\u00edl\u00e9cre (a s\u00edl\u00e9c hegy\u00e9t\u0151l t\u00e1volodva). Ker\u00fclje a vasal\u00f3 hossz\u00fa ideig t\u00f6rt\u00e9n\u0151 egy helyben tart\u00e1s\u00e1t.<\/li>\n<\/ol>\n<ol class=\"parent-of-p\" start=\"8\">\n<li>V\u00e1rja meg, am\u00edg az els\u0151 r\u00e9teg ken\u0151anyag megsz\u00e1rad (ez k\u00f6r\u00fclbel\u00fcl egy \u00f3r\u00e1t vesz ig\u00e9nybe).<\/li>\n<\/ol>\n<ol class=\"parent-of-p\" start=\"9\">\n<li>Egy m\u0171anyag kapar\u00f3val egyenletesen sim\u00edtsa el az els\u0151 viaszr\u00e9teget.<\/li>\n<\/ol>\n<ol class=\"parent-of-p\" start=\"10\">\n<li>Ism\u00e9telje meg a ken\u00e9si l\u00e9p\u00e9seket legal\u00e1bb m\u00e9g egyszer az aktu\u00e1lis zs\u00edrral.<\/li>\n<\/ol>\n<ol class=\"parent-of-p\" start=\"11\">\n<li>Hagyja megsz\u00e1radni a k\u00f6vetkez\u0151 r\u00e9tegeket (legal\u00e1bb 4 \u00f3ra).<\/li>\n<\/ol>\n<ol class=\"parent-of-p\" start=\"12\">\n<li>Ezut\u00e1n t\u00e1vol\u00edtsa el a felesleges term\u00e9ket a sz\u00e9lekt\u0151l kezdve a s\u00edl\u00e9c elej\u00e9t\u0151l a h\u00e1tulja fel\u00e9 haladva, am\u00edg a fel\u00fclet sima \u00e9s lapos nem lesz.<\/li>\n<\/ol>\n<ol class=\"parent-of-p\" start=\"13\">\n<li>Er\u0151teljesen kef\u00e9lje \u00e1t a s\u00edl\u00e9c alj\u00e1t, \u00e9s egy ronggyal t\u00f6r\u00f6lje le a marad\u00e9kot. Semmi sem tapadhat a s\u00edl\u00e9c fel\u00fclet\u00e9hez.<\/li>\n<\/ol>\n<h3>S\u00edl\u00e9cek hideg viaszol\u00e1sa<\/h3>\n<p>Ezt \u00e1ltal\u00e1ban spray, paszta vagy foly\u00e9kony s\u00edzs\u00edrral v\u00e9gzik. Ez egy ad-hoc megold\u00e1s arra az esetre, ha r\u00f6vid id\u0151n bel\u00fcl gyors teljes\u00edtm\u00e9nyn\u00f6vel\u00e9sre van sz\u00fcks\u00e9ge, de nincs lehet\u0151s\u00e9ge a forr\u00f3 gyant\u00e1z\u00e1sra. Egyszer\u0171en kenje fel a kiv\u00e1lasztott ken\u0151anyagot a gy\u00e1rt\u00f3 aj\u00e1nl\u00e1sainak megfelel\u0151en a t\u00e1rgylemezek fel\u00fclet\u00e9re, majd a keletkez\u0151 filmet parafa vagy erre a c\u00e9lra szolg\u00e1l\u00f3 ecset seg\u00edts\u00e9g\u00e9vel sim\u00edtsa el. Fontos: a hideg s\u00edl\u00e9c ken\u0151anyag felhord\u00e1sa el\u0151tt a r\u00e9gi zs\u00edrt r\u00e9zkef\u00e9vel vagy erre a c\u00e9lra szolg\u00e1l\u00f3 k\u00e9sz\u00edtm\u00e9ny seg\u00edts\u00e9g\u00e9vel el kell t\u00e1vol\u00edtani.<\/p>\n<p><img loading=\"lazy\" decoding=\"async\" class=\"attachment-large alignnone\" src=\"http:\/\/sportano.hu\/blog\/wp-content\/uploads\/2023\/01\/gdi-63b42cfaec3cd.png\" alt=\"Egy n\u0151 seg\u00edt egy f\u00e9rfinak a s\u00edl\u00e9cek karbantart\u00e1s\u00e1ban a havas udvaron\" width=\"816\" height=\"426\" \/><\/p>\n<h4>Kell-e a s\u00edl\u00e9cet a t\u00e9li szezon ut\u00e1n gyant\u00e1zni?<\/h4>\n<p>A s\u00edszezon ut\u00e1n egy friss zs\u00edrr\u00e9teg felvitele megfelel\u0151 v\u00e9delmet ny\u00fajt a s\u00e9r\u00fcl\u00e9sek ellen, \u00e9s t\u00f6bbek k\u00f6z\u00f6tt megakad\u00e1lyozza a rozsda kialakul\u00e1s\u00e1t. A kenhet\u0151 s\u00edl\u00e9cek kev\u00e9sb\u00e9 hajlamosak az oxid\u00e1ci\u00f3ra a ny\u00e1ri h\u00f3napokban, \u00edgy nem sz\u00e1radnak ki (k\u00fcl\u00f6n\u00f6sen a cs\u00fasz\u00f3k gy\u00e1rt\u00e1s\u00e1hoz haszn\u00e1lt polietil\u00e9n), tov\u00e1bb tartanak, \u00e9s hosszabb ideig meg\u0151rzik magas cs\u00fasz\u00e1si tulajdons\u00e1gaikat. Ne feledje, hogy miel\u0151tt a s\u00edl\u00e9ceket t\u00e1rol\u00e1sra adja, tiszt\u00edtsa meg \u0151ket a szennyez\u0151d\u00e9sekt\u0151l (egy puha szivacs, meleg v\u00edz \u00e9s egy enyhe mosogat\u00f3szer, p\u00e9ld\u00e1ul mosogat\u00f3szer elegend\u0151), szabaduljon meg a r\u00e9gi zs\u00edrt\u00f3l, \u00e9s v\u00e9gezze el a karbantart\u00e1st megfelel\u0151 forr\u00f3 zs\u00edrral (kapar\u00e1s n\u00e9lk\u00fcl). A s\u00edl\u00e9ceket a t\u00e1rol\u00e1s idej\u00e9re konzerv\u00e1l\u00f3 zsirad\u00e9kkal kenheti be (ez v\u00e9d\u0151 tulajdons\u00e1gokkal rendelkezik, nem a lovagl\u00e1shoz).<\/p>\n<div class=\"yt-oembed\"><p><iframe loading=\"lazy\" title=\"How to clean your skis\" width=\"500\" height=\"281\" src=\"https:\/\/www.youtube.com\/embed\/sPJFtIYMnkY?feature=oembed\" frameborder=\"0\" allow=\"accelerometer; autoplay; clipboard-write; encrypted-media; gyroscope; picture-in-picture; web-share\" referrerpolicy=\"strict-origin-when-cross-origin\" allowfullscreen><\/iframe><\/p><\/div>\n<p>Ak\u00e1r most kezd s\u00edelni, ak\u00e1r \u00e9vek \u00f3ta rendszeresen j\u00e1r s\u00edterepekre, frissen zs\u00edrozott s\u00edl\u00e9ceken szeretne cs\u00faszni. \u00c9rdemes megjegyezni, hogy a s\u00edl\u00e9cek megfelel\u0151 karbantart\u00e1sa a szezon el\u0151tt, alatt \u00e9s ut\u00e1n is fontos a felszerel\u00e9s hossz\u00fa \u00e9lettartama szempontj\u00e1b\u00f3l, de az\u00e9rt is, hogy a k\u00fcl\u00f6nb\u00f6z\u0151 h\u0151m\u00e9rs\u00e9kleteken \u00e9s h\u00f3viszonyok k\u00f6z\u00f6tt is \u00e9lvezhesse a s\u00edel\u00e9st.<\/p>\n","protected":false},"excerpt":{"rendered":"<p>A s\u00edl\u00e9cek viaszol\u00e1sa egy viszonylag olcs\u00f3 karbantart\u00e1si elj\u00e1r\u00e1s, amely seg\u00edthet megfelel\u0151en karbantartani a s\u00edfelszerel\u00e9s \u00e9lettartam\u00e1t, \u00e9s biztos\u00edtja a biztons\u00e1gos \u00e9s z\u00f6kken\u0151mentes s\u00edel\u00e9st, ak\u00e1r a lejt\u0151k\u00f6n s\u00edel, ak\u00e1r s\u00edk terepen mozog. Vel\u00fcnk megtanulhatja, hogyan viaszolja saj\u00e1t maga a s\u00edl\u00e9ceit, milyen t\u00edpus\u00fa zs\u00edrt haszn\u00e1ljon, \u00e9s melyik megold\u00e1s &#8211; a meleg vagy a hideg viaszol\u00e1s &#8211; a jobb. [&hellip;]<\/p>\n","protected":false},"author":7,"featured_media":1075,"comment_status":"closed","ping_status":"closed","sticky":false,"template":"","format":"standard","meta":{"_acf_changed":false,"footnotes":""},"categories":[44],"tags":[],"class_list":["post-1069","post","type-post","status-publish","format-standard","has-post-thumbnail","hentry","category-teli-sportok"],"acf":[],"yoast_head":"<!-- This site is optimized with the Yoast SEO plugin v27.1.1 - https:\/\/yoast.com\/product\/yoast-seo-wordpress\/ -->\n<title>S\u00edl\u00e9cek gyant\u00e1z\u00e1sa: hogyan csin\u00e1ljam magam? A s\u00edl\u00e9cek karbantart\u00e1sa a szezon el\u0151tt \u00e9s ut\u00e1n - Sportano.hu Blog<\/title>\n<meta name=\"robots\" content=\"index, follow, max-snippet:-1, max-image-preview:large, max-video-preview:-1\" \/>\n<link rel=\"canonical\" href=\"https:\/\/sportano.hu\/blog\/silecek-gyantazasa-hogyan-csinaljam-magam-a-silecek-karbantartasa-a-szezon-elott-es-utan\/\" \/>\n<meta property=\"og:locale\" content=\"hu_HU\" \/>\n<meta property=\"og:type\" content=\"article\" \/>\n<meta property=\"og:title\" content=\"S\u00edl\u00e9cek gyant\u00e1z\u00e1sa: hogyan csin\u00e1ljam magam? A s\u00edl\u00e9cek karbantart\u00e1sa a szezon el\u0151tt \u00e9s ut\u00e1n - Sportano.hu Blog\" \/>\n<meta property=\"og:description\" content=\"A s\u00edl\u00e9cek viaszol\u00e1sa egy viszonylag olcs\u00f3 karbantart\u00e1si elj\u00e1r\u00e1s, amely seg\u00edthet megfelel\u0151en karbantartani a s\u00edfelszerel\u00e9s \u00e9lettartam\u00e1t, \u00e9s biztos\u00edtja a biztons\u00e1gos \u00e9s z\u00f6kken\u0151mentes s\u00edel\u00e9st, ak\u00e1r a lejt\u0151k\u00f6n s\u00edel, ak\u00e1r s\u00edk terepen mozog. Vel\u00fcnk megtanulhatja, hogyan viaszolja saj\u00e1t maga a s\u00edl\u00e9ceit, milyen t\u00edpus\u00fa zs\u00edrt haszn\u00e1ljon, \u00e9s melyik megold\u00e1s &#8211; a meleg vagy a hideg viaszol\u00e1s &#8211; a jobb. [&hellip;]\" \/>\n<meta property=\"og:url\" content=\"https:\/\/sportano.hu\/blog\/silecek-gyantazasa-hogyan-csinaljam-magam-a-silecek-karbantartasa-a-szezon-elott-es-utan\/\" \/>\n<meta property=\"article:published_time\" content=\"2023-01-03T13:26:13+00:00\" \/>\n<meta property=\"article:modified_time\" content=\"2025-07-14T08:43:55+00:00\" \/>\n<meta property=\"og:image\" content=\"http:\/\/sportano.hu\/blog\/wp-content\/uploads\/2023\/01\/gdi-63b42cfcabf38.png\" \/>\n\t<meta property=\"og:image:width\" content=\"816\" \/>\n\t<meta property=\"og:image:height\" content=\"426\" \/>\n\t<meta property=\"og:image:type\" content=\"image\/png\" \/>\n<meta name=\"author\" content=\"Sylwia Stwora-Petela\" \/>\n<meta name=\"twitter:card\" content=\"summary_large_image\" \/>\n<meta name=\"twitter:label1\" content=\"Szerz\u0151:\" \/>\n\t<meta name=\"twitter:data1\" content=\"Sylwia Stwora-Petela\" \/>\n\t<meta name=\"twitter:label2\" content=\"Becs\u00fclt olvas\u00e1si id\u0151\" \/>\n\t<meta name=\"twitter:data2\" content=\"10 perc\" \/>\n<!-- \/ Yoast SEO plugin. -->","yoast_head_json":{"title":"S\u00edl\u00e9cek gyant\u00e1z\u00e1sa: hogyan csin\u00e1ljam magam? A s\u00edl\u00e9cek karbantart\u00e1sa a szezon el\u0151tt \u00e9s ut\u00e1n - Sportano.hu Blog","robots":{"index":"index","follow":"follow","max-snippet":"max-snippet:-1","max-image-preview":"max-image-preview:large","max-video-preview":"max-video-preview:-1"},"canonical":"https:\/\/sportano.hu\/blog\/silecek-gyantazasa-hogyan-csinaljam-magam-a-silecek-karbantartasa-a-szezon-elott-es-utan\/","og_locale":"hu_HU","og_type":"article","og_title":"S\u00edl\u00e9cek gyant\u00e1z\u00e1sa: hogyan csin\u00e1ljam magam? A s\u00edl\u00e9cek karbantart\u00e1sa a szezon el\u0151tt \u00e9s ut\u00e1n - Sportano.hu Blog","og_description":"A s\u00edl\u00e9cek viaszol\u00e1sa egy viszonylag olcs\u00f3 karbantart\u00e1si elj\u00e1r\u00e1s, amely seg\u00edthet megfelel\u0151en karbantartani a s\u00edfelszerel\u00e9s \u00e9lettartam\u00e1t, \u00e9s biztos\u00edtja a biztons\u00e1gos \u00e9s z\u00f6kken\u0151mentes s\u00edel\u00e9st, ak\u00e1r a lejt\u0151k\u00f6n s\u00edel, ak\u00e1r s\u00edk terepen mozog. Vel\u00fcnk megtanulhatja, hogyan viaszolja saj\u00e1t maga a s\u00edl\u00e9ceit, milyen t\u00edpus\u00fa zs\u00edrt haszn\u00e1ljon, \u00e9s melyik megold\u00e1s &#8211; a meleg vagy a hideg viaszol\u00e1s &#8211; a jobb. [&hellip;]","og_url":"https:\/\/sportano.hu\/blog\/silecek-gyantazasa-hogyan-csinaljam-magam-a-silecek-karbantartasa-a-szezon-elott-es-utan\/","article_published_time":"2023-01-03T13:26:13+00:00","article_modified_time":"2025-07-14T08:43:55+00:00","og_image":[{"width":816,"height":426,"url":"http:\/\/sportano.hu\/blog\/wp-content\/uploads\/2023\/01\/gdi-63b42cfcabf38.png","type":"image\/png"}],"author":"Sylwia Stwora-Petela","twitter_card":"summary_large_image","twitter_misc":{"Szerz\u0151:":"Sylwia Stwora-Petela","Becs\u00fclt olvas\u00e1si id\u0151":"10 perc"},"schema":{"@context":"https:\/\/schema.org","@graph":[{"@type":"Article","@id":"https:\/\/sportano.hu\/blog\/silecek-gyantazasa-hogyan-csinaljam-magam-a-silecek-karbantartasa-a-szezon-elott-es-utan\/#article","isPartOf":{"@id":"https:\/\/sportano.hu\/blog\/silecek-gyantazasa-hogyan-csinaljam-magam-a-silecek-karbantartasa-a-szezon-elott-es-utan\/"},"author":{"name":"Sylwia Stwora-Petela","@id":"https:\/\/sportano.hu\/blog\/#\/schema\/person\/71cc03e69d6c63d290e6365378f2deab"},"headline":"S\u00edl\u00e9cek gyant\u00e1z\u00e1sa: hogyan csin\u00e1ljam magam? A s\u00edl\u00e9cek karbantart\u00e1sa a szezon el\u0151tt \u00e9s ut\u00e1n","datePublished":"2023-01-03T13:26:13+00:00","dateModified":"2025-07-14T08:43:55+00:00","mainEntityOfPage":{"@id":"https:\/\/sportano.hu\/blog\/silecek-gyantazasa-hogyan-csinaljam-magam-a-silecek-karbantartasa-a-szezon-elott-es-utan\/"},"wordCount":2543,"publisher":{"@id":"https:\/\/sportano.hu\/blog\/#organization"},"image":{"@id":"https:\/\/sportano.hu\/blog\/silecek-gyantazasa-hogyan-csinaljam-magam-a-silecek-karbantartasa-a-szezon-elott-es-utan\/#primaryimage"},"thumbnailUrl":"https:\/\/sportano.hu\/blog\/wp-content\/uploads\/2023\/01\/gdi-63b42cfcabf38.png","articleSection":["T\u00e9li sportok"],"inLanguage":"hu"},{"@type":"WebPage","@id":"https:\/\/sportano.hu\/blog\/silecek-gyantazasa-hogyan-csinaljam-magam-a-silecek-karbantartasa-a-szezon-elott-es-utan\/","url":"https:\/\/sportano.hu\/blog\/silecek-gyantazasa-hogyan-csinaljam-magam-a-silecek-karbantartasa-a-szezon-elott-es-utan\/","name":"S\u00edl\u00e9cek gyant\u00e1z\u00e1sa: hogyan csin\u00e1ljam magam? A s\u00edl\u00e9cek karbantart\u00e1sa a szezon el\u0151tt \u00e9s ut\u00e1n - Sportano.hu Blog","isPartOf":{"@id":"https:\/\/sportano.hu\/blog\/#website"},"primaryImageOfPage":{"@id":"https:\/\/sportano.hu\/blog\/silecek-gyantazasa-hogyan-csinaljam-magam-a-silecek-karbantartasa-a-szezon-elott-es-utan\/#primaryimage"},"image":{"@id":"https:\/\/sportano.hu\/blog\/silecek-gyantazasa-hogyan-csinaljam-magam-a-silecek-karbantartasa-a-szezon-elott-es-utan\/#primaryimage"},"thumbnailUrl":"https:\/\/sportano.hu\/blog\/wp-content\/uploads\/2023\/01\/gdi-63b42cfcabf38.png","datePublished":"2023-01-03T13:26:13+00:00","dateModified":"2025-07-14T08:43:55+00:00","breadcrumb":{"@id":"https:\/\/sportano.hu\/blog\/silecek-gyantazasa-hogyan-csinaljam-magam-a-silecek-karbantartasa-a-szezon-elott-es-utan\/#breadcrumb"},"inLanguage":"hu","potentialAction":[{"@type":"ReadAction","target":["https:\/\/sportano.hu\/blog\/silecek-gyantazasa-hogyan-csinaljam-magam-a-silecek-karbantartasa-a-szezon-elott-es-utan\/"]}]},{"@type":"ImageObject","inLanguage":"hu","@id":"https:\/\/sportano.hu\/blog\/silecek-gyantazasa-hogyan-csinaljam-magam-a-silecek-karbantartasa-a-szezon-elott-es-utan\/#primaryimage","url":"https:\/\/sportano.hu\/blog\/wp-content\/uploads\/2023\/01\/gdi-63b42cfcabf38.png","contentUrl":"https:\/\/sportano.hu\/blog\/wp-content\/uploads\/2023\/01\/gdi-63b42cfcabf38.png","width":816,"height":426,"caption":"Egy f\u00e9rfi s\u00edl\u00e9ceket szerel egy m\u0171helyasztalon"},{"@type":"BreadcrumbList","@id":"https:\/\/sportano.hu\/blog\/silecek-gyantazasa-hogyan-csinaljam-magam-a-silecek-karbantartasa-a-szezon-elott-es-utan\/#breadcrumb","itemListElement":[{"@type":"ListItem","position":1,"name":"F\u0151oldal","item":"https:\/\/sportano.hu\/blog\/"},{"@type":"ListItem","position":2,"name":"S\u00edl\u00e9cek gyant\u00e1z\u00e1sa: hogyan csin\u00e1ljam magam? A s\u00edl\u00e9cek karbantart\u00e1sa a szezon el\u0151tt \u00e9s ut\u00e1n"}]},{"@type":"WebSite","@id":"https:\/\/sportano.hu\/blog\/#website","url":"https:\/\/sportano.hu\/blog\/","name":"","description":"","publisher":{"@id":"https:\/\/sportano.hu\/blog\/#organization"},"potentialAction":[{"@type":"SearchAction","target":{"@type":"EntryPoint","urlTemplate":"https:\/\/sportano.hu\/blog\/?s={search_term_string}"},"query-input":{"@type":"PropertyValueSpecification","valueRequired":true,"valueName":"search_term_string"}}],"inLanguage":"hu"},{"@type":"Organization","@id":"https:\/\/sportano.hu\/blog\/#organization","name":"Sportano.pl","url":"https:\/\/sportano.hu\/blog\/","logo":{"@type":"ImageObject","inLanguage":"hu","@id":"https:\/\/sportano.hu\/blog\/#\/schema\/logo\/image\/","url":"http:\/\/sportano.hu\/blog\/wp-content\/uploads\/2022\/04\/sportano-blog-logo.png","contentUrl":"http:\/\/sportano.hu\/blog\/wp-content\/uploads\/2022\/04\/sportano-blog-logo.png","width":1200,"height":200,"caption":"Sportano.pl"},"image":{"@id":"https:\/\/sportano.hu\/blog\/#\/schema\/logo\/image\/"}},{"@type":"Person","@id":"https:\/\/sportano.hu\/blog\/#\/schema\/person\/71cc03e69d6c63d290e6365378f2deab","name":"Sylwia Stwora-Petela","image":{"@type":"ImageObject","inLanguage":"hu","@id":"https:\/\/sportano.hu\/blog\/#\/schema\/person\/image\/","url":"https:\/\/sportano.hu\/blog\/wp-content\/uploads\/nsl_avatars\/52d3b69495b3bb32dafd1c9e4d45ef6f.png","contentUrl":"https:\/\/sportano.hu\/blog\/wp-content\/uploads\/nsl_avatars\/52d3b69495b3bb32dafd1c9e4d45ef6f.png","caption":"Sylwia Stwora-Petela"}}]}},"_links":{"self":[{"href":"https:\/\/sportano.hu\/blog\/wp-json\/wp\/v2\/posts\/1069","targetHints":{"allow":["GET"]}}],"collection":[{"href":"https:\/\/sportano.hu\/blog\/wp-json\/wp\/v2\/posts"}],"about":[{"href":"https:\/\/sportano.hu\/blog\/wp-json\/wp\/v2\/types\/post"}],"author":[{"embeddable":true,"href":"https:\/\/sportano.hu\/blog\/wp-json\/wp\/v2\/users\/7"}],"replies":[{"embeddable":true,"href":"https:\/\/sportano.hu\/blog\/wp-json\/wp\/v2\/comments?post=1069"}],"version-history":[{"count":3,"href":"https:\/\/sportano.hu\/blog\/wp-json\/wp\/v2\/posts\/1069\/revisions"}],"predecessor-version":[{"id":2527,"href":"https:\/\/sportano.hu\/blog\/wp-json\/wp\/v2\/posts\/1069\/revisions\/2527"}],"wp:featuredmedia":[{"embeddable":true,"href":"https:\/\/sportano.hu\/blog\/wp-json\/wp\/v2\/media\/1075"}],"wp:attachment":[{"href":"https:\/\/sportano.hu\/blog\/wp-json\/wp\/v2\/media?parent=1069"}],"wp:term":[{"taxonomy":"category","embeddable":true,"href":"https:\/\/sportano.hu\/blog\/wp-json\/wp\/v2\/categories?post=1069"},{"taxonomy":"post_tag","embeddable":true,"href":"https:\/\/sportano.hu\/blog\/wp-json\/wp\/v2\/tags?post=1069"}],"curies":[{"name":"wp","href":"https:\/\/api.w.org\/{rel}","templated":true}]}}