{"id":1264,"date":"2023-04-12T06:47:00","date_gmt":"2023-04-12T06:47:00","guid":{"rendered":"https:\/\/sportano.hu\/blog\/?p=1264"},"modified":"2025-07-14T10:36:26","modified_gmt":"2025-07-14T10:36:26","slug":"bikepacking-avagy-hogyan-keszuljunk-fel-egy-kerekparturara","status":"publish","type":"post","link":"https:\/\/sportano.hu\/blog\/bikepacking-avagy-hogyan-keszuljunk-fel-egy-kerekparturara\/","title":{"rendered":"Bikepacking, avagy hogyan k\u00e9sz\u00fclj\u00fcnk fel egy ker\u00e9kp\u00e1rt\u00far\u00e1ra?&nbsp;"},"content":{"rendered":"\n<p><strong>A bikepacking a ker\u00e9kp\u00e1rral val\u00f3 utaz\u00e1s egy m\u00f3dja, amelynek k\u00f6sz\u00f6nhet\u0151en t\u00f6bbnapos kir\u00e1ndul\u00e1sokat tehet\u00fcnk kev\u00e9ss\u00e9 frekvent\u00e1lt \u00fatvonalakon, a sz\u00fcks\u00e9ges felszerel\u00e9st magunkkal v\u00edve. Mind\u00f6ssze annyit kell tennie, hogy megfelel\u0151en csomagoljon az erre a c\u00e9lra kialak\u00edtott ker\u00e9kp\u00e1ros t\u00e1sk\u00e1kba. N\u00e1lunk megtudhatod, hogyan v\u00e1gj bele a bikepacking-kalandba.<\/strong><\/p>\n\n\n\n<h2 class=\"wp-block-heading\">Mi az a bikepacking?&nbsp;<\/h2>\n\n\n\n<p>A bikepacking, m\u00e1s n\u00e9ven fast&amp;light riding vagy light off-road turizmus olyan ker\u00e9kp\u00e1roz\u00e1s, amelynek l\u00e9nyege, hogy minim\u00e1lis csomaggal gyorsan \u00e9s hat\u00e9konyan tudsz k\u00f6zlekedni a kev\u00e9ss\u00e9 bej\u00e1rt ter\u00fcleteken. Fontos, hogy helyt\u0151l \u00e9s k\u00f6r\u00fclm\u00e9nyekt\u0151l f\u00fcggetlen\u00fcl a lehet\u0151 legnagyobb \u00f6nell\u00e1t\u00e1sra t\u00f6rekedj\u00fcnk. A hagyom\u00e1nyos ker\u00e9kp\u00e1rt\u00far\u00e1kkal (biketouring) ellent\u00e9tben, itt a neh\u00e9z csomagtart\u00f3k, csomagtart\u00f3k \u00e9s az els\u0151 \u00e9s h\u00e1ts\u00f3 ker\u00e9k f\u00f6l\u00f6tti k\u00fcl\u00f6n \u00e1llv\u00e1nyok helyett, amelyeket megfelel\u0151en fel kell szerelni egy speci\u00e1lis t\u00faraker\u00e9kp\u00e1rra, a bikepacking k\u00f6nny\u0171, kompakt t\u00e1sk\u00e1kat haszn\u00e1l, amelyeket t\u00e9p\u0151z\u00e1rral vagy r\u00f6gz\u00edt\u0151elemekkel a v\u00e1zra, a korm\u00e1nyra vagy a nyereg al\u00e1 r\u00f6gz\u00edtenek. Ezekbe mindent be lehet pakolni: kempingfelszerel\u00e9st, \u00e9lelmiszert, ruh\u00e1zatot, szersz\u00e1mokat \u00e9s a ker\u00e9kp\u00e1rhoz sz\u00fcks\u00e9ges alkatr\u00e9szeket an\u00e9lk\u00fcl, hogy a ker\u00e9kp\u00e1r kezelhet\u0151s\u00e9ge romlana.<\/p>\n\n\n\n<p>A bikepackinget b\u00e1rki gyakorolhatja, legyen az ak\u00e1r egykerek\u0171 szabadid\u0151s ker\u00e9kp\u00e1ros, a kempingez\u00e9s rajong\u00f3ja vagy \u00faj kalandokat keres\u0151 ker\u00e9kp\u00e1ros, aki a vadonban szeretn\u00e9 feszegetni k\u00e9pess\u00e9gei hat\u00e1rait. A &#8222;bikepackinget&#8221; a ker\u00e9kp\u00e1rosok hossz\u00fa t\u00e1v\u00fa versenyeken is alkalmazz\u00e1k, amelyek sor\u00e1n fontos a f\u00fcrge \u00e9s gyors ker\u00e9kp\u00e1r \u00e9s a sz\u00fcks\u00e9ges felszerel\u00e9s birtokl\u00e1sa. A bikepacking lehet t\u00f6bb\u00f3r\u00e1s ker\u00e9kp\u00e1roz\u00e1s vagy t\u00f6bbnapos t\u00fara, \u00e9jszakai tart\u00f3zkod\u00e1ssal (s\u00e1torban, hostelben, B&amp;B sz\u00e1llod\u00e1ban stb.). Lehet kavicsos, f\u00f6ldutakon, singletrack-en vagy nehezen j\u00e1rhat\u00f3 terepen is. A v\u00e1rosi turizmus \u00e9s a l\u00e1tnival\u00f3k akt\u00edv felkeres\u00e9s\u00e9nek egyik m\u00f3dja is.&nbsp;<\/p>\n\n\n\n<p>A bikepacking az Egyes\u00fclt \u00c1llamokb\u00f3l sz\u00e1rmazik. Az amerikai ker\u00e9kp\u00e1rosok kerest\u00e9k a m\u00f3dj\u00e1t annak, hogy optimaliz\u00e1lj\u00e1k a ker\u00e9kp\u00e1roz\u00e1sukat p\u00e9ld\u00e1ul a hossz\u00fa t\u00e1v\u00fa \u00f6nfenntart\u00f3 versenyek sor\u00e1n, amelyek t\u00f6bb szakaszos, kieg\u00e9sz\u00edt\u0151 t\u00e1mogat\u00e1s n\u00e9lk\u00fcli teker\u00e9st jelentenek. M\u00e1s sz\u00f3val, \u00fagy kell csomagolni, hogy egy esetleges defekt vagy ker\u00e9kcsap\u00f3d\u00e1s eset\u00e9n a megfelel\u0151 jav\u00edt\u00e1sokat saj\u00e1t magunk is el tudjuk v\u00e9gezni. Annak \u00e9rdek\u00e9ben, hogy hosszabb\u00e1 \u00e9s k\u00f6nnyebb\u00e9 tegy\u00e9k a sz\u00f6k\u00e9seiket, az USA-ban a ker\u00e9kp\u00e1rosok elkezdt\u00e9k a csomagtart\u00f3kat \u00e9s a csomagtart\u00f3kat t\u00e1sk\u00e1kra cser\u00e9lni, amelyeket a lehet\u0151 legk\u00f6zelebb lehet a ker\u00e9kp\u00e1rhoz (a v\u00e1z k\u00f6rny\u00e9k\u00e9re is) szerelni, \u00e9s csak a legsz\u00fcks\u00e9gesebb dolgokkal megpakolni, hogy k\u00f6nnyed\u00e9n megh\u00f3d\u00edthass\u00e1k a vadont.<\/p>\n\n\n\n<figure class=\"wp-block-image\"><img decoding=\"async\" src=\"https:\/\/lh5.googleusercontent.com\/PfYrJzwXVqfz5_FkBZB8adSDMdsuDMQGK7l5ZaZO9w9zmCZH0ZdPAmm8jV4EKj_HeyNJ880Mtxgp05nIwdTGrxDO1IAJPHA2a4mrIh69PUEezqWBE4UiMvoXdOGWVzlvIHdwdvesQNX8oHCJEpUBTVo\" alt=\"H\u00e1rom ker\u00e9kp\u00e1r t\u00far\u00e1hoz felszerelve l\u00e1that\u00f3 hegyi \u00f6sv\u00e9ny mellett\"\/><\/figure>\n\n\n\n<h2 class=\"wp-block-heading\">Gravel, trekking vagy MTB? A legjobb ker\u00e9kp\u00e1r bikepackinghez&nbsp;<\/h2>\n\n\n\n<p>A legjobb ker\u00e9kp\u00e1r a bikepackinghez egy gravel vagy MTB lesz, mivel ezek konstrukci\u00f3ja megbirk\u00f3zik a terepj\u00e1r\u00e1ssal. Egy crossbike, trekkingbike vagy ak\u00e1r egy orsz\u00e1g\u00fati ker\u00e9kp\u00e1r is \u00e1tmegy a teszten. Fontos a tervezett \u00fatvonal. Ha az f\u0151leg aszfaltos, kavicsos utakb\u00f3l \u00e9s egyenes \u00f6sv\u00e9nyekb\u0151l \u00e1ll, akkor egy sz\u00e9les gumikkal ell\u00e1tott kavicsos ker\u00e9kp\u00e1r lehet az optim\u00e1lis v\u00e1laszt\u00e1s. Az orsz\u00e1g\u00fati ker\u00e9kp\u00e1rokhoz hasonl\u00f3 v\u00e1zgeometria j\u00f3l megbirk\u00f3zik a sok aszfaltot tartalmaz\u00f3 utakkal, \u00e9s lehet\u0151v\u00e9 teszi a gyors halad\u00e1st. A meghosszabb\u00edtott korm\u00e1ny stabilit\u00e1st biztos\u00edt vezet\u00e9s k\u00f6zben, \u00e9s extra magabiztoss\u00e1got ad a vadonban.<\/p>\n\n\n\n<p>A bikepackinghez egy hardtail mountain bike-ot haszn\u00e1lhat, t\u00f6bbek k\u00f6z\u00f6tt az\u00e9rt, mert: a sz\u00e9les guminy\u00fal\u00e1s, az er\u0151s v\u00e1z \u00e9s az els\u0151 felf\u00fcggeszt\u00e9s k\u00fcl\u00f6n\u00f6sen alkalmas lesz olyan \u00fatvonalakra, amelyek terepen vezetnek, vagy nehezebb \u00e9s durv\u00e1bb terepen vezetnek kereszt\u00fcl. Egy merev hegyiker\u00e9kp\u00e1r (felf\u00fcggeszt\u00e9s n\u00e9lk\u00fcl vagy rug\u00f3s vill\u00e1val, blokkol\u00e1ssal), mechanikus t\u00e1rcsaf\u00e9kkel \u00e9s t\u00f6bb\u00e1ll\u00e1s\u00fa korm\u00e1nnyal szint\u00e9n j\u00f3 v\u00e1laszt\u00e1s lesz.<\/p>\n\n\n\n<p>A bikepacking hossz\u00fa \u00f3r\u00e1kat jelent a nyeregben, ez\u00e9rt kulcsfontoss\u00e1g\u00fa, hogy k\u00e9nyelmes, a param\u00e9tereidnek megfelel\u0151en megfelel\u0151 ker\u00e9kp\u00e1rral rendelkezz. Ha most v\u00e1s\u00e1rolt\u00e1l \u00faj ker\u00e9kp\u00e1rt, pr\u00f3b\u00e1ld ki n\u00e9h\u00e1nyszor r\u00f6videbb t\u00far\u00e1kon, miel\u0151tt hosszabb \u00fatra induln\u00e1l vele.<\/p>\n\n\n\n<p>Az orsz\u00e1g\u00fati ker\u00e9kp\u00e1rok, mivel kialak\u00edt\u00e1suk ink\u00e1bb az orsz\u00e1g\u00fathoz, mint a durva, burkolatlan utakhoz igazodik, \u00e9s mivel nem rendelkeznek olyan nagy gumiabroncsokkal, mint a hardtail mountain bike-ok vagy a gravel bike-ok, nem val\u00f3sz\u00edn\u0171, hogy j\u00f3 v\u00e1laszt\u00e1snak bizonyulnak. Ha azonban t\u00f6bb\u00f3r\u00e1s t\u00far\u00e1kra indulsz aszfalton, a bikepacking t\u00e1sk\u00e1k lehet\u0151v\u00e9 teszik a k\u00e9nyelmes \u00e9s gyors teker\u00e9st.<\/p>\n\n\n\n<figure class=\"wp-block-image\"><img decoding=\"async\" src=\"https:\/\/lh5.googleusercontent.com\/GVD-ct3LEJbXIyUaqW5PHedvTyOyvQ4i-AV9Qkjt7BwAsp0u6TA8c_BscYwyme5UIHvWkuWnKzKLRv2gmELb_j7t2G34Kvxied1eQt7sp6NPCEENWkfF9AbnBO5BcoZ8asoMPsbZl0Rm7VoPWlH7kB0\" alt=\"Egy ker\u00e9kp\u00e1ros biciklizik hegyi \u00f6sv\u00e9nyen, h\u00e1tizs\u00e1kkal \u00e9s csomagokkal felszerelve\"\/><\/figure>\n\n\n\n<h2 class=\"wp-block-heading\">Bikepacking, avagy milyen ker\u00e9kp\u00e1rt\u00e1sk\u00e1kat v\u00e1lasszunk?&nbsp;<\/h2>\n\n\n\n<p>A k\u00f6nny\u0171 \u00e9s a modern ker\u00e9kp\u00e1rokhoz igaz\u00edtott bikepacking t\u00e1sk\u00e1k lehet\u0151v\u00e9 teszik, hogy optimaliz\u00e1lja egykerek\u0171je teherb\u00edr\u00e1s\u00e1t an\u00e9lk\u00fcl, hogy jelent\u0151sen megn\u00f6veln\u00e9 annak s\u00faly\u00e1t vagy befoly\u00e1soln\u00e1 a kezelhet\u0151s\u00e9g\u00e9t. A n\u00e9pszer\u0171 v\u00e1z-, nyeregcs\u0151- \u00e9s korm\u00e1nyt\u00e1sk\u00e1k mellett a piacon kaphat\u00f3ak fels\u0151cs\u00f6ves t\u00e1sk\u00e1k, snackt\u00e1sk\u00e1k \u00e9s vill\u00e1ra szerelhet\u0151 t\u00e1sk\u00e1k is, amelyek tov\u00e1bbi t\u00e1rol\u00e1si lehet\u0151s\u00e9geket biztos\u00edtanak \u00d6nnek. A k\u00fcl\u00f6nb\u00f6z\u0151 form\u00e1j\u00fa \u00e9s m\u00e9ret\u0171 bikepacking t\u00e1sk\u00e1kat \u00fagy tervezt\u00e9k, hogy a ker\u00e9kp\u00e1rra r\u00f6gz\u00edthet\u0151k legyenek, \u00e9s nem ig\u00e9nyelnek speci\u00e1lis r\u00f6gz\u00edt\u00e9si pontokat a v\u00e1zon, \u00edgy gyakorlatilag b\u00e1rmilyen ker\u00e9kp\u00e1rral haszn\u00e1lhat\u00f3k. A vizespalack\/bid\u00f3kosarak szint\u00e9n elengedhetetlenek &#8211; ezek alacsonyan \u00e9s k\u00f6z\u00e9pen tartj\u00e1k a s\u00falyt.<\/p>\n\n\n\n<p>A <a href=\"https:\/\/sportano.hu\/kerekpartaskak-es-hatizsakok\">Sportano.hu<\/a> oldalon olyan m\u00e1rk\u00e1k megb\u00edzhat\u00f3 \u00e9s t\u00e1gas \u00fcl\u00e9s-, v\u00e1z- \u00e9s korm\u00e1nyt\u00e1sk\u00e1it tal\u00e1lod a biciklit\u00e1sk\u00e1khoz, mint a <strong>Topeak, Zefal, ORTLIEB, EVOC, deuter, Lezyne, Acepac \u00e9s ATTABO<\/strong>.<\/p>\n\n\n\n<h3 class=\"wp-block-heading\">\u00dcl\u00e9s alatti t\u00e1ska<\/h3>\n\n\n\n<p>Ahogy a neve is mutatja, a nyereg alatt r\u00f6gz\u00edthet\u0151 &#8211; a nyeregcs\u0151 k\u00f6r\u00e9 \u00e9s a s\u00ednekre p\u00e1ntokkal cs\u00edptetve. V\u00e1lasszon egy 5-18 literes, \u00e1ramvonalas form\u00e1j\u00fa, \u00fcl\u00e9s alatti t\u00e1sk\u00e1t, amelyben k\u00f6nny\u0171, terjedelmes t\u00e1rgyakat, p\u00e9ld\u00e1ul v\u00e1lt\u00f3ruh\u00e1kat t\u00e1rolhat. A felszerel\u00e9s \u00e9s a ruh\u00e1zat sz\u00e1razon tart\u00e1sa \u00e9rdek\u00e9ben v\u00e1lasszon v\u00edz\u00e1ll\u00f3 modellt, vagy csomagolja a dolgokat egy k\u00fcl\u00f6n v\u00edz\u00e1ll\u00f3 t\u00e1sk\u00e1ba.&nbsp;<\/p>\n\n\n\n<figure class=\"wp-block-embed is-type-video is-provider-youtube wp-block-embed-youtube wp-embed-aspect-16-9 wp-has-aspect-ratio\"><div class=\"wp-block-embed__wrapper\">\n<iframe loading=\"lazy\" title=\"TOPEAK BackLoader\" width=\"500\" height=\"281\" src=\"https:\/\/www.youtube.com\/embed\/Fy2dDdnMbGY?feature=oembed\" frameborder=\"0\" allow=\"accelerometer; autoplay; clipboard-write; encrypted-media; gyroscope; picture-in-picture; web-share\" referrerpolicy=\"strict-origin-when-cross-origin\" allowfullscreen><\/iframe>\n<\/div><\/figure>\n\n\n\n<h3 class=\"wp-block-heading\">Korm\u00e1nyt\u00e1ska<\/h3>\n\n\n\n<p>A korm\u00e1nyt\u00e1sk\u00e1ban k\u00f6nny\u0171 vagy k\u00f6zepes m\u00e9ret\u0171 t\u00e1rgyak, p\u00e9ld\u00e1ul s\u00e1tor, ruh\u00e1zat vagy olyan felszerel\u00e9sek f\u00e9rnek el, amelyekhez j\u00f3 hozz\u00e1f\u00e9r\u00e9sre van sz\u00fcks\u00e9ge (pl. t\u00e9rk\u00e9p, f\u00e9nyk\u00e9pez\u0151g\u00e9p, GPS-navig\u00e1ci\u00f3). Lehet fel\u00fclr\u0151l t\u00f6lthet\u0151 vagy beh\u00fazhat\u00f3 oldal\u00fa.<\/p>\n\n\n\n<figure class=\"wp-block-embed is-type-video is-provider-youtube wp-block-embed-youtube wp-embed-aspect-16-9 wp-has-aspect-ratio\"><div class=\"wp-block-embed__wrapper\">\n<iframe loading=\"lazy\" title=\"Z\u00e9fal Z Adventure F10 - handlebar bag\" width=\"500\" height=\"281\" src=\"https:\/\/www.youtube.com\/embed\/CGR7ZZhYdtA?feature=oembed\" frameborder=\"0\" allow=\"accelerometer; autoplay; clipboard-write; encrypted-media; gyroscope; picture-in-picture; web-share\" referrerpolicy=\"strict-origin-when-cross-origin\" allowfullscreen><\/iframe>\n<\/div><\/figure>\n\n\n\n<h3 class=\"wp-block-heading\">V\u00e1zas t\u00e1ska&nbsp;&nbsp;<\/h3>\n\n\n\n<p>A v\u00e1zzs\u00e1k a ker\u00e9kp\u00e1rv\u00e1z h\u00e1romsz\u00f6g\u00e9n bel\u00fcl r\u00f6gz\u00edthet\u0151. K\u00fcl\u00f6n\u00f6sen hasznosak a hardtail vagy merev hegyi ker\u00e9kp\u00e1rok eset\u00e9ben. V\u00e1s\u00e1rl\u00e1skor \u00fcgyeljen arra, hogy illeszkedjen a ker\u00e9kp\u00e1rmodellj\u00e9hez, valamint arra, hogy a r\u00f6gz\u00edt\u0151 p\u00e1ntok hol helyezkednek el, \u00e9s hogyan illeszkednek a ker\u00e9kp\u00e1r k\u00e1beleihez. Vannak a piacon olyan v\u00e1zzs\u00e1kok, amelyek szinte az eg\u00e9sz h\u00e1romsz\u00f6get elfoglalj\u00e1k, vagy csak r\u00e9szben t\u00f6ltik ki. Egyes modellek tov\u00e1bbi zsebekkel rendelkeznek, amelyek megk\u00f6nny\u00edthetik a t\u00e1rgyak t\u00e1rol\u00e1s\u00e1t \u00e9s megtal\u00e1l\u00e1s\u00e1t.<\/p>\n\n\n\n<figure class=\"wp-block-embed is-type-video is-provider-youtube wp-block-embed-youtube wp-embed-aspect-16-9 wp-has-aspect-ratio\"><div class=\"wp-block-embed__wrapper\">\n<iframe loading=\"lazy\" title=\"Was ist Bikepacking?\" width=\"500\" height=\"281\" src=\"https:\/\/www.youtube.com\/embed\/CuMWYUYhSoM?feature=oembed\" frameborder=\"0\" allow=\"accelerometer; autoplay; clipboard-write; encrypted-media; gyroscope; picture-in-picture; web-share\" referrerpolicy=\"strict-origin-when-cross-origin\" allowfullscreen><\/iframe>\n<\/div><\/figure>\n\n\n\n<p>Mit vigy\u00fcnk magunkkal egy bikepacking exped\u00edci\u00f3ra?&nbsp;<\/p>\n\n\n\n<p>A bikepacking t\u00far\u00e1ra sz\u00e1nt felszerel\u00e9sed tartalma att\u00f3l f\u00fcgg, hogy hol fogsz tekerni (v\u00e1rosok k\u00f6zel\u00e9ben vagy t\u00e1vol a civiliz\u00e1ci\u00f3t\u00f3l), mennyi ideig (h\u00e1ny \u00e9jszak\u00e1t \u00e9s milyen form\u00e1ban tervezel megsz\u00e1llni &#8211; s\u00e1torban vagy hostelben stb.), mit fogsz enni (k\u00e9sz \u00e9teleket fogsz fogyasztani egy tal\u00e1lkoz\u00f3helyen, vagy magad fogsz f\u0151zni egy turista bogr\u00e1csban), valamint a szem\u00e9lyes preferenci\u00e1idt\u00f3l (a sz\u00fcks\u00e9ges minimumra korl\u00e1tozod a dolgokat, vagy a nagyobb k\u00e9nyelem \u00e9rdek\u00e9ben csomagolsz n\u00e9h\u00e1ny extra dolgot) stb. N\u00e9ha sz\u00fcks\u00e9g lehet arra, hogy meg\u00e1llj egy vend\u00e9gh\u00e1zban, kempingben vagy panzi\u00f3ban, hogy megmosakodj \u00e9s pihenj, felt\u00f6lt\u0151dj, hogy legyen n\u00e9mi ruh\u00e1d stb. N\u00e9ha sz\u00fcks\u00e9g lehet egy meg\u00e1ll\u00e1sra egy vend\u00e9gh\u00e1zban, kempingben vagy panzi\u00f3ban, hogy megmosakodjon \u00e9s kipihenje mag\u00e1t, felt\u00f6lt\u0151dj\u00f6n, kimossa a ruh\u00e1it stb. Min\u00e9l hosszabb \u00fatvonalat tervez, vagy min\u00e9l t\u00e1volabb van a civiliz\u00e1ci\u00f3t\u00f3l, ann\u00e1l t\u00f6bbet kell mag\u00e1val vinnie, hogy \u00f6nell\u00e1t\u00f3 legyen nagyobb &#8211; nem csak mechanikai &#8211; meghib\u00e1sod\u00e1sok eset\u00e9n.<\/p>\n\n\n\n<p>Ne feledd azonban, hogy a biciklit\u00far\u00e1z\u00e1s sor\u00e1n a szab\u00e1lyt kell k\u00f6vetned &#8211; min\u00e9l k\u00f6nnyebb, ann\u00e1l jobban fogsz sz\u00f3rakozni. A k\u00f6nny\u0171 felszerel\u00e9st k\u00f6nnyebb cipelni, ha az \u00fatvonal j\u00e1rhatatlan, vagy technik\u00e1s singletrackeken k\u00f6nnyebb kezelni. Egy j\u00f3l \u00e1tgondolt felszerel\u00e9si list\u00e1nak egy hossz\u00fa ker\u00e9kp\u00e1rt\u00far\u00e1hoz olyan dolgokat kell tartalmaznia, mint p\u00e9ld\u00e1ul:<\/p>\n\n\n\n<ul class=\"wp-block-list\">\n<li>k\u00f6nny\u0171 s\u00e1tor, matrac, t\u00fal\u00e9l\u0151 h\u00e1l\u00f3zs\u00e1k vagy f\u00fcgg\u0151\u00e1gy, valamint egy k\u00f6nny\u0171 ponyva az alv\u00e1shoz;<\/li>\n\n\n\n<li>f\u0151z\u0151k\u00e9szlet &#8211; pl. t\u00f6bb t\u00fczel\u0151anyaggal m\u0171k\u00f6d\u0151 t\u0171zhely; alum\u00ednium ed\u00e9nyek, ev\u0151eszk\u00f6z\u00f6k, h\u0151\u00e1ll\u00f3 b\u00f6gre, \u00f6ngy\u00fajt\u00f3, gyufa, multitool (t\u00f6bbfunkci\u00f3s szersz\u00e1m), v\u00edztiszt\u00edt\u00f3 sz\u0171r\u0151;<\/li>\n\n\n\n<li>szersz\u00e1mok \u00e9s p\u00f3talkatr\u00e9szek a ker\u00e9kp\u00e1r karbantart\u00e1s\u00e1hoz \u00e9s \u00e1pol\u00e1s\u00e1hoz, k\u00fcl\u00f6n\u00f6sen, ha vadreg\u00e9nyes ter\u00fcletekre megy &#8211; bels\u0151 gumiabroncs, k\u00e9szlet defektjav\u00edt\u00e1shoz, k\u00e9zi pumpa (minipumpa vagy CO2-pumpa), gyorscsatlakoz\u00f3 l\u00e1ncr\u00f6gz\u00edt\u0151, l\u00e1nczs\u00edr, tartal\u00e9k elemek a ker\u00e9kp\u00e1rl\u00e1mp\u00e1khoz vagy \u00faj ker\u00e9kp\u00e1rl\u00e1mp\u00e1k, ker\u00e9kp\u00e1rcsipesz stb;<\/li>\n\n\n\n<li>els\u0151seg\u00e9lycsomag;<\/li>\n\n\n\n<li>okm\u00e1nyok \u00e9s p\u00e9nz\/k\u00e1rtya (ne feledje, hogy olyan helyre ker\u00fclhet, ahol ezt nem fogj\u00e1k elfogadni);<\/li>\n\n\n\n<li>alapvet\u0151 tiszt\u00e1lkod\u00e1si szerek;<\/li>\n\n\n\n<li>elektronikai eszk\u00f6z\u00f6k, p\u00e9ld\u00e1ul GPS-navig\u00e1ci\u00f3, power bank,\u00a0<\/li>\n\n\n\n<li>szigetelt kab\u00e1t &#8211; pehelypaplan vagy szintetikus;<\/li>\n\n\n\n<li>v\u00edz\u00e1ll\u00f3 ker\u00e9kp\u00e1ros kab\u00e1t;<\/li>\n\n\n\n<li>ker\u00e9kp\u00e1ros ruh\u00e1zat + h\u00e9tk\u00f6znapi ruh\u00e1zat;<\/li>\n\n\n\n<li>ker\u00e9kp\u00e1ros cip\u0151 + v\u00e1lt\u00f3cip\u0151.<\/li>\n<\/ul>\n\n\n\n<p>Minden, ami a sz\u00fcks\u00e9ges list\u00e1n fel\u00fcl van, n\u00f6veli a terhel\u00e9st, lass\u00edtja a ker\u00e9kp\u00e1roz\u00e1st, \u00e9s nagy er\u0151fesz\u00edt\u00e9sre k\u00e9nyszer\u00edti \u00d6nt, amikor n\u00e9ha tolnia vagy cipelnie kell a ker\u00e9kp\u00e1rt.<\/p>\n\n\n\n<figure class=\"wp-block-image\"><img decoding=\"async\" src=\"https:\/\/lh4.googleusercontent.com\/fTD-BFUev5G4u--yZn_IfJAZV7znC3-5lKstRpadkogLfu9KB9iFu0idH8rHo_RutNohs02keXlyUarIE4MiSETIDexU6DTrCHIJjp5OxsFKNv6JDNqlvgJ-T_qOHPw3O6MhNV0StqRTo4n6zCSL0PI\" alt=\"Ker\u00e9kp\u00e1r \u00e1ll egy t\u00f3parton, t\u00far\u00e1z\u00e1sra k\u00e9sz felszerel\u00e9ssel ell\u00e1tva\"\/><\/figure>\n\n\n\n<h2 class=\"wp-block-heading\">Hogyan csomagoljuk be a ker\u00e9kp\u00e1ros t\u00e1sk\u00e1kat? A legfontosabb tippek&nbsp;<\/h2>\n\n\n\n<p>A biciklit\u00e1sk\u00e1k r\u00f6gz\u00edt\u00e9sekor fontos, hogy azok k\u00f6zponti helyen legyenek. Ne feledje, hogy a ker\u00e9kp\u00e1ron magasan vagy a h\u00e1ts\u00f3 ker\u00e9k f\u00f6l\u00f6tt ar\u00e1nytalanul magasan elhelyezett neh\u00e9z felszerel\u00e9sek felbor\u00edtj\u00e1k az egyens\u00falyt, \u00e9s akad\u00e1lyozz\u00e1k a nyeregb\u0151l t\u00f6rt\u00e9n\u0151 b\u00e1rmilyen mozg\u00e1st. Mivel a legnagyobb bikepacking t\u00e1ska \u00e1ltal\u00e1ban az \u00fcl\u00e9s alatti t\u00e1ska, j\u00f3 \u00f6tlet, ha olyan t\u00e1rgyakat helyez el benne, amelyekre alkalmank\u00e9nt vagy a nap v\u00e9g\u00e9n lesz sz\u00fcks\u00e9g, mint p\u00e9ld\u00e1ul: a pehelykab\u00e1t \u00e9s az alv\u00f3k\u00e9szlet. Az \u00fcl\u00e9st\u00e1sk\u00e1ban l\u00e9v\u0151 rakom\u00e1ny stabiliz\u00e1l\u00e1sa \u00e9rdek\u00e9ben adjon hozz\u00e1 valami merev dolgot, p\u00e9ld\u00e1ul szorosan \u00f6sszetekert ruh\u00e1kat. A legnehezebb t\u00e1rgyakat az \u00fcl\u00e9soszlophoz legk\u00f6zelebb is bepakolhatja.<\/p>\n\n\n\n<p>A k\u00f6nny\u0171, menet k\u00f6zben nem sz\u00fcks\u00e9ges t\u00e1rgyakat helyezze a korm\u00e1nyt\u00e1sk\u00e1ba &#8211; ez az elrendez\u00e9s a korm\u00e1nyz\u00e1sra is kev\u00e9sb\u00e9 lesz hat\u00e1ssal. A legfontosabb t\u00e1rgyakat, amelyekre menet k\u00f6zben sz\u00fcks\u00e9ged lesz, a fels\u0151 cs\u0151t\u00e1sk\u00e1ba tedd, hogy mindig k\u00e9zn\u00e9l legyenek, pl. telefon, jav\u00edt\u00f3k\u00e9szlet, r\u00e1gcs\u00e1lnival\u00f3. J\u00f3 megold\u00e1s lehet, ha a neh\u00e9z t\u00e1rgyakat a v\u00e1zra vagy a ker\u00e9kp\u00e1r s\u00falypontj\u00e1hoz min\u00e9l k\u00f6zelebb pakolja. Pr\u00f3b\u00e1ljon ki k\u00fcl\u00f6nb\u00f6z\u0151 csomageloszt\u00e1si konfigur\u00e1ci\u00f3kat, hogy l\u00e1ssa, hogyan befoly\u00e1solja ez a ker\u00e9kp\u00e1r kezel\u00e9s\u00e9t \u00e9s hordoz\u00e1s\u00e1t.&nbsp;<\/p>\n\n\n\n<p>Egyes ker\u00e9kp\u00e1rosok emellett hidrat\u00e1l\u00f3 rendszerrel (camelbak) ell\u00e1tott h\u00e1tizs\u00e1kot haszn\u00e1lnak, amelybe n\u00e9ha m\u00e1s t\u00e1rgyakat is pakolnak. Annak \u00e9rdek\u00e9ben, hogy a ker\u00e9kp\u00e1roz\u00e1s k\u00f6zben is k\u00e9nyelmes maradjon, v\u00e1lasszon olyan modellt, amelynek kapacit\u00e1sa nem haladja meg a 20 litert.<\/p>\n\n\n\n<p>Ha bringat\u00far\u00e1ra indul, biztons\u00e1gi okokb\u00f3l \u00e9rdemes valakivel k\u00f6z\u00f6lni, hogy hov\u00e1 megy\u00fcnk, \u00e9s mikorra v\u00e1rhat\u00f3 a visszat\u00e9r\u00e9s, k\u00fcl\u00f6n\u00f6sen, ha egyed\u00fcl t\u00far\u00e1zunk. Egyes bikepacking-alkalmaz\u00e1sok nyomk\u00f6vet\u0151 funkci\u00f3t k\u00edn\u00e1lnak, \u00edgy szeretteid nyomon k\u00f6vethetik, hogy hol vagy, \u00e9s hogy biztons\u00e1gban vagy-e.<\/p>\n\n\n\n<p>Ahogy egyre t\u00f6bb tapasztalatot szerzel a bikepackingben, egyre k\u00f6nnyebb lesz \u00f6ssze\u00e1ll\u00edtanod az optim\u00e1lis felszerel\u00e9st, amely lehet\u0151v\u00e9 teszi, hogy k\u00e9nyelmesen \u00e9s a lehet\u0151 legnagyobb \u00f6nell\u00e1t\u00e1ssal j\u00e1rd be a legeldugottabb ter\u00fcleteket is, ak\u00e1r otthon, ak\u00e1r a vil\u00e1g k\u00f6r\u00fcl.<\/p>\n\n\n\n<figure class=\"wp-block-embed is-type-video is-provider-youtube wp-block-embed-youtube wp-embed-aspect-16-9 wp-has-aspect-ratio\"><div class=\"wp-block-embed__wrapper\">\n<iframe loading=\"lazy\" title=\"Bikepacking - czyli jak si\u0119 spakowa\u0107 na wypraw\u0119 gravelow\u0105?\" width=\"500\" height=\"281\" src=\"https:\/\/www.youtube.com\/embed\/RxTZjknVOR8?feature=oembed\" frameborder=\"0\" allow=\"accelerometer; autoplay; clipboard-write; encrypted-media; gyroscope; picture-in-picture; web-share\" referrerpolicy=\"strict-origin-when-cross-origin\" allowfullscreen><\/iframe>\n<\/div><\/figure>\n\n\n\n<p><\/p>\n","protected":false},"excerpt":{"rendered":"<p>A bikepacking a ker\u00e9kp\u00e1rral val\u00f3 utaz\u00e1s egy m\u00f3dja, amelynek k\u00f6sz\u00f6nhet\u0151en t\u00f6bbnapos kir\u00e1ndul\u00e1sokat tehet\u00fcnk kev\u00e9ss\u00e9 frekvent\u00e1lt \u00fatvonalakon, a sz\u00fcks\u00e9ges felszerel\u00e9st magunkkal v\u00edve. Mind\u00f6ssze annyit kell tennie, hogy megfelel\u0151en csomagoljon az erre a c\u00e9lra kialak\u00edtott ker\u00e9kp\u00e1ros t\u00e1sk\u00e1kba. N\u00e1lunk megtudhatod, hogyan v\u00e1gj bele a bikepacking-kalandba. Mi az a bikepacking?&nbsp; A bikepacking, m\u00e1s n\u00e9ven fast&amp;light riding vagy light off-road [&hellip;]<\/p>\n","protected":false},"author":7,"featured_media":1266,"comment_status":"closed","ping_status":"closed","sticky":false,"template":"","format":"standard","meta":{"_acf_changed":false,"footnotes":""},"categories":[28],"tags":[],"class_list":["post-1264","post","type-post","status-publish","format-standard","has-post-thumbnail","hentry","category-kerkparok"],"acf":[],"yoast_head":"<!-- This site is optimized with the Yoast SEO plugin v27.1.1 - https:\/\/yoast.com\/product\/yoast-seo-wordpress\/ -->\n<title>Bikepacking, avagy hogyan k\u00e9sz\u00fclj\u00fcnk fel egy ker\u00e9kp\u00e1rt\u00far\u00e1ra?&nbsp; - Sportano.hu Blog<\/title>\n<meta name=\"robots\" content=\"index, follow, max-snippet:-1, max-image-preview:large, max-video-preview:-1\" \/>\n<link rel=\"canonical\" href=\"https:\/\/sportano.hu\/blog\/bikepacking-avagy-hogyan-keszuljunk-fel-egy-kerekparturara\/\" \/>\n<meta property=\"og:locale\" content=\"hu_HU\" \/>\n<meta property=\"og:type\" content=\"article\" \/>\n<meta property=\"og:title\" content=\"Bikepacking, avagy hogyan k\u00e9sz\u00fclj\u00fcnk fel egy ker\u00e9kp\u00e1rt\u00far\u00e1ra?&nbsp; - Sportano.hu Blog\" \/>\n<meta property=\"og:description\" content=\"A bikepacking a ker\u00e9kp\u00e1rral val\u00f3 utaz\u00e1s egy m\u00f3dja, amelynek k\u00f6sz\u00f6nhet\u0151en t\u00f6bbnapos kir\u00e1ndul\u00e1sokat tehet\u00fcnk kev\u00e9ss\u00e9 frekvent\u00e1lt \u00fatvonalakon, a sz\u00fcks\u00e9ges felszerel\u00e9st magunkkal v\u00edve. Mind\u00f6ssze annyit kell tennie, hogy megfelel\u0151en csomagoljon az erre a c\u00e9lra kialak\u00edtott ker\u00e9kp\u00e1ros t\u00e1sk\u00e1kba. N\u00e1lunk megtudhatod, hogyan v\u00e1gj bele a bikepacking-kalandba. Mi az a bikepacking?&nbsp; A bikepacking, m\u00e1s n\u00e9ven fast&amp;light riding vagy light off-road [&hellip;]\" \/>\n<meta property=\"og:url\" content=\"https:\/\/sportano.hu\/blog\/bikepacking-avagy-hogyan-keszuljunk-fel-egy-kerekparturara\/\" \/>\n<meta property=\"article:published_time\" content=\"2023-04-12T06:47:00+00:00\" \/>\n<meta property=\"article:modified_time\" content=\"2025-07-14T10:36:26+00:00\" \/>\n<meta property=\"og:image\" content=\"http:\/\/sportano.hu\/blog\/wp-content\/uploads\/2023\/06\/bikepacking-avagy-hogyan-keszuljunk-fel-egy-kerekparturara.jpg\" \/>\n\t<meta property=\"og:image:width\" content=\"980\" \/>\n\t<meta property=\"og:image:height\" content=\"692\" \/>\n\t<meta property=\"og:image:type\" content=\"image\/jpeg\" \/>\n<meta name=\"author\" content=\"Sylwia Stwora-Petela\" \/>\n<meta name=\"twitter:card\" content=\"summary_large_image\" \/>\n<meta name=\"twitter:label1\" content=\"Szerz\u0151:\" \/>\n\t<meta name=\"twitter:data1\" content=\"Sylwia Stwora-Petela\" \/>\n\t<meta name=\"twitter:label2\" content=\"Becs\u00fclt olvas\u00e1si id\u0151\" \/>\n\t<meta name=\"twitter:data2\" content=\"9 perc\" \/>\n<!-- \/ Yoast SEO plugin. -->","yoast_head_json":{"title":"Bikepacking, avagy hogyan k\u00e9sz\u00fclj\u00fcnk fel egy ker\u00e9kp\u00e1rt\u00far\u00e1ra?&nbsp; - Sportano.hu Blog","robots":{"index":"index","follow":"follow","max-snippet":"max-snippet:-1","max-image-preview":"max-image-preview:large","max-video-preview":"max-video-preview:-1"},"canonical":"https:\/\/sportano.hu\/blog\/bikepacking-avagy-hogyan-keszuljunk-fel-egy-kerekparturara\/","og_locale":"hu_HU","og_type":"article","og_title":"Bikepacking, avagy hogyan k\u00e9sz\u00fclj\u00fcnk fel egy ker\u00e9kp\u00e1rt\u00far\u00e1ra?&nbsp; - Sportano.hu Blog","og_description":"A bikepacking a ker\u00e9kp\u00e1rral val\u00f3 utaz\u00e1s egy m\u00f3dja, amelynek k\u00f6sz\u00f6nhet\u0151en t\u00f6bbnapos kir\u00e1ndul\u00e1sokat tehet\u00fcnk kev\u00e9ss\u00e9 frekvent\u00e1lt \u00fatvonalakon, a sz\u00fcks\u00e9ges felszerel\u00e9st magunkkal v\u00edve. Mind\u00f6ssze annyit kell tennie, hogy megfelel\u0151en csomagoljon az erre a c\u00e9lra kialak\u00edtott ker\u00e9kp\u00e1ros t\u00e1sk\u00e1kba. N\u00e1lunk megtudhatod, hogyan v\u00e1gj bele a bikepacking-kalandba. Mi az a bikepacking?&nbsp; A bikepacking, m\u00e1s n\u00e9ven fast&amp;light riding vagy light off-road [&hellip;]","og_url":"https:\/\/sportano.hu\/blog\/bikepacking-avagy-hogyan-keszuljunk-fel-egy-kerekparturara\/","article_published_time":"2023-04-12T06:47:00+00:00","article_modified_time":"2025-07-14T10:36:26+00:00","og_image":[{"width":980,"height":692,"url":"http:\/\/sportano.hu\/blog\/wp-content\/uploads\/2023\/06\/bikepacking-avagy-hogyan-keszuljunk-fel-egy-kerekparturara.jpg","type":"image\/jpeg"}],"author":"Sylwia Stwora-Petela","twitter_card":"summary_large_image","twitter_misc":{"Szerz\u0151:":"Sylwia Stwora-Petela","Becs\u00fclt olvas\u00e1si id\u0151":"9 perc"},"schema":{"@context":"https:\/\/schema.org","@graph":[{"@type":"Article","@id":"https:\/\/sportano.hu\/blog\/bikepacking-avagy-hogyan-keszuljunk-fel-egy-kerekparturara\/#article","isPartOf":{"@id":"https:\/\/sportano.hu\/blog\/bikepacking-avagy-hogyan-keszuljunk-fel-egy-kerekparturara\/"},"author":{"name":"Sylwia Stwora-Petela","@id":"https:\/\/sportano.hu\/blog\/#\/schema\/person\/71cc03e69d6c63d290e6365378f2deab"},"headline":"Bikepacking, avagy hogyan k\u00e9sz\u00fclj\u00fcnk fel egy ker\u00e9kp\u00e1rt\u00far\u00e1ra?&nbsp;","datePublished":"2023-04-12T06:47:00+00:00","dateModified":"2025-07-14T10:36:26+00:00","mainEntityOfPage":{"@id":"https:\/\/sportano.hu\/blog\/bikepacking-avagy-hogyan-keszuljunk-fel-egy-kerekparturara\/"},"wordCount":2409,"publisher":{"@id":"https:\/\/sportano.hu\/blog\/#organization"},"image":{"@id":"https:\/\/sportano.hu\/blog\/bikepacking-avagy-hogyan-keszuljunk-fel-egy-kerekparturara\/#primaryimage"},"thumbnailUrl":"https:\/\/sportano.hu\/blog\/wp-content\/uploads\/2023\/06\/bikepacking-avagy-hogyan-keszuljunk-fel-egy-kerekparturara.jpg","articleSection":["Ker\u00e9kp\u00e1rok"],"inLanguage":"hu"},{"@type":"WebPage","@id":"https:\/\/sportano.hu\/blog\/bikepacking-avagy-hogyan-keszuljunk-fel-egy-kerekparturara\/","url":"https:\/\/sportano.hu\/blog\/bikepacking-avagy-hogyan-keszuljunk-fel-egy-kerekparturara\/","name":"Bikepacking, avagy hogyan k\u00e9sz\u00fclj\u00fcnk fel egy ker\u00e9kp\u00e1rt\u00far\u00e1ra?&nbsp; - Sportano.hu Blog","isPartOf":{"@id":"https:\/\/sportano.hu\/blog\/#website"},"primaryImageOfPage":{"@id":"https:\/\/sportano.hu\/blog\/bikepacking-avagy-hogyan-keszuljunk-fel-egy-kerekparturara\/#primaryimage"},"image":{"@id":"https:\/\/sportano.hu\/blog\/bikepacking-avagy-hogyan-keszuljunk-fel-egy-kerekparturara\/#primaryimage"},"thumbnailUrl":"https:\/\/sportano.hu\/blog\/wp-content\/uploads\/2023\/06\/bikepacking-avagy-hogyan-keszuljunk-fel-egy-kerekparturara.jpg","datePublished":"2023-04-12T06:47:00+00:00","dateModified":"2025-07-14T10:36:26+00:00","breadcrumb":{"@id":"https:\/\/sportano.hu\/blog\/bikepacking-avagy-hogyan-keszuljunk-fel-egy-kerekparturara\/#breadcrumb"},"inLanguage":"hu","potentialAction":[{"@type":"ReadAction","target":["https:\/\/sportano.hu\/blog\/bikepacking-avagy-hogyan-keszuljunk-fel-egy-kerekparturara\/"]}]},{"@type":"ImageObject","inLanguage":"hu","@id":"https:\/\/sportano.hu\/blog\/bikepacking-avagy-hogyan-keszuljunk-fel-egy-kerekparturara\/#primaryimage","url":"https:\/\/sportano.hu\/blog\/wp-content\/uploads\/2023\/06\/bikepacking-avagy-hogyan-keszuljunk-fel-egy-kerekparturara.jpg","contentUrl":"https:\/\/sportano.hu\/blog\/wp-content\/uploads\/2023\/06\/bikepacking-avagy-hogyan-keszuljunk-fel-egy-kerekparturara.jpg","width":980,"height":692,"caption":"Egy ker\u00e9kp\u00e1ros k\u00e9sz\u00fcl\u0151dik es\u0151s t\u00far\u00e1ra az \u00faton"},{"@type":"BreadcrumbList","@id":"https:\/\/sportano.hu\/blog\/bikepacking-avagy-hogyan-keszuljunk-fel-egy-kerekparturara\/#breadcrumb","itemListElement":[{"@type":"ListItem","position":1,"name":"F\u0151oldal","item":"https:\/\/sportano.hu\/blog\/"},{"@type":"ListItem","position":2,"name":"Bikepacking, avagy hogyan k\u00e9sz\u00fclj\u00fcnk fel egy ker\u00e9kp\u00e1rt\u00far\u00e1ra?&nbsp;"}]},{"@type":"WebSite","@id":"https:\/\/sportano.hu\/blog\/#website","url":"https:\/\/sportano.hu\/blog\/","name":"","description":"","publisher":{"@id":"https:\/\/sportano.hu\/blog\/#organization"},"potentialAction":[{"@type":"SearchAction","target":{"@type":"EntryPoint","urlTemplate":"https:\/\/sportano.hu\/blog\/?s={search_term_string}"},"query-input":{"@type":"PropertyValueSpecification","valueRequired":true,"valueName":"search_term_string"}}],"inLanguage":"hu"},{"@type":"Organization","@id":"https:\/\/sportano.hu\/blog\/#organization","name":"Sportano.pl","url":"https:\/\/sportano.hu\/blog\/","logo":{"@type":"ImageObject","inLanguage":"hu","@id":"https:\/\/sportano.hu\/blog\/#\/schema\/logo\/image\/","url":"http:\/\/sportano.hu\/blog\/wp-content\/uploads\/2022\/04\/sportano-blog-logo.png","contentUrl":"http:\/\/sportano.hu\/blog\/wp-content\/uploads\/2022\/04\/sportano-blog-logo.png","width":1200,"height":200,"caption":"Sportano.pl"},"image":{"@id":"https:\/\/sportano.hu\/blog\/#\/schema\/logo\/image\/"}},{"@type":"Person","@id":"https:\/\/sportano.hu\/blog\/#\/schema\/person\/71cc03e69d6c63d290e6365378f2deab","name":"Sylwia Stwora-Petela","image":{"@type":"ImageObject","inLanguage":"hu","@id":"https:\/\/sportano.hu\/blog\/#\/schema\/person\/image\/","url":"https:\/\/sportano.hu\/blog\/wp-content\/uploads\/nsl_avatars\/52d3b69495b3bb32dafd1c9e4d45ef6f.png","contentUrl":"https:\/\/sportano.hu\/blog\/wp-content\/uploads\/nsl_avatars\/52d3b69495b3bb32dafd1c9e4d45ef6f.png","caption":"Sylwia Stwora-Petela"}}]}},"_links":{"self":[{"href":"https:\/\/sportano.hu\/blog\/wp-json\/wp\/v2\/posts\/1264","targetHints":{"allow":["GET"]}}],"collection":[{"href":"https:\/\/sportano.hu\/blog\/wp-json\/wp\/v2\/posts"}],"about":[{"href":"https:\/\/sportano.hu\/blog\/wp-json\/wp\/v2\/types\/post"}],"author":[{"embeddable":true,"href":"https:\/\/sportano.hu\/blog\/wp-json\/wp\/v2\/users\/7"}],"replies":[{"embeddable":true,"href":"https:\/\/sportano.hu\/blog\/wp-json\/wp\/v2\/comments?post=1264"}],"version-history":[{"count":4,"href":"https:\/\/sportano.hu\/blog\/wp-json\/wp\/v2\/posts\/1264\/revisions"}],"predecessor-version":[{"id":2583,"href":"https:\/\/sportano.hu\/blog\/wp-json\/wp\/v2\/posts\/1264\/revisions\/2583"}],"wp:featuredmedia":[{"embeddable":true,"href":"https:\/\/sportano.hu\/blog\/wp-json\/wp\/v2\/media\/1266"}],"wp:attachment":[{"href":"https:\/\/sportano.hu\/blog\/wp-json\/wp\/v2\/media?parent=1264"}],"wp:term":[{"taxonomy":"category","embeddable":true,"href":"https:\/\/sportano.hu\/blog\/wp-json\/wp\/v2\/categories?post=1264"},{"taxonomy":"post_tag","embeddable":true,"href":"https:\/\/sportano.hu\/blog\/wp-json\/wp\/v2\/tags?post=1264"}],"curies":[{"name":"wp","href":"https:\/\/api.w.org\/{rel}","templated":true}]}}