{"id":1325,"date":"2024-01-09T13:01:03","date_gmt":"2024-01-09T13:01:03","guid":{"rendered":"https:\/\/sportano.hu\/blog\/kubek-w-gory-jaki-wybrac-najlepsze-kubki-termiczne-i-turystyczne-w-gory\/"},"modified":"2025-07-14T09:50:23","modified_gmt":"2025-07-14T09:50:23","slug":"kubek-w-gory-jaki-wybrac-najlepsze-kubki-termiczne-i-turystyczne-w-gory","status":"publish","type":"post","link":"https:\/\/sportano.hu\/blog\/kubek-w-gory-jaki-wybrac-najlepsze-kubki-termiczne-i-turystyczne-w-gory\/","title":{"rendered":"B\u00f6gre a hegyekbe &#8211; melyiket v\u00e1laszd? A hegyekbe sz\u00e1nt legjobb termikus \u00e9s utaz\u00f3b\u00f6gr\u00e9k"},"content":{"rendered":"\n<p><span><strong>A termikus b\u00f6gre lehet\u0151v\u00e9 teszi, hogy forr\u00f3 k\u00e1v\u00e9t vagy te\u00e1t fogyaszthass egy hegyi exped\u00edci\u00f3 sor\u00e1n, m\u00edg a t\u00farab\u00f6gre t\u00f6k\u00e9letes v\u00edz vagy leves kempingez\u00e9s sor\u00e1n t\u00f6rt\u00e9n\u0151 felmeleg\u00edt\u00e9s\u00e9re. Nem tudod eld\u00f6nteni, hogy melyik hegyi b\u00f6gr\u00e9t v\u00e1laszd? Megosztjuk veled, mi a k\u00fcl\u00f6nbs\u00e9g a termikus b\u00f6gre, a termosz \u00e9s az utaz\u00f3b\u00f6gre k\u00f6z\u00f6tt, valamint azt, hogy mire \u00e9rdemes odafigyelned, ha ilyen t\u00edpus\u00fa t\u00e1rol\u00f3ed\u00e9nyt v\u00e1s\u00e1rolsz, hogy j\u00f3 b\u00f6gr\u00e9t vihess a hegyekbe.<\/strong><\/span><\/p>\n\n\n\n<h2 class=\"wp-block-heading\"><span>Mi\u00e9rt \u00e9rdemes b\u00f6gr\u00e9t vinni a hegyekbe?&nbsp;<\/span><\/h2>\n\n\n\n<p><span>A <\/span>termikus b\u00f6gre <span>egy olyan t\u00e1rol\u00f3ed\u00e9ny, amely ac\u00e9lb\u00f3l k\u00e9sz\u00fclt dupla fal\u00fa \u00e9s v\u00e1kuumszigetel\u00e9ssel van ell\u00e1tva, amelynek k\u00f6sz\u00f6nhet\u0151en k\u00e9pes a lehet\u0151 legtov\u00e1bb fenntartani a megfelel\u0151 h\u0151m\u00e9rs\u00e9kletet mind a magas, mind az alacsony h\u0151m\u00e9rs\u00e9klet\u0171 italok eset\u00e9ben (nem engedi ki az ital h\u0151m\u00e9rs\u00e9klet\u00e9t). Egy ilyen b\u00f6gre lehet\u0151v\u00e9 teszi, hogy \u0151sszel \u00e9s t\u00e9len forr\u00f3 k\u00e1v\u00e9t vagy te\u00e1t fogyaszthass a hegyekben, valamint jeges vizet, jeges k\u00e1v\u00e9t, limon\u00e1d\u00e9t vagy sportitalt vihess magaddal a ny\u00e1ri kir\u00e1ndul\u00e1sokra. A piacon k\u00fcl\u00f6nb\u00f6z\u0151 kapacit\u00e1s\u00fa &#8211; \u00e1ltal\u00e1ban 250 ml-t\u0151l 750 ml-ig terjed\u0151 &#8211; modellek kaphat\u00f3k, \u00edgy k\u00f6nnyen kiv\u00e1laszthatod az ig\u00e9nyeidnek legmegfelel\u0151bb term\u00e9ket. A b\u00f6gre l\u00e9gmentesen z\u00e1rhat\u00f3, \u00edgy a t\u00e1sk\u00e1ban vagy a t\u00farah\u00e1tizs\u00e1kban is hordozhatod an\u00e9lk\u00fcl, hogy agg\u00f3dnod kellene amiatt, hogy ki\u00f6mlik. Egyes modellekhez speci\u00e1lis foganty\u00fa tartozik, amellyel a poharat a h\u00e1tizs\u00e1kodhoz r\u00f6gz\u00edtheted, ez\u00e1ltal k\u00f6nnyen el\u00e9rhet\u0151 k\u00f6zels\u00e9gben tarthatod. <\/span><\/p>\n\n\n\n<figure class=\"wp-block-image\"><img decoding=\"async\" src=\"https:\/\/sportano.hu\/blog\/wp-content\/uploads\/2024\/01\/gdi-659d4390170e7.png\" alt=\"H\u00f3sisakon egy snowboard, rajta v\u00e9d\u0151sisak, termoszok \u00e9s s\u00edszem\u00fcveg\"\/><\/figure>\n\n\n\n<p><span>A termikus b\u00f6gre nemcsak a hegyekben, kempingez\u00e9s, s\u00edel\u00e9s vagy snowboardoz\u00e1s sor\u00e1n bizonyul hasznosnak, hanem a mindennapok sor\u00e1n is &#8211; aut\u00f3val vagy t\u00f6megk\u00f6zleked\u00e9ssel val\u00f3 utaz\u00e1skor, v\u00e1rosi s\u00e9t\u00e1k alkalm\u00e1val, hideg napokon ker\u00e9kp\u00e1rt\u00far\u00e1n vagy horg\u00e1sz\u00e1skor. Haszn\u00e1lhatod az irod\u00e1ban vagy az egyetemen, hogy melegen tartsd a k\u00e1v\u00e9t vagy a te\u00e1t, ha a rohan\u00f3 munk\u00e1ban nincs id\u0151d meginni, de akkor is remek\u00fcl haszn\u00e1lhat\u00f3, ha gyermekednek szeretn\u00e9l forr\u00f3 italt biztos\u00edtani az iskolai reggelihez. R\u00e1ad\u00e1sul saj\u00e1t b\u00f6gr\u00e9vel egyes helyeken olcs\u00f3bban juthatsz k\u00e1v\u00e9hoz\/te\u00e1hoz, amivel hozz\u00e1j\u00e1rulhatsz a m\u0171anyagfelhaszn\u00e1l\u00e1s cs\u00f6kkent\u00e9s\u00e9hez.<\/span><\/p>\n\n\n\n<h2 class=\"wp-block-heading\"><span>Termikus b\u00f6gre vs. utaz\u00f3b\u00f6gre &#8211; mi a k\u00fcl\u00f6nbs\u00e9g?&nbsp;<\/span><\/h2>\n\n\n\n<p><span>A f\u0151 k\u00fcl\u00f6nbs\u00e9g az alkalmaz\u00e1sban rejlik. A termikus b\u00f6gr\u00e9t, ahogy m\u00e1r eml\u00edtett\u00fck, \u00fagy tervezt\u00e9k, hogy a folyad\u00e9kot hossz\u00fa ideig \u00e1lland\u00f3 h\u0151m\u00e9rs\u00e9kleten tartsa, \u00e9s lehet\u0151v\u00e9 tegye, hogy b\u00e1rmilyen k\u00f6r\u00fclm\u00e9nyek k\u00f6z\u00f6tt k\u00e9nyelmesen fogyaszthasd kedvenc italodat. L\u00e9gmentesen z\u00e1r\u00f3d\u00f3 fed\u00e9llel \u00e9s iv\u00f3r\u00e9sszel van ell\u00e1tva a fokozott iv\u00e1si k\u00e9nyelem \u00e9rdek\u00e9ben. Az utaz\u00f3b\u00f6gre eset\u00e9ben forr\u00f3 te\u00e1t, k\u00e1v\u00e9t vagy levest k\u00e9sz\u00edthetsz, mivel turista g\u00e1zf\u0151z\u0151n val\u00f3 f\u0151z\u00e9sre is alkalmas. Enn\u00e9lfogva kempingez\u00e9skor fog a legjobban bev\u00e1lni. L\u00e9gmentesen z\u00e1r\u00f3d\u00f3 fed\u00e9llel is rendelkezhet, ami tov\u00e1bb n\u00f6veli azt az id\u0151t, amely alatt az italt \u00e1lland\u00f3 h\u0151m\u00e9rs\u00e9kleten tartja. A termikus b\u00f6gr\u00e9kkel ellent\u00e9tben lehet\u0151v\u00e9 teszi, hogy sz\u00e9nsavas italokat ihass bel\u0151le (a termikus b\u00f6gr\u00e9be val\u00f3 \u00f6nt\u00e9s\u00fck k\u00f6zben azok sziv\u00e1roghatnak).<\/span><\/p>\n\n\n\n<figure class=\"wp-block-image\"><img decoding=\"async\" src=\"https:\/\/sportano.hu\/blog\/wp-content\/uploads\/2024\/01\/gdi-659d4392cde7c.png\" alt=\"Egy szem\u00e9ly termoszb\u00f3l italt \u00f6nt egy f\u00e9m b\u00f6gr\u00e9be\"\/><\/figure>\n\n\n\n<h2 class=\"wp-block-heading\"><span>Termikus b\u00f6gre vs termosz &nbsp;<\/span><\/h2>\n\n\n\n<p><span>Egyesek azt gondolj\u00e1k, hogy a termikus b\u00f6gre \u00e9s a termosz ugyanaz a fajta t\u00e1rol\u00f3ed\u00e9ny, ami nincs \u00edgy. Igen, mindkett\u0151 dupla fal\u00fa, szigetel\u0151r\u00e9teggel van ell\u00e1tva, ami \u00e1ltal alacsonyan vagy magasan tartj\u00e1k az ital h\u0151m\u00e9rs\u00e9klet\u00e9t, a termosz azonban t\u00f6bb literes kapacit\u00e1ssal rendelkezik, mint a termikus b\u00f6gre &#8211; 1-1,5 liter ital f\u00e9r bele, m\u00edg a b\u00f6gr\u00e9k \u00e1ltal\u00e1ban legfeljebb 750 ml-esek szoktak lenni. Kisebb m\u00e9ret\u00fck miatt a termikus b\u00f6gre k\u00e9zre\u00e1ll\u00f3bb \u00e9s k\u00e9nyelmesebben sz\u00e1ll\u00edthat\u00f3. Ezenk\u00edv\u00fcl a termikus b\u00f6gre rendelkezik egy k\u00fcl\u00f6n iv\u00f3r\u00e9sszel, amely megk\u00f6nny\u00edti \u00e9s k\u00e9nyelmess\u00e9 teszi, hogy a tartalmat k\u00f6zvetlen\u00fcl a t\u00e1rol\u00f3b\u00f3l igyuk meg, valamint egy z\u00e1r\u00f3szerkezettel, amely megakad\u00e1lyozza az ital v\u00e9letlen ki\u00f6ml\u00e9s\u00e9t. A termosz egy dug\u00f3 form\u00e1j\u00fa z\u00e1r\u00f3elemmel (n\u00e9ha az italfoly\u00e1s m\u00e9ret\u00e9nek szab\u00e1lyoz\u00e1s\u00e1ra szolg\u00e1l\u00f3 lehet\u0151s\u00e9ggel) \u00e9s egy kupakkal rendelkezik, amelyb\u0151l k\u00e1v\u00e9, tea vagy ak\u00e1r leves is ihat\u00f3. Ezen k\u00edv\u00fcl a termosznak lehet \u00fcvegbet\u00e9tje is, ami jelent\u0151sen megn\u00f6veli a s\u00faly\u00e1t, ami miatt kev\u00e9sb\u00e9 k\u00e9nyelmes a hossz\u00fa \u00e9s meger\u0151ltet\u0151 hegyi t\u00far\u00e1k sor\u00e1n. M\u00e1sr\u00e9szt viszont lehet\u0151v\u00e9 teszi, hogy t\u00f6bb szem\u00e9ly sz\u00e1m\u00e1ra k\u00e9sz\u00edthess italt, \u00edgy csal\u00e1di kir\u00e1ndul\u00e1sokhoz jobban megfelel.<\/span><\/p>\n\n\n\n<h2 class=\"wp-block-heading\"><span>Milyen a j\u00f3 min\u0151s\u00e9g\u0171 termikus b\u00f6gre? A legfontosabb jellemz\u0151k <\/span><\/h2>\n\n\n\n<p><span>Miel\u0151tt kiv\u00e1lasztasz egy adott termikus b\u00f6gr\u00e9t, \u00e9rdemes m\u00e9rlegelned, hogy mire \u00e9s mikor fogod haszn\u00e1lni, mivel ez t\u00f6bbek k\u00f6z\u00f6tt annak kapacit\u00e1s\u00e1t is befoly\u00e1solja. A termikus b\u00f6gre v\u00e1s\u00e1rl\u00e1sakor olyan k\u00e9rd\u00e9seket is sz\u00fcks\u00e9ges figyelembe venni, mint p\u00e9ld\u00e1ul: az anyag, amelyb\u0151l k\u00e9sz\u00fclt, a l\u00e9gz\u00e1r\u00f3s\u00e1g, a lez\u00e1r\u00e1s t\u00edpusa vagy az, hogy mennyi ideig tartja meg a k\u00edv\u00e1nt ital h\u0151m\u00e9rs\u00e9klet\u00e9t<\/span><span>.<\/span><span><\/span><\/p>\n\n\n\n<figure class=\"wp-block-image\"><img decoding=\"async\" src=\"https:\/\/sportano.hu\/blog\/wp-content\/uploads\/2024\/01\/gdi-659d43950fd6c.png\" alt=\"Egy t\u00far\u00e1z\u00f3 iszik egy modern kulacsb\u00f3l az erd\u0151ben\"\/><\/figure>\n\n\n\n<h3 class=\"wp-block-heading\"><span>Kapacit\u00e1s<\/span><\/h3>\n\n\n\n<p><span>A termikus b\u00f6gre kapacit\u00e1s\u00e1nak att\u00f3l sz\u00fcks\u00e9ges f\u00fcggenie, hogy hov\u00e1 \u00e9s mennyi id\u0151re m\u00e9sz, valamint milyen mennyis\u00e9gben van sz\u00fcks\u00e9ged a kedvenc italodra. A kisebb, 250-300 ml-es v\u00e1ltozatok j\u00f3l haszn\u00e1lhat\u00f3k r\u00f6vid s\u00e9t\u00e1khoz. A 300-400 ml \u0171rtartalm\u00fa termikus b\u00f6gr\u00e9ket egy n\u00e9h\u00e1ny \u00f3r\u00e1s hegyi kir\u00e1ndul\u00e1sra \u00e9rdemes magaddal vinned, m\u00edg a nagyobb, ak\u00e1r 500-750 ml-es modellek egynapos kir\u00e1ndul\u00e1sokra alkalmasak, amikor t\u00f6bb mennyis\u00e9g\u0171 te\u00e1ra vagy k\u00e1v\u00e9ra lehet sz\u00fcks\u00e9ged.<\/span><\/p>\n\n\n\n<h3 class=\"wp-block-heading\"><span>Anyag<\/span><\/h3>\n\n\n\n<p><span>A termikus b\u00f6gr\u00e9k m\u0171anyagb\u00f3l, rozsdamentes ac\u00e9lb\u00f3l vagy \u00fcvegb\u0151l (leggyakrabban k\u00e1v\u00e9hoz) k\u00e9sz\u00fclnek. V\u00e1laszd a rozsdamentes ac\u00e9lb\u00f3l k\u00e9sz\u00fclt modellt, mivel ez tartja meg a legtov\u00e1bb a h\u0151t. V\u00e1lassz olyan anyagb\u00f3l k\u00e9sz\u00fclt termikus b\u00f6gr\u00e9t, amely nem tartalmaz BPA-t, azaz az eg\u00e9szs\u00e9gre k\u00e1ros biszfenol A nev\u0171 vegyi anyagot. Ker\u00fcld a f\u00e9m-m\u0171anyag term\u00e9keket is, mivel ezek gyakran megrepednek az anyagok illeszt\u00e9sein\u00e9l.<\/span><\/p>\n\n\n\n<h3 class=\"wp-block-heading\"><span>Szigetel\u00e9s<\/span><\/h3>\n\n\n\n<p><span>Neh\u00e9z els\u0151 pillant\u00e1sra meg\u00edt\u00e9lni, de vannak bizonyos elemek, amelyek bizalmat adnak, hogy olyan modellt v\u00e1lasztasz, amely nem fog sziv\u00e1rogni, p\u00e9ld\u00e1ul a gumit\u00f6m\u00edt\u00e9sek \u00e9s a szilikon cs\u00faszka \u00e9s z\u00e1r, amely megakad\u00e1lyozza a v\u00e9letlen kiny\u00edl\u00e1st. J\u00f3 v\u00e1laszt\u00e1s lehet p\u00e9ld\u00e1ul egy k\u00e9tfokozat\u00fa ki\u00f6ml\u00e9sbiztos z\u00e1rrendszer.<\/span><\/p>\n\n\n\n<h3 class=\"wp-block-heading\"><span>Melegen tart\u00e1s<\/span><\/h3>\n\n\n\n<p><span>Egy termikus b\u00f6gre \u0151sszel \u00e9s t\u00e9len k\u00f6r\u00fclbel\u00fcl 6 \u00f3r\u00e1n kereszt\u00fcl k\u00e9pes melegen tartani egy italt (a legfejlettebb modellek ak\u00e1r t\u00f6bb mint t\u00edz \u00f3r\u00e1n \u00e1t is k\u00e9pesek \u00e1lland\u00f3 h\u0151m\u00e9rs\u00e9kletet biztos\u00edtani). A h\u0151tart\u00e1si id\u0151t meghosszabb\u00edthatod \u00fagy is, hogy a k\u00e1v\u00e9 vagy tea ki\u00f6nt\u00e9se el\u0151tt forr\u00f3 vizet \u00f6ntesz a b\u00f6gr\u00e9be (kb. 5 percig). Ny\u00e1ron a termikus b\u00f6gre a legjobb m\u00f3dja annak, hogy jeges te\u00e1val vagy j\u00e9ggel \u00edzes\u00edtett limon\u00e1d\u00e9val friss\u00edtsd fel magad &#8211; \u00e1ltal\u00e1ban az ilyen t\u00edpus\u00fa t\u00e1rol\u00f3ed\u00e9nyben t\u00e1rolt ital legal\u00e1bb 12 \u00f3r\u00e1n kereszt\u00fcl alacsonyan tartja a h\u0151m\u00e9rs\u00e9klet\u00e9t. Egy j\u00f3 termikus b\u00f6gre mindig h\u0171v\u00f6s marad, k\u00fcl\u00f6n\u00f6sen a foganty\u00fa, a fed\u00e9l \u00e9s az iv\u00f3r\u00e9sz, m\u00e9g akkor is, ha forr\u00f3 ital van benne. Ez azt igazolja, hogy a t\u00e1rol\u00f3ed\u00e9ny megfelel\u0151en szigeteli a h\u0151t. <\/span><\/p>\n\n\n\n<h3 class=\"wp-block-heading\"><span>Kivitel t\u00edpusa <\/span><\/h3>\n\n\n\n<p><span>A termikus b\u00f6gre rendelkezhet iv\u00f3r\u00e9sszel vagy csavarozhat\u00f3 fed\u00e9llel, nyom\u00f3gombos iv\u00f3ny\u00edl\u00e1ssal \u00e9s sz\u00ednk\u00f3dol\u00e1ssal, amely jelzi, hogy a fed\u00e9l z\u00e1rva van-e vagy sem. A n\u00e9pszer\u0171 kifoly\u00f3ny\u00edl\u00e1sok p\u00e9ld\u00e1ul szilikonb\u00f3l vagy PP m\u0171anyagb\u00f3l k\u00e9sz\u00fclnek, amelyek lehet\u0151v\u00e9 teszik, hogy a k\u00e1v\u00e9t vagy te\u00e1t k\u00f6zvetlen\u00fcl \u00e9s k\u00e9nyelmesen a b\u00f6gr\u00e9b\u0151l igyuk, valamint cs\u00f6kkentik a forr\u00f3 itallal val\u00f3 leforr\u00e1z\u00e1s kock\u00e1zat\u00e1t. \u00c9rdemes figyelembe venni a z\u00e1r\u00e1s egy k\u00e9zzel t\u00f6rt\u00e9n\u0151 m\u0171k\u00f6dtet\u00e9s\u00e9nek lehet\u0151s\u00e9g\u00e9t is (Click-Close), ami j\u00f3l j\u00f6n aut\u00f3vezet\u00e9skor, valamint t\u00e9len keszty\u0171 visel\u00e9sekor.<\/span><\/p>\n\n\n\n<h3 class=\"wp-block-heading\"><span>Kialak\u00edt\u00e1s<\/span><\/h3>\n\n\n\n<p><span>A piacon k\u00fcl\u00f6nb\u00f6z\u0151 form\u00e1j\u00fa \u00e9s kialak\u00edt\u00e1s\u00fa termikus b\u00f6gr\u00e9k vannak forgalomban &#8211; a klasszikus b\u00f6gr\u00e9re hasonl\u00edt\u00f3, f\u00fcles b\u00f6gr\u00e9kt\u0151l a palackra hasonl\u00edt\u00f3 b\u00f6gr\u00e9kig. Ha sokat utazol, p\u00e9ld\u00e1ul aut\u00f3val, v\u00e1lassz egy k\u00fapos alj\u00fa termikus b\u00f6gr\u00e9t, amely form\u00e1j\u00e1nak k\u00f6sz\u00f6nhet\u0151en j\u00f3l fekszik a kezedben \u00e9s k\u00f6nnyen elf\u00e9r az aut\u00f3 tart\u00f3j\u00e1ban. V\u00e1lassz cs\u00fasz\u00e1smentes aljjal \u00e9s ergonomikus, cs\u00fasz\u00e1smentes foganty\u00faval ell\u00e1tott modellt, vagy olyan matt lakkbevonattal ell\u00e1tott modellt, amelynek text\u00far\u00e1ja garant\u00e1lja a biztos fog\u00e1st. Gy\u0151z\u0151dj meg arr\u00f3l, hogy a termikus b\u00f6gre k\u00f6nnyen tiszt\u00edthat\u00f3 r\u00e9szekb\u0151l \u00e1ll (dug\u00f3 \u00e9s kupak), k\u00fcl\u00f6n\u00f6sen, ha a tejes k\u00e1v\u00e9 rajong\u00f3ja vagy \u00e9s a mosogat\u00f3g\u00e9pben szeretn\u00e9d mosni.<\/span><\/p>\n\n\n\n<figure class=\"wp-block-image\"><img decoding=\"async\" src=\"https:\/\/sportano.hu\/blog\/wp-content\/uploads\/2024\/01\/gdi-659d43967a33c.png\" alt=\"Rozsdamentes ac\u00e9l b\u00f6gre t\u00e1bort\u0171z mellett\"\/><\/figure>\n\n\n\n<h2 class=\"wp-block-heading\"><span>Utaz\u00f3b\u00f6gre fed\u00e9llel vagy fed\u00e9l n\u00e9lk\u00fcl? &nbsp;<\/span><\/h2>\n\n\n\n<p><span>Hegyi t\u00far\u00e1z\u00e1shoz, kempingez\u00e9shez vagy trekkinghez a termikus b\u00f6gre mellett hasznos az utaz\u00f3b\u00f6gre, amely nemcsak ital fogyaszt\u00e1s\u00e1ra, hanem v\u00edzforral\u00e1sra vagy meleg \u00e9tel k\u00e9sz\u00edt\u00e9s\u00e9re is haszn\u00e1lhat\u00f3. A fed\u00e9llel ell\u00e1tott utaz\u00f3b\u00f6gre praktikus v\u00e1laszt\u00e1s, ha az italt egyik helyr\u0151l a m\u00e1sikra kell sz\u00e1ll\u00edtanod, \u00e9s nem szeretn\u00e9d, hogy a tartalma ki\u00f6m\u00f6lj\u00f6n, valamint ha azt szeretn\u00e9d, hogy a k\u00e1v\u00e9\/tea\/leves tov\u00e1bb maradjon meleg.<\/span><\/p>\n\n\n\n<p><span>Mire \u00e9rdemes m\u00e9g odafigyelned az utaz\u00f3b\u00f6gre v\u00e1s\u00e1rl\u00e1sakor?<\/span><\/p>\n\n\n\n<ul class=\"wp-block-list\">\n<li><span>anyag <\/span><span>\u2013 <\/span><span>a legjobb v\u00e1laszt\u00e1s a rozsdamentes ac\u00e9l, az alum\u00ednium vagy a tit\u00e1n (sz\u00e9ls\u0151s\u00e9ges k\u00f6r\u00fclm\u00e9nyek k\u00f6z\u00f6tt is j\u00f3l teljes\u00edt)<\/span><span>;<\/span><\/li>\n\n\n\n<li><span>kapacit\u00e1s<\/span><span> \u2013 <\/span><span>a tervezett felhaszn\u00e1l\u00e1st\u00f3l f\u00fcgg, ha a tea vagy instant leves mellett f\u0151zni is szeretn\u00e9l vele, pl. fagyasztva sz\u00e1r\u00edtott \u00e9teleket, v\u00e1lassz 400-500 ml kapacit\u00e1s\u00fa modellt<\/span><span>;  <\/span><\/li>\n\n\n\n<li><span>forma \u2013 \u00e1ltal\u00e1ban az utaz\u00f3b\u00f6gr\u00e9k egyszer\u0171 form\u00e1j\u00faak, p\u00e9ld\u00e1ul a foganty\u00fa \u00f6sszehajt\u00e1s\u00e1nak lehet\u0151s\u00e9g\u00e9vel rendelkeznek, ami remek megold\u00e1s a h\u00e1tizs\u00e1kban val\u00f3 helytakar\u00e9koss\u00e1gra.<\/span><\/li>\n<\/ul>\n\n\n\n<h2 class=\"wp-block-heading\"><span>A Sportano.hu-n el\u00e9rhet\u0151, hegyekbe sz\u00e1nt legjobb termikus \u00e9s utaz\u00f3b\u00f6gr\u00e9k<\/span><\/h2>\n\n\n\n<p><span>Egy <strong>j\u00f3 <a href=\"https:\/\/sportano.hu\/konyha-kemping\/bogrek\" target=\"_blank\" rel=\"noreferrer noopener\">termikus b\u00f6gre<\/a><\/strong> kiv\u00e1laszt\u00e1sakor \u00e9rdemes egy neves c\u00e9g term\u00e9k\u00e9t v\u00e1lasztani, \u00e9s nem egy olcs\u00f3 piaci megfelel\u0151t, mert az ut\u00f3bbi \u00e1ltal\u00e1ban nem tartja mag\u00e1ban olyan sok\u00e1ig a h\u0151t. \u00c1ltal\u00e1ban kev\u00e9sb\u00e9 is szigetel, \u00e9s rossz min\u0151s\u00e9g\u0171 m\u0171anyagb\u00f3l k\u00e9sz\u00fcl, aminek k\u00f6sz\u00f6nhet\u0151en kedvenc italunk fogyaszt\u00e1sa k\u00f6zben kellemetlen szagokat \u00e9rezhet\u00fcnk. R\u00e1ad\u00e1sul a tart\u00f3ss\u00e1ga is gyeng\u00e9bb, mint a j\u00f3l bev\u00e1lt, l\u00e9gmentesen z\u00e1r\u00f3d\u00f3 \u00e9s k\u00f6nnyen tiszt\u00edthat\u00f3, rozsdamentes ac\u00e9lb\u00f3l k\u00e9sz\u00fclt termikus b\u00f6gr\u00e9k\u00e9. Az <strong>utaz\u00f3b\u00f6gr\u00e9k<\/strong> eset\u00e9ben is fontos, hogy figyelj a teljes\u00edtm\u00e9nyre \u00e9s a gy\u00e1rt\u00e1s min\u0151s\u00e9g\u00e9re. A Sportano.hu weboldalon kiv\u00e1l\u00f3 min\u0151s\u00e9g\u0171 termikus \u00e9s t\u00farab\u00f6gr\u00e9ket tal\u00e1lsz olyan profi gy\u00e1rt\u00f3kt\u00f3l, mint a <strong>Kambukka, Tatonka, FOX International, Delphin <\/strong>vagy a<strong> RidgeMonkey<\/strong>.<\/span><\/p>\n","protected":false},"excerpt":{"rendered":"<p>A termikus b\u00f6gre lehet\u0151v\u00e9 teszi, hogy forr\u00f3 k\u00e1v\u00e9t vagy te\u00e1t fogyaszthass egy hegyi exped\u00edci\u00f3 sor\u00e1n, m\u00edg a t\u00farab\u00f6gre t\u00f6k\u00e9letes v\u00edz vagy leves kempingez\u00e9s sor\u00e1n t\u00f6rt\u00e9n\u0151 felmeleg\u00edt\u00e9s\u00e9re. Nem tudod eld\u00f6nteni, hogy melyik hegyi b\u00f6gr\u00e9t v\u00e1laszd? Megosztjuk veled, mi a k\u00fcl\u00f6nbs\u00e9g a termikus b\u00f6gre, a termosz \u00e9s az utaz\u00f3b\u00f6gre k\u00f6z\u00f6tt, valamint azt, hogy mire \u00e9rdemes odafigyelned, ha [&hellip;]<\/p>\n","protected":false},"author":7,"featured_media":1331,"comment_status":"closed","ping_status":"closed","sticky":false,"template":"","format":"standard","meta":{"_acf_changed":false,"footnotes":""},"categories":[35],"tags":[],"class_list":["post-1325","post","type-post","status-publish","format-standard","has-post-thumbnail","hentry","category-turizmus"],"acf":[],"yoast_head":"<!-- This site is optimized with the Yoast SEO plugin v27.1.1 - https:\/\/yoast.com\/product\/yoast-seo-wordpress\/ -->\n<title>B\u00f6gre a hegyekbe - melyiket v\u00e1laszd? A hegyekbe sz\u00e1nt legjobb termikus \u00e9s utaz\u00f3b\u00f6gr\u00e9k - Sportano.hu Blog<\/title>\n<meta name=\"robots\" content=\"index, follow, max-snippet:-1, max-image-preview:large, max-video-preview:-1\" \/>\n<link rel=\"canonical\" href=\"https:\/\/sportano.hu\/blog\/kubek-w-gory-jaki-wybrac-najlepsze-kubki-termiczne-i-turystyczne-w-gory\/\" \/>\n<meta property=\"og:locale\" content=\"hu_HU\" \/>\n<meta property=\"og:type\" content=\"article\" \/>\n<meta property=\"og:title\" content=\"B\u00f6gre a hegyekbe - melyiket v\u00e1laszd? A hegyekbe sz\u00e1nt legjobb termikus \u00e9s utaz\u00f3b\u00f6gr\u00e9k - Sportano.hu Blog\" \/>\n<meta property=\"og:description\" content=\"A termikus b\u00f6gre lehet\u0151v\u00e9 teszi, hogy forr\u00f3 k\u00e1v\u00e9t vagy te\u00e1t fogyaszthass egy hegyi exped\u00edci\u00f3 sor\u00e1n, m\u00edg a t\u00farab\u00f6gre t\u00f6k\u00e9letes v\u00edz vagy leves kempingez\u00e9s sor\u00e1n t\u00f6rt\u00e9n\u0151 felmeleg\u00edt\u00e9s\u00e9re. Nem tudod eld\u00f6nteni, hogy melyik hegyi b\u00f6gr\u00e9t v\u00e1laszd? Megosztjuk veled, mi a k\u00fcl\u00f6nbs\u00e9g a termikus b\u00f6gre, a termosz \u00e9s az utaz\u00f3b\u00f6gre k\u00f6z\u00f6tt, valamint azt, hogy mire \u00e9rdemes odafigyelned, ha [&hellip;]\" \/>\n<meta property=\"og:url\" content=\"https:\/\/sportano.hu\/blog\/kubek-w-gory-jaki-wybrac-najlepsze-kubki-termiczne-i-turystyczne-w-gory\/\" \/>\n<meta property=\"article:published_time\" content=\"2024-01-09T13:01:03+00:00\" \/>\n<meta property=\"article:modified_time\" content=\"2025-07-14T09:50:23+00:00\" \/>\n<meta property=\"og:image\" content=\"http:\/\/sportano.hu\/blog\/wp-content\/uploads\/2024\/01\/gdi-659d439912533.png\" \/>\n\t<meta property=\"og:image:width\" content=\"816\" \/>\n\t<meta property=\"og:image:height\" content=\"426\" \/>\n\t<meta property=\"og:image:type\" content=\"image\/png\" \/>\n<meta name=\"author\" content=\"Sylwia Stwora-Petela\" \/>\n<meta name=\"twitter:card\" content=\"summary_large_image\" \/>\n<meta name=\"twitter:label1\" content=\"Szerz\u0151:\" \/>\n\t<meta name=\"twitter:data1\" content=\"Sylwia Stwora-Petela\" \/>\n\t<meta name=\"twitter:label2\" content=\"Becs\u00fclt olvas\u00e1si id\u0151\" \/>\n\t<meta name=\"twitter:data2\" content=\"9 perc\" \/>\n<!-- \/ Yoast SEO plugin. -->","yoast_head_json":{"title":"B\u00f6gre a hegyekbe - melyiket v\u00e1laszd? A hegyekbe sz\u00e1nt legjobb termikus \u00e9s utaz\u00f3b\u00f6gr\u00e9k - Sportano.hu Blog","robots":{"index":"index","follow":"follow","max-snippet":"max-snippet:-1","max-image-preview":"max-image-preview:large","max-video-preview":"max-video-preview:-1"},"canonical":"https:\/\/sportano.hu\/blog\/kubek-w-gory-jaki-wybrac-najlepsze-kubki-termiczne-i-turystyczne-w-gory\/","og_locale":"hu_HU","og_type":"article","og_title":"B\u00f6gre a hegyekbe - melyiket v\u00e1laszd? A hegyekbe sz\u00e1nt legjobb termikus \u00e9s utaz\u00f3b\u00f6gr\u00e9k - Sportano.hu Blog","og_description":"A termikus b\u00f6gre lehet\u0151v\u00e9 teszi, hogy forr\u00f3 k\u00e1v\u00e9t vagy te\u00e1t fogyaszthass egy hegyi exped\u00edci\u00f3 sor\u00e1n, m\u00edg a t\u00farab\u00f6gre t\u00f6k\u00e9letes v\u00edz vagy leves kempingez\u00e9s sor\u00e1n t\u00f6rt\u00e9n\u0151 felmeleg\u00edt\u00e9s\u00e9re. Nem tudod eld\u00f6nteni, hogy melyik hegyi b\u00f6gr\u00e9t v\u00e1laszd? Megosztjuk veled, mi a k\u00fcl\u00f6nbs\u00e9g a termikus b\u00f6gre, a termosz \u00e9s az utaz\u00f3b\u00f6gre k\u00f6z\u00f6tt, valamint azt, hogy mire \u00e9rdemes odafigyelned, ha [&hellip;]","og_url":"https:\/\/sportano.hu\/blog\/kubek-w-gory-jaki-wybrac-najlepsze-kubki-termiczne-i-turystyczne-w-gory\/","article_published_time":"2024-01-09T13:01:03+00:00","article_modified_time":"2025-07-14T09:50:23+00:00","og_image":[{"width":816,"height":426,"url":"http:\/\/sportano.hu\/blog\/wp-content\/uploads\/2024\/01\/gdi-659d439912533.png","type":"image\/png"}],"author":"Sylwia Stwora-Petela","twitter_card":"summary_large_image","twitter_misc":{"Szerz\u0151:":"Sylwia Stwora-Petela","Becs\u00fclt olvas\u00e1si id\u0151":"9 perc"},"schema":{"@context":"https:\/\/schema.org","@graph":[{"@type":"Article","@id":"https:\/\/sportano.hu\/blog\/kubek-w-gory-jaki-wybrac-najlepsze-kubki-termiczne-i-turystyczne-w-gory\/#article","isPartOf":{"@id":"https:\/\/sportano.hu\/blog\/kubek-w-gory-jaki-wybrac-najlepsze-kubki-termiczne-i-turystyczne-w-gory\/"},"author":{"name":"Sylwia Stwora-Petela","@id":"https:\/\/sportano.hu\/blog\/#\/schema\/person\/71cc03e69d6c63d290e6365378f2deab"},"headline":"B\u00f6gre a hegyekbe &#8211; melyiket v\u00e1laszd? A hegyekbe sz\u00e1nt legjobb termikus \u00e9s utaz\u00f3b\u00f6gr\u00e9k","datePublished":"2024-01-09T13:01:03+00:00","dateModified":"2025-07-14T09:50:23+00:00","mainEntityOfPage":{"@id":"https:\/\/sportano.hu\/blog\/kubek-w-gory-jaki-wybrac-najlepsze-kubki-termiczne-i-turystyczne-w-gory\/"},"wordCount":2150,"publisher":{"@id":"https:\/\/sportano.hu\/blog\/#organization"},"image":{"@id":"https:\/\/sportano.hu\/blog\/kubek-w-gory-jaki-wybrac-najlepsze-kubki-termiczne-i-turystyczne-w-gory\/#primaryimage"},"thumbnailUrl":"https:\/\/sportano.hu\/blog\/wp-content\/uploads\/2024\/01\/gdi-659d439912533.png","articleSection":["Turizmus"],"inLanguage":"hu"},{"@type":"WebPage","@id":"https:\/\/sportano.hu\/blog\/kubek-w-gory-jaki-wybrac-najlepsze-kubki-termiczne-i-turystyczne-w-gory\/","url":"https:\/\/sportano.hu\/blog\/kubek-w-gory-jaki-wybrac-najlepsze-kubki-termiczne-i-turystyczne-w-gory\/","name":"B\u00f6gre a hegyekbe - melyiket v\u00e1laszd? A hegyekbe sz\u00e1nt legjobb termikus \u00e9s utaz\u00f3b\u00f6gr\u00e9k - Sportano.hu Blog","isPartOf":{"@id":"https:\/\/sportano.hu\/blog\/#website"},"primaryImageOfPage":{"@id":"https:\/\/sportano.hu\/blog\/kubek-w-gory-jaki-wybrac-najlepsze-kubki-termiczne-i-turystyczne-w-gory\/#primaryimage"},"image":{"@id":"https:\/\/sportano.hu\/blog\/kubek-w-gory-jaki-wybrac-najlepsze-kubki-termiczne-i-turystyczne-w-gory\/#primaryimage"},"thumbnailUrl":"https:\/\/sportano.hu\/blog\/wp-content\/uploads\/2024\/01\/gdi-659d439912533.png","datePublished":"2024-01-09T13:01:03+00:00","dateModified":"2025-07-14T09:50:23+00:00","breadcrumb":{"@id":"https:\/\/sportano.hu\/blog\/kubek-w-gory-jaki-wybrac-najlepsze-kubki-termiczne-i-turystyczne-w-gory\/#breadcrumb"},"inLanguage":"hu","potentialAction":[{"@type":"ReadAction","target":["https:\/\/sportano.hu\/blog\/kubek-w-gory-jaki-wybrac-najlepsze-kubki-termiczne-i-turystyczne-w-gory\/"]}]},{"@type":"ImageObject","inLanguage":"hu","@id":"https:\/\/sportano.hu\/blog\/kubek-w-gory-jaki-wybrac-najlepsze-kubki-termiczne-i-turystyczne-w-gory\/#primaryimage","url":"https:\/\/sportano.hu\/blog\/wp-content\/uploads\/2024\/01\/gdi-659d439912533.png","contentUrl":"https:\/\/sportano.hu\/blog\/wp-content\/uploads\/2024\/01\/gdi-659d439912533.png","width":816,"height":426,"caption":"S\u00e1rga kulacs l\u00e1that\u00f3 a szikl\u00e1k k\u00f6z\u00f6tt, h\u00e1tt\u00e9rben hegyekkel"},{"@type":"BreadcrumbList","@id":"https:\/\/sportano.hu\/blog\/kubek-w-gory-jaki-wybrac-najlepsze-kubki-termiczne-i-turystyczne-w-gory\/#breadcrumb","itemListElement":[{"@type":"ListItem","position":1,"name":"F\u0151oldal","item":"https:\/\/sportano.hu\/blog\/"},{"@type":"ListItem","position":2,"name":"B\u00f6gre a hegyekbe &#8211; melyiket v\u00e1laszd? A hegyekbe sz\u00e1nt legjobb termikus \u00e9s utaz\u00f3b\u00f6gr\u00e9k"}]},{"@type":"WebSite","@id":"https:\/\/sportano.hu\/blog\/#website","url":"https:\/\/sportano.hu\/blog\/","name":"","description":"","publisher":{"@id":"https:\/\/sportano.hu\/blog\/#organization"},"potentialAction":[{"@type":"SearchAction","target":{"@type":"EntryPoint","urlTemplate":"https:\/\/sportano.hu\/blog\/?s={search_term_string}"},"query-input":{"@type":"PropertyValueSpecification","valueRequired":true,"valueName":"search_term_string"}}],"inLanguage":"hu"},{"@type":"Organization","@id":"https:\/\/sportano.hu\/blog\/#organization","name":"Sportano.pl","url":"https:\/\/sportano.hu\/blog\/","logo":{"@type":"ImageObject","inLanguage":"hu","@id":"https:\/\/sportano.hu\/blog\/#\/schema\/logo\/image\/","url":"http:\/\/sportano.hu\/blog\/wp-content\/uploads\/2022\/04\/sportano-blog-logo.png","contentUrl":"http:\/\/sportano.hu\/blog\/wp-content\/uploads\/2022\/04\/sportano-blog-logo.png","width":1200,"height":200,"caption":"Sportano.pl"},"image":{"@id":"https:\/\/sportano.hu\/blog\/#\/schema\/logo\/image\/"}},{"@type":"Person","@id":"https:\/\/sportano.hu\/blog\/#\/schema\/person\/71cc03e69d6c63d290e6365378f2deab","name":"Sylwia Stwora-Petela","image":{"@type":"ImageObject","inLanguage":"hu","@id":"https:\/\/sportano.hu\/blog\/#\/schema\/person\/image\/","url":"https:\/\/sportano.hu\/blog\/wp-content\/uploads\/nsl_avatars\/52d3b69495b3bb32dafd1c9e4d45ef6f.png","contentUrl":"https:\/\/sportano.hu\/blog\/wp-content\/uploads\/nsl_avatars\/52d3b69495b3bb32dafd1c9e4d45ef6f.png","caption":"Sylwia Stwora-Petela"}}]}},"_links":{"self":[{"href":"https:\/\/sportano.hu\/blog\/wp-json\/wp\/v2\/posts\/1325","targetHints":{"allow":["GET"]}}],"collection":[{"href":"https:\/\/sportano.hu\/blog\/wp-json\/wp\/v2\/posts"}],"about":[{"href":"https:\/\/sportano.hu\/blog\/wp-json\/wp\/v2\/types\/post"}],"author":[{"embeddable":true,"href":"https:\/\/sportano.hu\/blog\/wp-json\/wp\/v2\/users\/7"}],"replies":[{"embeddable":true,"href":"https:\/\/sportano.hu\/blog\/wp-json\/wp\/v2\/comments?post=1325"}],"version-history":[{"count":9,"href":"https:\/\/sportano.hu\/blog\/wp-json\/wp\/v2\/posts\/1325\/revisions"}],"predecessor-version":[{"id":2557,"href":"https:\/\/sportano.hu\/blog\/wp-json\/wp\/v2\/posts\/1325\/revisions\/2557"}],"wp:featuredmedia":[{"embeddable":true,"href":"https:\/\/sportano.hu\/blog\/wp-json\/wp\/v2\/media\/1331"}],"wp:attachment":[{"href":"https:\/\/sportano.hu\/blog\/wp-json\/wp\/v2\/media?parent=1325"}],"wp:term":[{"taxonomy":"category","embeddable":true,"href":"https:\/\/sportano.hu\/blog\/wp-json\/wp\/v2\/categories?post=1325"},{"taxonomy":"post_tag","embeddable":true,"href":"https:\/\/sportano.hu\/blog\/wp-json\/wp\/v2\/tags?post=1325"}],"curies":[{"name":"wp","href":"https:\/\/api.w.org\/{rel}","templated":true}]}}