{"id":1363,"date":"2024-01-12T14:35:40","date_gmt":"2024-01-12T14:35:40","guid":{"rendered":"https:\/\/sportano.hu\/blog\/hogyan-valassz-kezilabdat-kezilabda-tipusok-es-meretek-gyermek-ifjusagi-es-felnott-jatekosok-szamara\/"},"modified":"2025-11-21T13:58:00","modified_gmt":"2025-11-21T13:58:00","slug":"hogyan-valassz-kezilabdat-kezilabda-tipusok-es-meretek-gyermek-ifjusagi-es-felnott-jatekosok-szamara","status":"publish","type":"post","link":"https:\/\/sportano.hu\/blog\/hogyan-valassz-kezilabdat-kezilabda-tipusok-es-meretek-gyermek-ifjusagi-es-felnott-jatekosok-szamara\/","title":{"rendered":"Hogyan v\u00e1lassz k\u00e9zilabd\u00e1t? K\u00e9zilabda t\u00edpusok \u00e9s m\u00e9retek gyermek, ifj\u00fas\u00e1gi \u00e9s feln\u0151tt j\u00e1t\u00e9kosok sz\u00e1m\u00e1ra"},"content":{"rendered":"\n<p><span><strong>A megfelel\u0151 k\u00e9zilabda kiv\u00e1laszt\u00e1sa kulcsfontoss\u00e1g\u00fa a p\u00e1ly\u00e1n val\u00f3 sikerhez, ak\u00e1r fiatalabb, ak\u00e1r id\u0151sebb csapatj\u00e1t\u00e9kos vagy. Minden koroszt\u00e1ly \u00e9s j\u00e1t\u00e9kszint m\u00e1s-m\u00e1s t\u00edpus\u00fa labd\u00e1t ig\u00e9nyel, hogy a j\u00e1t\u00e9kosok megfelel\u0151 kontrollt, fog\u00e1st \u00e9s pontoss\u00e1got tudjanak el\u00e9rni. Ismerd meg a k\u00e9zilabda fel\u00e9p\u00edt\u00e9s\u00e9t, valamint a gyermek, ifj\u00fas\u00e1gi \u00e9s feln\u0151tt j\u00e1t\u00e9kosok sz\u00e1m\u00e1ra k\u00e9sz\u00fclt labd\u00e1k m\u00e9reteit \u00e9s t\u00edpusait, hogy kiv\u00e1laszthasd az ig\u00e9nyeinek legmegfelel\u0151bb felszerel\u00e9st.<\/strong><\/span><\/p>\n\n\n\n<h2 class=\"wp-block-heading\"><span>K\u00e9zilabda &#8211; jellemz\u0151k<\/span><\/h2>\n\n\n\n<p><span>A k\u00e9zilabda viszonylag kicsi m\u00e1s sportlabd\u00e1khoz, p\u00e9ld\u00e1ul a kos\u00e1rlabd\u00e1hoz, a r\u00f6plabd\u00e1hoz vagy a futball-labd\u00e1hoz k\u00e9pest. Ker\u00fclete (koroszt\u00e1lyt\u00f3l f\u00fcgg\u0151en) 50 \u00e9s 60 cm k\u00f6z\u00f6tt van, s\u00falya pedig 290 \u00e9s 475 gramm k\u00f6z\u00f6tt van. A labda \u00e9letkornak, nemnek vagy edzetts\u00e9gi szintnek megfelel\u0151 s\u00falya megk\u00f6nny\u00edti annak j\u00e1t\u00e9k k\u00f6zbeni ir\u00e1ny\u00edt\u00e1s\u00e1t \u00e9s kezel\u00e9s\u00e9t. A k\u00e9zilabda belsej\u00e9ben l\u00e9v\u0151 szabv\u00e1nyos nyom\u00e1s 0,6 bar. A megfelel\u0151 nyom\u00e1s fontos ahhoz, hogy a labda j\u00e1t\u00e9k k\u00f6zben megfelel\u0151en kezelhet\u0151 lehessen<\/span><span>.<\/span><\/p>\n\n\n\n<p><span>A k\u00e9zilabd\u00e1kban term\u00e9szetes b\u0151rb\u0151l vagy szintetikus anyagokb\u00f3l, p\u00e9ld\u00e1ul poliuret\u00e1nb\u00f3l k\u00e9sz\u00fclt bor\u00edt\u00e1s\u00fa labd\u00e1k ker\u00fclnek felhaszn\u00e1l\u00e1sra. A b\u0151rlabd\u00e1k hagyom\u00e1nyosabbak, strapab\u00edr\u00f3bbak \u00e9s puha tapint\u00e1s\u00faak, m\u00edg a szintetikus modellek id\u0151t\u00e1ll\u00f3bbak \u00e9s jobban ellen\u00e1llnak a nagy ig\u00e9nybev\u00e9telnek valamint az id\u0151j\u00e1r\u00e1si k\u00f6r\u00fclm\u00e9nyeknek. T\u00f6k\u00e9letesen alkalmasak belt\u00e9ri \u00e9s k\u00fclt\u00e9ri j\u00e1t\u00e9kra. A k\u00e9zilabda belsej\u00e9ben egy bels\u0151 cs\u0151 tal\u00e1lhat\u00f3 &#8211; ide\u00e1lis esetben ez latexb\u0151l k\u00e9sz\u00fcl, mivel j\u00f3l tartja a leveg\u0151t \u00e9s nem hajlamos a deform\u00e1ci\u00f3ra<\/span><span>.<\/span><\/p>\n\n\n\n<p><span>A <\/span><span><strong>k\u00e9zilabd\u00e1nak<\/strong><\/span><span> 32<\/span><span> db <\/span><span>jellegzetes, \u00e1ltal\u00e1ban hatsz\u00f6g alak<\/span><span>\u00fa<\/span><span> lapja van, amely \u00f6ssze van varrva vagy ragasztva. Ezenk\u00edv\u00fcl a fel\u00fclete dombor\u00fa \u00e9s cs\u00fasz\u00e1smentes, ami seg\u00edti a j\u00e1t\u00e9kosokat a labda jobb fog\u00e1s\u00e1ban \u00e9s ir\u00e1ny\u00edt\u00e1s\u00e1ban. A k\u00e9zilabda t\u00f6bbf\u00e9le sz\u00ednben \u00e9s mint\u00e1val is k\u00e9sz\u00fclhet, hogy j\u00e1t\u00e9k k\u00f6zben l\u00e1that\u00f3bb legyen.<\/span><\/p>\n\n\n\n<p><span>\u00c9rdemes megjegyezni, hogy a k\u00e9zilabd\u00e1knak szigor\u00fa el\u0151\u00edr\u00e1soknak kell megfelelni\u00fck, \u00e9s a nemzetk\u00f6zi sz\u00f6vets\u00e9gek, p\u00e9ld\u00e1ul <\/span><span><strong>az IHF (International Handball Federation, vagyis Nemzetk\u00f6zi K\u00e9zilabda Sz\u00f6vets\u00e9g) \u00e9s az EHF (European Handball Federation\/Eur\u00f3pai K\u00e9zilabda Sz\u00f6vets\u00e9g)<\/strong><\/span><span> \u00e1ltal j\u00f3v\u00e1hagyottnak kell lenni\u00fck. Ez k\u00fcl\u00f6n\u00f6sen igaz a hivatalos versenyeken \u00e9s m\u00e9rk\u0151z\u00e9seken val\u00f3 haszn\u00e1latra. A m\u00e9retre, s\u00falyra, anyagra \u00e9s egy\u00e9b tulajdons\u00e1gokra vonatkoz\u00f3 speci\u00e1lis el\u0151\u00edr\u00e1soknak megfelel\u0151en a k\u00e9zilabd\u00e1t a j\u00e1t\u00e9k k\u00f6zbeni teljes\u00edtm\u00e9ny \u00e9s a biztons\u00e1g szempontj\u00e1b\u00f3l optimaliz\u00e1lj\u00e1k<\/span><span>.<\/span><\/p>\n\n\n\n<h2 class=\"wp-block-heading\"><span>K\u00e9zilabda m\u00e9retek<\/span><\/h2>\n\n\n\n<p><span>A k\u00e9zilabd\u00e1k sokf\u00e9le m\u00e9retben \u00e9rhet\u0151k el &#8211; <\/span><span><strong>a 00-as m\u00e9rett\u0151l a 3-as m\u00e9retig<\/strong><\/span><span>. Az \u00e9letkornak \u00e9s nemnek megfelel\u0151 illeszked\u00e9s itt rendk\u00edv\u00fcl fontos, mert ez teszi lehet\u0151v\u00e9 a maxim\u00e1lis teljes\u00edtm\u00e9nyt \u00e9s a j\u00e1t\u00e9k \u00e9lvezet\u00e9t, valamint el\u0151seg\u00edti a k\u00e9szs\u00e9gfejleszt\u00e9st. A t\u00fal nagy labda haszn\u00e1lata frusztr\u00e1l\u00f3 lehet, mivel nem tudja az ember megfelel\u0151en elkapni, \u00e9s nem tudja majd pontosan lepasszolni vagy eldobni. \u00c9rdemes megjegyezni, hogy ezek a m\u00e9retek \u00e1ltal\u00e1nos ir\u00e1nymutat\u00e1sok, amelyek gy\u00e1rt\u00f3nk\u00e9nt n\u00e9mileg elt\u00e9rhetnek, ez\u00e9rt mindig \u00e9rdemes ellen\u0151rizni, hogy <\/span><span><strong>milyen m\u00e9ret\u0171 k\u00e9zilabd\u00e1kat<\/strong><\/span><span> aj\u00e1nlanak az adott bajnoks\u00e1ghoz, torn\u00e1hoz vagy versenyhez, amelyen r\u00e9szt k\u00edv\u00e1nsz venni<\/span><span>.<\/span><\/p>\n\n\n\n<figure class=\"wp-block-image\"><img decoding=\"async\" src=\"https:\/\/sportano.hu\/blog\/wp-content\/uploads\/2024\/01\/gdi-65a14e3d2d4ae.jpeg\" alt=\"Egy k\u00e9zilabd\u00e1z\u00f3 j\u00e1t\u00e9kos c\u00e9lba dob a kapu fel\u00e9, mik\u00f6zben sportfelszerel\u00e9s\u00fcnket viseli\"\/><\/figure>\n\n\n\n<h3 class=\"wp-block-heading\"><span>00 \u00e9s 0-\u00e1s m\u00e9ret\u0171 k\u00e9zilabda<\/span><\/h3>\n\n\n\n<p><span>A<strong> 00-\u00e1s m\u00e9ret\u0171 k\u00e9zilabd\u00e1kat<\/strong> 6 \u00e9v alatti gyermekek sz\u00e1m\u00e1ra tervezt\u00e9k. Ker\u00fclete<\/span> <span>44-46 cm, s\u00falyuk 180-200 g k\u00f6z\u00f6tt van. A <strong>0-\u00e1s m\u00e9ret\u0171 modellek<\/strong> pedig (ker\u00fclet<\/span> <span>47-50 cm, s\u00faly 200-270g) 6 \u00e9s 8 \u00e9v k\u00f6z\u00f6tti gyermekek edz\u00e9s\u00e9re alkalmasak.<\/span><\/p>\n\n\n\n<p><span>A 0 \u00e9s 00-\u00e1s m\u00e9ret nem hivatalos, mivel az IHF nem szabv\u00e1nyos\u00edtotta \u0151ket. Kiz\u00e1r\u00f3lag a legfiatalabb k\u00e9zilabd\u00e1z\u00f3k edz\u00e9s\u00e9re szolg\u00e1lnak, akiknek kisebb \u00e9s k\u00f6nnyebb labd\u00e1ra van sz\u00fcks\u00e9g\u00fck a j\u00e1t\u00e9khoz \u00e9s az alapvet\u0151 k\u00e9szs\u00e9gek elsaj\u00e1t\u00edt\u00e1s\u00e1hoz<\/span><span>.<\/span><\/p>\n\n\n\n<h3 class=\"wp-block-heading\"><span>1-es m\u00e9ret\u0171 k\u00e9zilabda<\/span><\/h3>\n\n\n\n<p><span>Az <strong>1-es m\u00e9ret\u0171 k\u00e9zilabda<\/strong> <\/span>ker\u00fclete <span>50-52 cm, 290 \u00e9s 330 g k\u00f6z\u00f6tti s\u00faly\u00fa modell. Ezt a m\u00e9retet a fiatalabb j\u00e1t\u00e9kosoknak, gyakran iskol\u00e1skor\u00faaknak, kisfi\u00faknak (8-12 \u00e9vesek) \u00e9s kisl\u00e1nyoknak (8-14 \u00e9vesek) aj\u00e1nljuk.<\/span><\/p>\n\n\n\n<h3 class=\"wp-block-heading\"><span>2-es m\u00e9ret\u0171 k\u00e9zilabda<\/span><\/h3>\n\n\n\n<p><span>A <strong>2-es m\u00e9ret\u0171 k\u00e9zilabd\u00e1t<\/strong> ker\u00fclete 54-56 cm \u00e9s 325-375 g s\u00faly jellemzi. Az ilyen m\u00e9ret\u0171 k\u00e9zilabd\u00e1kat amat\u0151r \u00e9s profi versenyeken haszn\u00e1lj\u00e1k a (14 \u00e9ves \u00e9s id\u0151sebb) l\u00e1nyok \u00e9s a 12-16 \u00e9ves fi\u00fak.<\/span><\/p>\n\n\n\n<h3 class=\"wp-block-heading\"><span>3-as m\u00e9ret\u0171 k\u00e9zilabda<\/span><\/h3>\n\n\n\n<p><span>Az <strong>3-as m\u00e9ret\u0171 k\u00e9zilabda<\/strong> ker\u00fclete 58-60 cm, s\u00falya pedig \u00e1ltal\u00e1ban 425-475 g k\u00f6z\u00f6tt van. Az ilyen m\u00e9ret\u0171 labd\u00e1kat fi\u00fak (16 \u00e9ves kor ut\u00e1n) \u00e9s f\u00e9rfiak haszn\u00e1lj\u00e1k amat\u0151r \u00e9s profi szinten egyar\u00e1nt.<\/span><\/p>\n\n\n\n<figure class=\"wp-block-image\"><img decoding=\"async\" src=\"https:\/\/sportano.hu\/blog\/wp-content\/uploads\/2024\/01\/gdi-65a14e3ddb617.jpeg\" alt=\"Sportol\u00f3 k\u00e9zilabd\u00e1val, fekete sportruh\u00e1zatban egy k\u00e9k p\u00e1ly\u00e1n\"\/><\/figure>\n\n\n\n<h2 class=\"wp-block-heading\"><span>Edz\u0151- vagy meccslabda &#8211; melyik k\u00e9zilabd\u00e1t v\u00e1laszd?<\/span><\/h2>\n\n\n\n<p><span>Az <\/span><span><strong>edz\u0151- \u00e9s a meccsk\u00e9zilabda<\/strong><\/span><span> k\u00f6z\u00f6tti v\u00e1laszt\u00e1s a j\u00e1t\u00e9kszintedt\u0151l, a j\u00e1t\u00e9kc\u00e9ljaidt\u00f3l \u00e9s a k\u00f6lts\u00e9gvet\u00e9sedt\u0151l f\u00fcgg. A legt\u00f6bb j\u00e1t\u00e9kos sz\u00e1m\u00e1ra a legjobb v\u00e1laszt\u00e1s mindk\u00e9t t\u00edpus az\u00e9rt, hogy a j\u00e1t\u00e9k min\u0151s\u00e9g\u00e9nek meg\u0151rz\u00e9se mellett gyakorolhasson \u00e9s felk\u00e9sz\u00fclhessen a hivatalos m\u00e9rk\u0151z\u00e9sekre<\/span><span>.<\/span><\/p>\n\n\n\n<p><span>A gyakorl\u00f3 labd\u00e1t napi edz\u00e9sre \u00e9s gyakorl\u00e1sra tervezt\u00e9k. \u00c1ltal\u00e1ban id\u0151t\u00e1ll\u00f3bb, ami azt jelenti, hogy hossz\u00fa \u00f3r\u00e1kig tart\u00f3 intenz\u00edv haszn\u00e1latot is kib\u00edr. Tart\u00f3ss\u00e1ga \u00e9s hozz\u00e1f\u00e9rhet\u0151s\u00e9ge miatt j\u00f3 v\u00e1laszt\u00e1s, ha fiatalabb j\u00e1t\u00e9kosokat edzel vagy tan\u00edtasz, illetve akkor, ha kezd\u0151 j\u00e1t\u00e9kos vagy. A gyakorl\u00f3 labd\u00e1k \u00e1ltal\u00e1ban olcs\u00f3bbak, mint a meccslabd\u00e1k, \u00edgy az \u00e1tlagos j\u00e1t\u00e9kosok sz\u00e1m\u00e1ra is el\u00e9rhet\u0151bbek<\/span><span>.<\/span><\/p>\n\n\n\n<p><span>A meccslabda viszont hivatalos m\u00e9rk\u0151z\u00e9sek \u00e9s versenyek sor\u00e1n haszn\u00e1latos. \u00c1ltal\u00e1ban pontosabban kiegyens\u00falyozott \u00e9s jobb min\u0151s\u00e9g\u0171 anyagokb\u00f3l k\u00e9sz\u00fcl, ami jobb ir\u00e1ny\u00edt\u00e1st \u00e9s pontoss\u00e1got tesz lehet\u0151v\u00e9 a dob\u00e1sok \u00e9s passzok sor\u00e1n. Ha halad\u00f3 j\u00e1t\u00e9kos vagy \u00e9s magas szint\u0171 versenyeken j\u00e1tszol, \u00e9rdemes beruh\u00e1znod egy j\u00f3 meccslabd\u00e1ba, hogy a legjobb teljes\u00edtm\u00e9nyt ny\u00fajthasd<\/span><span>.<\/span><\/p>\n\n\n\n<h2 class=\"wp-block-heading\"><span>Milyen k\u00e9zilabda j\u00f3 a strandk\u00e9zilabd\u00e1hoz?<\/span><\/h2>\n\n\n\n<p><span>Az \u00fagynevezett <strong>street handball, vagy belt\u00e9ri k\u00e9zilabda<\/strong> mellett l\u00e9tezik egy m\u00e1sodik t\u00edpus, a <strong>strandk\u00e9zilabda<\/strong>. Ezt szintetikus anyagokb\u00f3l gy\u00e1rtj\u00e1k a mechanikai s\u00e9r\u00fcl\u00e9sekkel \u00e9s az id\u0151j\u00e1r\u00e1si k\u00f6r\u00fclm\u00e9nyekkel szembeni nagyfok\u00fa ellen\u00e1ll\u00f3 k\u00e9pess\u00e9ge miatt. M\u00e9rete is szorosan \u00f6sszef\u00fcgg a j\u00e1t\u00e9kosok nem\u00e9vel \u00e9s \u00e9letkor\u00e1val. A gyerekek strandk\u00e9zilabd\u00e1t kis ker\u00fclet\u0171 gumimodellel j\u00e1tssz\u00e1k. A n\u0151k 50-53 cm <\/span>ker\u00fclete <span>\u00e9s 280-300 g s\u00faly\u00fa labd\u00e1t szoktak haszn\u00e1lni, m\u00edg a f\u00e9rfiak 54-56 cm <\/span>ker\u00fclete <span>\u00e9s 350-370 g s\u00faly\u00fa labd\u00e1val j\u00e1tszanak.<\/span><\/p>\n\n\n\n<p><span>\u00d6sszefoglalva, ha fejleszteni szeretn\u00e9d k\u00e9zilabd\u00e1s k\u00e9pess\u00e9geidet, vagy be k\u00edv\u00e1nod vezetni gyermekedet ennek a dinamikus \u00e9s leny\u0171g\u00f6z\u0151 csapatsportnak a vil\u00e1g\u00e1ba, ne feledd, hogy a labda m\u00e9ret\u00e9t \u00e9letkorod, edzetts\u00e9gi szinted \u00e9s nemed szerint v\u00e1laszd meg. A k\u00e9zilabda gy\u00e1rt\u00e1s\u00e1nak pontoss\u00e1ga \u00e9s a felhaszn\u00e1lt anyagok min\u0151s\u00e9ge is fontos, ez\u00e9rt mindig az elismert m\u00e1rk\u00e1k modelljeit \u00e9rdemes v\u00e1lasztanod. A <strong>Sportano.hu<\/strong> weboldalon olyan gy\u00e1rt\u00f3k <\/span><a href=\"https:\/\/sportano.hu\/kezilabda\/kezilabda-labdak\"><span><u>k\u00e9zilabd\u00e1it<\/u><\/span><\/a><span> gy\u0171jt\u00f6tt\u00fck \u00f6ssze gyerekeknek, fiataloknak \u00e9s feln\u0151tteknek egyar\u00e1nt, mint a <strong>SELECT, ERIMA, Kempa, Hummel, Joma, Molten <\/strong>vagy a<strong> PUMA<\/strong>.<\/span><\/p>\n","protected":false},"excerpt":{"rendered":"<p>A megfelel\u0151 k\u00e9zilabda kiv\u00e1laszt\u00e1sa kulcsfontoss\u00e1g\u00fa a p\u00e1ly\u00e1n val\u00f3 sikerhez, ak\u00e1r fiatalabb, ak\u00e1r id\u0151sebb csapatj\u00e1t\u00e9kos vagy. Minden koroszt\u00e1ly \u00e9s j\u00e1t\u00e9kszint m\u00e1s-m\u00e1s t\u00edpus\u00fa labd\u00e1t ig\u00e9nyel, hogy a j\u00e1t\u00e9kosok megfelel\u0151 kontrollt, fog\u00e1st \u00e9s pontoss\u00e1got tudjanak el\u00e9rni. Ismerd meg a k\u00e9zilabda fel\u00e9p\u00edt\u00e9s\u00e9t, valamint a gyermek, ifj\u00fas\u00e1gi \u00e9s feln\u0151tt j\u00e1t\u00e9kosok sz\u00e1m\u00e1ra k\u00e9sz\u00fclt labd\u00e1k m\u00e9reteit \u00e9s t\u00edpusait, hogy kiv\u00e1laszthasd az ig\u00e9nyeinek [&hellip;]<\/p>\n","protected":false},"author":7,"featured_media":1367,"comment_status":"closed","ping_status":"closed","sticky":false,"template":"","format":"standard","meta":{"_acf_changed":false,"footnotes":""},"categories":[25],"tags":[],"class_list":["post-1363","post","type-post","status-publish","format-standard","has-post-thumbnail","hentry","category-csapatsportok"],"acf":[],"yoast_head":"<!-- This site is optimized with the Yoast SEO plugin v27.1.1 - https:\/\/yoast.com\/product\/yoast-seo-wordpress\/ -->\n<title>Hogyan v\u00e1lassz k\u00e9zilabd\u00e1t? K\u00e9zilabda t\u00edpusok \u00e9s m\u00e9retek gyermek, ifj\u00fas\u00e1gi \u00e9s feln\u0151tt j\u00e1t\u00e9kosok sz\u00e1m\u00e1ra - Sportano.hu Blog<\/title>\n<meta name=\"robots\" content=\"index, follow, max-snippet:-1, max-image-preview:large, max-video-preview:-1\" \/>\n<link rel=\"canonical\" href=\"https:\/\/sportano.hu\/blog\/hogyan-valassz-kezilabdat-kezilabda-tipusok-es-meretek-gyermek-ifjusagi-es-felnott-jatekosok-szamara\/\" \/>\n<meta property=\"og:locale\" content=\"hu_HU\" \/>\n<meta property=\"og:type\" content=\"article\" \/>\n<meta property=\"og:title\" content=\"Hogyan v\u00e1lassz k\u00e9zilabd\u00e1t? K\u00e9zilabda t\u00edpusok \u00e9s m\u00e9retek gyermek, ifj\u00fas\u00e1gi \u00e9s feln\u0151tt j\u00e1t\u00e9kosok sz\u00e1m\u00e1ra - Sportano.hu Blog\" \/>\n<meta property=\"og:description\" content=\"A megfelel\u0151 k\u00e9zilabda kiv\u00e1laszt\u00e1sa kulcsfontoss\u00e1g\u00fa a p\u00e1ly\u00e1n val\u00f3 sikerhez, ak\u00e1r fiatalabb, ak\u00e1r id\u0151sebb csapatj\u00e1t\u00e9kos vagy. Minden koroszt\u00e1ly \u00e9s j\u00e1t\u00e9kszint m\u00e1s-m\u00e1s t\u00edpus\u00fa labd\u00e1t ig\u00e9nyel, hogy a j\u00e1t\u00e9kosok megfelel\u0151 kontrollt, fog\u00e1st \u00e9s pontoss\u00e1got tudjanak el\u00e9rni. Ismerd meg a k\u00e9zilabda fel\u00e9p\u00edt\u00e9s\u00e9t, valamint a gyermek, ifj\u00fas\u00e1gi \u00e9s feln\u0151tt j\u00e1t\u00e9kosok sz\u00e1m\u00e1ra k\u00e9sz\u00fclt labd\u00e1k m\u00e9reteit \u00e9s t\u00edpusait, hogy kiv\u00e1laszthasd az ig\u00e9nyeinek [&hellip;]\" \/>\n<meta property=\"og:url\" content=\"https:\/\/sportano.hu\/blog\/hogyan-valassz-kezilabdat-kezilabda-tipusok-es-meretek-gyermek-ifjusagi-es-felnott-jatekosok-szamara\/\" \/>\n<meta property=\"article:published_time\" content=\"2024-01-12T14:35:40+00:00\" \/>\n<meta property=\"article:modified_time\" content=\"2025-11-21T13:58:00+00:00\" \/>\n<meta property=\"og:image\" content=\"http:\/\/sportano.hu\/blog\/wp-content\/uploads\/2024\/01\/gdi-65a14e3e92782.jpeg\" \/>\n\t<meta property=\"og:image:width\" content=\"816\" \/>\n\t<meta property=\"og:image:height\" content=\"426\" \/>\n\t<meta property=\"og:image:type\" content=\"image\/jpeg\" \/>\n<meta name=\"author\" content=\"Sylwia Stwora-Petela\" \/>\n<meta name=\"twitter:card\" content=\"summary_large_image\" \/>\n<meta name=\"twitter:label1\" content=\"Szerz\u0151:\" \/>\n\t<meta name=\"twitter:data1\" content=\"Sylwia Stwora-Petela\" \/>\n\t<meta name=\"twitter:label2\" content=\"Becs\u00fclt olvas\u00e1si id\u0151\" \/>\n\t<meta name=\"twitter:data2\" content=\"6 perc\" \/>\n<!-- \/ Yoast SEO plugin. -->","yoast_head_json":{"title":"Hogyan v\u00e1lassz k\u00e9zilabd\u00e1t? K\u00e9zilabda t\u00edpusok \u00e9s m\u00e9retek gyermek, ifj\u00fas\u00e1gi \u00e9s feln\u0151tt j\u00e1t\u00e9kosok sz\u00e1m\u00e1ra - Sportano.hu Blog","robots":{"index":"index","follow":"follow","max-snippet":"max-snippet:-1","max-image-preview":"max-image-preview:large","max-video-preview":"max-video-preview:-1"},"canonical":"https:\/\/sportano.hu\/blog\/hogyan-valassz-kezilabdat-kezilabda-tipusok-es-meretek-gyermek-ifjusagi-es-felnott-jatekosok-szamara\/","og_locale":"hu_HU","og_type":"article","og_title":"Hogyan v\u00e1lassz k\u00e9zilabd\u00e1t? K\u00e9zilabda t\u00edpusok \u00e9s m\u00e9retek gyermek, ifj\u00fas\u00e1gi \u00e9s feln\u0151tt j\u00e1t\u00e9kosok sz\u00e1m\u00e1ra - Sportano.hu Blog","og_description":"A megfelel\u0151 k\u00e9zilabda kiv\u00e1laszt\u00e1sa kulcsfontoss\u00e1g\u00fa a p\u00e1ly\u00e1n val\u00f3 sikerhez, ak\u00e1r fiatalabb, ak\u00e1r id\u0151sebb csapatj\u00e1t\u00e9kos vagy. Minden koroszt\u00e1ly \u00e9s j\u00e1t\u00e9kszint m\u00e1s-m\u00e1s t\u00edpus\u00fa labd\u00e1t ig\u00e9nyel, hogy a j\u00e1t\u00e9kosok megfelel\u0151 kontrollt, fog\u00e1st \u00e9s pontoss\u00e1got tudjanak el\u00e9rni. Ismerd meg a k\u00e9zilabda fel\u00e9p\u00edt\u00e9s\u00e9t, valamint a gyermek, ifj\u00fas\u00e1gi \u00e9s feln\u0151tt j\u00e1t\u00e9kosok sz\u00e1m\u00e1ra k\u00e9sz\u00fclt labd\u00e1k m\u00e9reteit \u00e9s t\u00edpusait, hogy kiv\u00e1laszthasd az ig\u00e9nyeinek [&hellip;]","og_url":"https:\/\/sportano.hu\/blog\/hogyan-valassz-kezilabdat-kezilabda-tipusok-es-meretek-gyermek-ifjusagi-es-felnott-jatekosok-szamara\/","article_published_time":"2024-01-12T14:35:40+00:00","article_modified_time":"2025-11-21T13:58:00+00:00","og_image":[{"width":816,"height":426,"url":"http:\/\/sportano.hu\/blog\/wp-content\/uploads\/2024\/01\/gdi-65a14e3e92782.jpeg","type":"image\/jpeg"}],"author":"Sylwia Stwora-Petela","twitter_card":"summary_large_image","twitter_misc":{"Szerz\u0151:":"Sylwia Stwora-Petela","Becs\u00fclt olvas\u00e1si id\u0151":"6 perc"},"schema":{"@context":"https:\/\/schema.org","@graph":[{"@type":"Article","@id":"https:\/\/sportano.hu\/blog\/hogyan-valassz-kezilabdat-kezilabda-tipusok-es-meretek-gyermek-ifjusagi-es-felnott-jatekosok-szamara\/#article","isPartOf":{"@id":"https:\/\/sportano.hu\/blog\/hogyan-valassz-kezilabdat-kezilabda-tipusok-es-meretek-gyermek-ifjusagi-es-felnott-jatekosok-szamara\/"},"author":{"name":"Sylwia Stwora-Petela","@id":"https:\/\/sportano.hu\/blog\/#\/schema\/person\/71cc03e69d6c63d290e6365378f2deab"},"headline":"Hogyan v\u00e1lassz k\u00e9zilabd\u00e1t? K\u00e9zilabda t\u00edpusok \u00e9s m\u00e9retek gyermek, ifj\u00fas\u00e1gi \u00e9s feln\u0151tt j\u00e1t\u00e9kosok sz\u00e1m\u00e1ra","datePublished":"2024-01-12T14:35:40+00:00","dateModified":"2025-11-21T13:58:00+00:00","mainEntityOfPage":{"@id":"https:\/\/sportano.hu\/blog\/hogyan-valassz-kezilabdat-kezilabda-tipusok-es-meretek-gyermek-ifjusagi-es-felnott-jatekosok-szamara\/"},"wordCount":1444,"publisher":{"@id":"https:\/\/sportano.hu\/blog\/#organization"},"image":{"@id":"https:\/\/sportano.hu\/blog\/hogyan-valassz-kezilabdat-kezilabda-tipusok-es-meretek-gyermek-ifjusagi-es-felnott-jatekosok-szamara\/#primaryimage"},"thumbnailUrl":"https:\/\/sportano.hu\/blog\/wp-content\/uploads\/2024\/01\/gdi-65a14e3e92782.jpeg","articleSection":["Csapatsportok"],"inLanguage":"hu"},{"@type":"WebPage","@id":"https:\/\/sportano.hu\/blog\/hogyan-valassz-kezilabdat-kezilabda-tipusok-es-meretek-gyermek-ifjusagi-es-felnott-jatekosok-szamara\/","url":"https:\/\/sportano.hu\/blog\/hogyan-valassz-kezilabdat-kezilabda-tipusok-es-meretek-gyermek-ifjusagi-es-felnott-jatekosok-szamara\/","name":"Hogyan v\u00e1lassz k\u00e9zilabd\u00e1t? K\u00e9zilabda t\u00edpusok \u00e9s m\u00e9retek gyermek, ifj\u00fas\u00e1gi \u00e9s feln\u0151tt j\u00e1t\u00e9kosok sz\u00e1m\u00e1ra - Sportano.hu Blog","isPartOf":{"@id":"https:\/\/sportano.hu\/blog\/#website"},"primaryImageOfPage":{"@id":"https:\/\/sportano.hu\/blog\/hogyan-valassz-kezilabdat-kezilabda-tipusok-es-meretek-gyermek-ifjusagi-es-felnott-jatekosok-szamara\/#primaryimage"},"image":{"@id":"https:\/\/sportano.hu\/blog\/hogyan-valassz-kezilabdat-kezilabda-tipusok-es-meretek-gyermek-ifjusagi-es-felnott-jatekosok-szamara\/#primaryimage"},"thumbnailUrl":"https:\/\/sportano.hu\/blog\/wp-content\/uploads\/2024\/01\/gdi-65a14e3e92782.jpeg","datePublished":"2024-01-12T14:35:40+00:00","dateModified":"2025-11-21T13:58:00+00:00","breadcrumb":{"@id":"https:\/\/sportano.hu\/blog\/hogyan-valassz-kezilabdat-kezilabda-tipusok-es-meretek-gyermek-ifjusagi-es-felnott-jatekosok-szamara\/#breadcrumb"},"inLanguage":"hu","potentialAction":[{"@type":"ReadAction","target":["https:\/\/sportano.hu\/blog\/hogyan-valassz-kezilabdat-kezilabda-tipusok-es-meretek-gyermek-ifjusagi-es-felnott-jatekosok-szamara\/"]}]},{"@type":"ImageObject","inLanguage":"hu","@id":"https:\/\/sportano.hu\/blog\/hogyan-valassz-kezilabdat-kezilabda-tipusok-es-meretek-gyermek-ifjusagi-es-felnott-jatekosok-szamara\/#primaryimage","url":"https:\/\/sportano.hu\/blog\/wp-content\/uploads\/2024\/01\/gdi-65a14e3e92782.jpeg","contentUrl":"https:\/\/sportano.hu\/blog\/wp-content\/uploads\/2024\/01\/gdi-65a14e3e92782.jpeg","width":816,"height":426,"caption":"K\u00e9zilabda j\u00e1t\u00e9kos k\u00e9zben tart egy k\u00e9zilabd\u00e1t"},{"@type":"BreadcrumbList","@id":"https:\/\/sportano.hu\/blog\/hogyan-valassz-kezilabdat-kezilabda-tipusok-es-meretek-gyermek-ifjusagi-es-felnott-jatekosok-szamara\/#breadcrumb","itemListElement":[{"@type":"ListItem","position":1,"name":"F\u0151oldal","item":"https:\/\/sportano.hu\/blog\/"},{"@type":"ListItem","position":2,"name":"Hogyan v\u00e1lassz k\u00e9zilabd\u00e1t? K\u00e9zilabda t\u00edpusok \u00e9s m\u00e9retek gyermek, ifj\u00fas\u00e1gi \u00e9s feln\u0151tt j\u00e1t\u00e9kosok sz\u00e1m\u00e1ra"}]},{"@type":"WebSite","@id":"https:\/\/sportano.hu\/blog\/#website","url":"https:\/\/sportano.hu\/blog\/","name":"","description":"","publisher":{"@id":"https:\/\/sportano.hu\/blog\/#organization"},"potentialAction":[{"@type":"SearchAction","target":{"@type":"EntryPoint","urlTemplate":"https:\/\/sportano.hu\/blog\/?s={search_term_string}"},"query-input":{"@type":"PropertyValueSpecification","valueRequired":true,"valueName":"search_term_string"}}],"inLanguage":"hu"},{"@type":"Organization","@id":"https:\/\/sportano.hu\/blog\/#organization","name":"Sportano.pl","url":"https:\/\/sportano.hu\/blog\/","logo":{"@type":"ImageObject","inLanguage":"hu","@id":"https:\/\/sportano.hu\/blog\/#\/schema\/logo\/image\/","url":"http:\/\/sportano.hu\/blog\/wp-content\/uploads\/2022\/04\/sportano-blog-logo.png","contentUrl":"http:\/\/sportano.hu\/blog\/wp-content\/uploads\/2022\/04\/sportano-blog-logo.png","width":1200,"height":200,"caption":"Sportano.pl"},"image":{"@id":"https:\/\/sportano.hu\/blog\/#\/schema\/logo\/image\/"}},{"@type":"Person","@id":"https:\/\/sportano.hu\/blog\/#\/schema\/person\/71cc03e69d6c63d290e6365378f2deab","name":"Sylwia Stwora-Petela","image":{"@type":"ImageObject","inLanguage":"hu","@id":"https:\/\/sportano.hu\/blog\/#\/schema\/person\/image\/","url":"https:\/\/sportano.hu\/blog\/wp-content\/uploads\/nsl_avatars\/52d3b69495b3bb32dafd1c9e4d45ef6f.png","contentUrl":"https:\/\/sportano.hu\/blog\/wp-content\/uploads\/nsl_avatars\/52d3b69495b3bb32dafd1c9e4d45ef6f.png","caption":"Sylwia Stwora-Petela"}}]}},"_links":{"self":[{"href":"https:\/\/sportano.hu\/blog\/wp-json\/wp\/v2\/posts\/1363","targetHints":{"allow":["GET"]}}],"collection":[{"href":"https:\/\/sportano.hu\/blog\/wp-json\/wp\/v2\/posts"}],"about":[{"href":"https:\/\/sportano.hu\/blog\/wp-json\/wp\/v2\/types\/post"}],"author":[{"embeddable":true,"href":"https:\/\/sportano.hu\/blog\/wp-json\/wp\/v2\/users\/7"}],"replies":[{"embeddable":true,"href":"https:\/\/sportano.hu\/blog\/wp-json\/wp\/v2\/comments?post=1363"}],"version-history":[{"count":7,"href":"https:\/\/sportano.hu\/blog\/wp-json\/wp\/v2\/posts\/1363\/revisions"}],"predecessor-version":[{"id":3250,"href":"https:\/\/sportano.hu\/blog\/wp-json\/wp\/v2\/posts\/1363\/revisions\/3250"}],"wp:featuredmedia":[{"embeddable":true,"href":"https:\/\/sportano.hu\/blog\/wp-json\/wp\/v2\/media\/1367"}],"wp:attachment":[{"href":"https:\/\/sportano.hu\/blog\/wp-json\/wp\/v2\/media?parent=1363"}],"wp:term":[{"taxonomy":"category","embeddable":true,"href":"https:\/\/sportano.hu\/blog\/wp-json\/wp\/v2\/categories?post=1363"},{"taxonomy":"post_tag","embeddable":true,"href":"https:\/\/sportano.hu\/blog\/wp-json\/wp\/v2\/tags?post=1363"}],"curies":[{"name":"wp","href":"https:\/\/api.w.org\/{rel}","templated":true}]}}