{"id":1454,"date":"2024-01-24T13:30:07","date_gmt":"2024-01-24T13:30:07","guid":{"rendered":"https:\/\/sportano.hu\/blog\/primaloft-mi-az-a-szintetikus-szigeteles-jobban-teljesit-a-kulteri-ruhazatban-mint-a-termeszetes-pehely\/"},"modified":"2025-07-14T11:36:53","modified_gmt":"2025-07-14T11:36:53","slug":"primaloft-mi-az-a-szintetikus-szigeteles-jobban-teljesit-a-kulteri-ruhazatban-mint-a-termeszetes-pehely","status":"publish","type":"post","link":"https:\/\/sportano.hu\/blog\/primaloft-mi-az-a-szintetikus-szigeteles-jobban-teljesit-a-kulteri-ruhazatban-mint-a-termeszetes-pehely\/","title":{"rendered":"PrimaLoft\u00ae &#8211; mi az? A szintetikus szigetel\u00e9s jobban teljes\u00edt a k\u00fclt\u00e9ri ruh\u00e1zatban, mint a term\u00e9szetes pehely?"},"content":{"rendered":"\n<p><span><\/span><\/p>\n\n\n\n<p><span><strong>PrimaLoft\u00ae t\u00edpus\u00fa szintetikus pehely vagy term\u00e9szetes pehely? Ez az egyik legnagyobb dilemma, amellyel a szabadt\u00e9ri sportol\u00f3knak szembe kell n\u00e9zni\u00fck, amikor t\u00e9li fels\u0151ruh\u00e1t v\u00e1s\u00e1rolnak. Bejegyz\u00e9s\u00fcnkb\u0151l megtudhatod, mi az a PrimaLoft\u00ae, milyen tulajdons\u00e1gokkal rendelkezik, \u00e9s milyen helyzetekben el\u0151ny\u00f6sebb, mint a liba- vagy kacsapehely.<\/strong><\/span><\/p>\n\n\n\n<h2 class=\"wp-block-heading\"><span>Mi az a PrimaLoft\u00ae?<\/span><\/h2>\n\n\n\n<p><span>A Primaloft\u00ae egy szintetikus, mikrosz\u00e1lakb\u00f3l k\u00e9sz\u00fclt szigetel\u0151anyag, amely az 1980-as \u00e9vekben ker\u00fclt kifejleszt\u00e9sre az amerikai hadsereg sz\u00e1m\u00e1ra. A munka egy olyan sz\u00f6vet feltal\u00e1l\u00e1s\u00e1n, amely ugyanolyan j\u00f3 szigetel\u00e9st biztos\u00edt, mint a term\u00e9szetes libatoll, de nedves \u00e1llapotban fel\u00fclm\u00falja annak a teljes\u00edtm\u00e9ny\u00e9t, 1983-ban kezd\u0151d\u00f6tt. A megb\u00edz\u00e1st a fejlett anyag- \u00e9s textilfeldolgoz\u00e1sra szakosodott Albany International Corporation kapta, aki h\u00e1rom \u00e9vvel k\u00e9s\u0151bb szabadalmat szerzett a \u201eszintetikus pehelyre\u201d. Az amerikai katon\u00e1k az \u00faj anyagb\u00f3l k\u00e9sz\u00fclt h\u00e1l\u00f3zs\u00e1kokat \u00e9s ruh\u00e1kat kezdt\u00e9k el haszn\u00e1lni, amelyek megfelel\u0151 melegs\u00e9get \u00e9s sz\u00e1razs\u00e1got garant\u00e1ltak a k\u00fcl\u00f6nb\u00f6z\u0151 id\u0151j\u00e1r\u00e1si k\u00f6r\u00fclm\u00e9nyekhez. <\/span><\/p>\n\n\n\n<figure class=\"wp-block-embed is-type-video is-provider-youtube wp-block-embed-youtube wp-embed-aspect-16-9 wp-has-aspect-ratio\"><div class=\"wp-block-embed__wrapper\">\n<iframe loading=\"lazy\" title=\"What Is PrimaLoft\u00ae Bio\u2122?\" width=\"500\" height=\"281\" src=\"https:\/\/www.youtube.com\/embed\/AV17TY1tOcw?feature=oembed\" frameborder=\"0\" allow=\"accelerometer; autoplay; clipboard-write; encrypted-media; gyroscope; picture-in-picture; web-share\" referrerpolicy=\"strict-origin-when-cross-origin\" allowfullscreen><\/iframe>\n<\/div><\/figure>\n\n\n\n<p><span><\/span><\/p>\n\n\n\n<h2 class=\"wp-block-heading\"><span>Hogyan m\u0171k\u00f6dik a Primaloft\u00ae?<\/span><\/h2>\n\n\n\n<p><span>A PrimaLoft\u00ae poli\u00e9sztersz\u00e1lak fon\u00e1s\u00e1val, r\u00e9tegez\u00e9s\u00e9vel \u00e9s szintetikus anyaggal val\u00f3 kombin\u00e1l\u00e1s\u00e1val j\u00f6n l\u00e9tre. Miut\u00e1n az anyagot a gy\u00e1rt\u00f3 kemenc\u00e9ben megolvasztj\u00e1k, a rendk\u00edv\u00fcl finom sz\u00e1lak sz\u00e1mos \u00e9rintkez\u00e9si ponttal rendelkez\u0151 massz\u00e1v\u00e1 kapcsol\u00f3dnak \u00f6ssze, \u00e9s milli\u00f3nyi apr\u00f3 l\u00e9gzsebet hoznak l\u00e9tre. A szintetikus pehely m\u00e9g zord id\u0151j\u00e1r\u00e1si k\u00f6r\u00fclm\u00e9nyek k\u00f6z\u00f6tt is melegen tart, k\u00f6sz\u00f6nhet\u0151en a sz\u00e1lak hidrof\u00f3b tulajdons\u00e1gainak, amelyek nem sz\u00edvj\u00e1k magukba a vizet \u00e9s a nedvess\u00e9get, valamint nagyon gyorsan sz\u00e1radnak. A szintetikus szigetel\u0151anyagok el\u0151\u00e1ll\u00edt\u00e1s\u00e1ra m\u00e1s technol\u00f3gi\u00e1kat is alkalmaznak: <strong>PrimaLoft\u00ae P.U.R.E.<\/strong> (ak\u00e1r 48%-kal cs\u00f6kkentett sz\u00e9ndioxid-kibocs\u00e1t\u00e1s\u00fa gy\u00e1rt\u00e1s) \u00e9s <strong>PrimaLoft\u00ae BIO<\/strong> (teljesen \u00fajrahasznos\u00edtott \u00e9s biol\u00f3giailag leboml\u00f3 anyagot k\u00e9pez).<\/span><\/p>\n\n\n\n<p><span>A PrimaLoft\u00ae szintetikus pehely teljes\u00edtm\u00e9nye \u00e9s t\u00f6m\u00f6r\u00edt\u00e9se szempontj\u00e1b\u00f3l rendk\u00edv\u00fcl fontos a felhaszn\u00e1lt sz\u00e1lak t\u00edpusa. \u00c1ltal\u00e1noss\u00e1gban a k\u00f6vetkez\u0151ket k\u00fcl\u00f6nb\u00f6ztetj\u00fck meg:<\/span><\/p>\n\n\n\n<ul class=\"wp-block-list\">\n<li><span><strong>stretch sz\u00e1las szigetel\u00e9sek<\/strong><\/span><span> &#8211; r\u00f6vid, v\u00e9kony sz\u00e1lakat haszn\u00e1lnak, amelyek s\u0171r\u0171n t\u00f6m\u00f6r\u00edtve maximaliz\u00e1lj\u00e1k a h\u0151visszatart\u00e1st. Emellett a bel\u0151l\u00fck k\u00e9sz\u00fclt term\u00e9kek puh\u00e1k, rugalmasak \u00e9s k\u00f6nnyen \u00f6sszenyomhat\u00f3k &#8211; hasonl\u00f3an a pehellyel t\u00f6lt\u00f6tt term\u00e9kekhez. Ezeket a PrimaLoft\u00ae-ot tartalmaz\u00f3 term\u00e9kekben haszn\u00e1lj\u00e1k;<\/span><span><strong><\/strong><\/span><\/li>\n\n\n\n<li><span><strong>folytonos sz\u00e1las szigetel\u00e9s<\/strong> &#8211; hossz\u00fa, vastag sz\u00e1lakat alkalmaz, amelyek er\u0151sebbek \u00e9s tart\u00f3sabbak, mint a r\u00f6vid sz\u00e1lak. A szigetel\u00e9st merevebb szerkezet \u00e9s kisebb \u00f6sszenyom\u00f3d\u00e1s jellemzi. A hosszabb sz\u00e1lak jobban \u00f6sszetartanak.<\/span><\/li>\n<\/ul>\n\n\n\n<figure class=\"wp-block-embed is-type-video is-provider-youtube wp-block-embed-youtube wp-embed-aspect-16-9 wp-has-aspect-ratio\"><div class=\"wp-block-embed__wrapper\">\n<iframe loading=\"lazy\" title=\"PrimaLoft\u00ae Synthetic Insulation\" width=\"500\" height=\"281\" src=\"https:\/\/www.youtube.com\/embed\/TvVN3SMhm1k?feature=oembed\" frameborder=\"0\" allow=\"accelerometer; autoplay; clipboard-write; encrypted-media; gyroscope; picture-in-picture; web-share\" referrerpolicy=\"strict-origin-when-cross-origin\" allowfullscreen><\/iframe>\n<\/div><\/figure>\n\n\n\n<h2 class=\"wp-block-heading\"><span>PrimaLoft\u00ae t\u00edpusok<\/span><\/h2>\n\n\n\n<p><span>A PrimaLoft\u00ae h\u00e1romf\u00e9le szintetikus szigetel\u00e9st gy\u00e1rt: Gold, Silver \u00e9s Black. A leghat\u00e9konyabb a PrimaLoft\u00ae Gold (amelyet p\u00e9ld\u00e1ul a t\u00e9li h\u00e1l\u00f3zs\u00e1kokban szoktak alkalmazni) \u00e9s a legkev\u00e9sb\u00e9 szigetel\u0151 PrimaLoft\u00ae Black (ebb\u0151l k\u00e9sz\u00fclnek p\u00e9ld\u00e1ul a k\u00f6nny\u0171 \u0151szi kab\u00e1tok). A szigetel\u0151anyagok k\u00f6z\u00f6s jellemz\u0151je, hogy k\u00f6nny\u0171ek, nagyon j\u00f3l csomagolhat\u00f3k, v\u00edz\u00e1ll\u00f3k, l\u00e9g- \u00e9s p\u00e1ra\u00e1tereszt\u0151k. Ez azt jelenti, hogy a PrimaLoft\u00ae m\u00e9g nagy intenzit\u00e1s\u00fa meger\u0151ltet\u00e9s \u00e9s t\u00falzott izzad\u00e1s \u00e9s magas p\u00e1ratartalom eset\u00e9n is v\u00e9d a kih\u0171l\u00e9s ellen.<\/span><\/p>\n\n\n\n<h3 class=\"wp-block-heading\"><span>PrimaLoft\u00ae Gold<\/span><\/h3>\n\n\n\n<p><span>Az egyik legjobb szintetikus szigetel\u0151anyagnak sz\u00e1m\u00edt a piacon. A PrimaLoft\u00ae Gold kiemelkedik tart\u00f3ss\u00e1g\u00e1val \u00e9s remek szigetel\u0151 tulajdons\u00e1gaival, \u00edgy kiv\u00e1l\u00f3 v\u00e1laszt\u00e1s a legig\u00e9nyesebb k\u00f6r\u00fclm\u00e9nyek k\u00f6z\u00f6tt is. A PrimaLoft\u00ae Gold 0,92-es \u00e9rt\u00e9kkel rendelkezik, ami ugyanannyi meleget biztos\u00edt, mint az 500-as vagy 550-es pehely. Ennek a t\u00edpus\u00fa szintetikus szigetel\u00e9snek t\u00f6bb v\u00e1ltozata is l\u00e9tezik: PrimaLoft\u00ae Gold Insulation Eco, amely 55%-ban \u00fajrahasznos\u00edtott anyagb\u00f3l k\u00e9sz\u00fcl (olyan m\u00e1rk\u00e1k haszn\u00e1lj\u00e1k, mint a Patagonia) \u00e9s a PrimaLoft\u00ae Gold Insulation Down Blend, amely egy hibrid: 30% PrimaLoft sz\u00e1lakb\u00f3l \u00e9s 70% libapehelyb\u0151l \u00e1ll. <\/span><\/p>\n\n\n\n<h3 class=\"wp-block-heading\"><span>PrimaLoft\u00ae Silver <\/span><\/h3>\n\n\n\n<p><span>Valamivel kev\u00e9sb\u00e9 szigetel\u0151 tulajdons\u00e1gokkal rendelkezik, mint a Primaloft\u00ae Gold, \u00e9s j\u00f3l teljes\u00edt melegebb \u00e9ghajlaton \u00e9s akt\u00edv napokon. A Primaloft\u00ae Silver j\u00f3l b\u00edrja a nedvess\u00e9get, emellett j\u00f3l csomagolhat\u00f3, k\u00e9nyelmes \u00e9s j\u00f3 szell\u0151z\u00e9st biztos\u00edt. Ebben a kateg\u00f3ri\u00e1ban tal\u00e1lhat\u00f3 p\u00e9ld\u00e1ul a 70%-ban \u00fajrahasznos\u00edtott anyagokb\u00f3l el\u0151\u00e1ll\u00edtott PrimaLoft\u00ae Silver Insulation Eco. <\/span><\/p>\n\n\n\n<h3 class=\"wp-block-heading\"><span>PrimaLoft\u00ae Black<\/span><\/h3>\n\n\n\n<p><span>A legalapvet\u0151bb Primaloft\u00ae v\u00e1ltozat mindennapi haszn\u00e1latra alkalmas pl. v\u00e1rosi k\u00f6r\u00fclm\u00e9nyek k\u00f6z\u00f6tt, de k\u00fcls\u0151 r\u00e9tegk\u00e9nt is haszn\u00e1lhat\u00f3. A Primaloft\u00ae Black j\u00f3 l\u00e9g\u00e1tereszt\u0151 k\u00e9pess\u00e9get \u00e9s v\u00edz\u00e1ll\u00f3s\u00e1got biztos\u00edt. A k\u00edn\u00e1latban megtal\u00e1lhat\u00f3 p\u00e9ld\u00e1ul a PrimaLoft\u00ae Black Insulation Eco (60%-ban \u00fajrahasznos\u00edtott anyagb\u00f3l \u00e1ll), a PrimaLoft\u00ae Black Down Blend (50%-ban szintetikus sz\u00e1lakb\u00f3l \u00e9s 50%-ban pehelyb\u0151l \u00e1ll) \u00e9s a PrimaLoft\u00ae Black Insulation Hi-Loft.<\/span><\/p>\n\n\n\n<h2 class=\"wp-block-heading\"><span>Szintetikus szigetel\u00e9s a term\u00e9szetes pehellyel szemben. Melyik a jobb?<\/span><\/h2>\n\n\n\n<p><span>A PrimaLoft\u00ae \u00e9s a kacsa- vagy libapehely egyar\u00e1nt kiv\u00e1l\u00f3 szigetel\u0151 nemcsak az alacsony h\u0151m\u00e9rs\u00e9klet, hanem a sz\u00e9l ellen is. K\u00fcl\u00f6nb\u00f6znek azonban p\u00e9ld\u00e1ul a v\u00edz\u00e1ll\u00f3s\u00e1g, a l\u00e9g\u00e1tereszt\u0151 k\u00e9pess\u00e9g \u00e9s a pr\u00e9sel\u00e9si sebess\u00e9g tekintet\u00e9ben.<\/span><\/p>\n\n\n\n<h3 class=\"wp-block-heading\"><span>V\u00edz\u00e1ll\u00f3s\u00e1g<\/span><\/h3>\n\n\n\n<p><span>A pehellyel ellent\u00e9tben a PrimaLoft\u00ae nedves \u00e1llapotban is k\u00e9pes megtartani szigetel\u0151k\u00e9pess\u00e9g\u00e9nek 96%-\u00e1t. A poli\u00e9szter speci\u00e1lis szerkezet\u00e9nek k\u00f6sz\u00f6nhet\u0151en a szigetel\u0151anyag kevesebb nedvess\u00e9get sz\u00edv mag\u00e1ba (a v\u00edz lefolyik a poli\u00e9sztersz\u00e1lakon, \u00e9s a k\u00fcls\u0151 r\u00e9tegbe ker\u00fcl), \u00e9s amikor ez megt\u00f6rt\u00e9nik, term\u00e9szetes m\u00f3don megakad\u00e1lyozza a v\u00edzfelv\u00e9telt, \u00e9s nem vesz\u00edti el szigetel\u0151k\u00e9pess\u00e9g\u00e9t. Ezenk\u00edv\u00fcl term\u00e9szetes t\u00e1rsaihoz k\u00e9pest gyorsabban sz\u00e1rad, ami a hipotermia szempontj\u00e1b\u00f3l fontos.  <\/span><\/p>\n\n\n\n<figure class=\"wp-block-embed is-type-video is-provider-youtube wp-block-embed-youtube wp-embed-aspect-16-9 wp-has-aspect-ratio\"><div class=\"wp-block-embed__wrapper\">\n<iframe loading=\"lazy\" title=\"Primaloft Insulation Water Resistance\" width=\"500\" height=\"281\" src=\"https:\/\/www.youtube.com\/embed\/tplpRk1SZes?feature=oembed\" frameborder=\"0\" allow=\"accelerometer; autoplay; clipboard-write; encrypted-media; gyroscope; picture-in-picture; web-share\" referrerpolicy=\"strict-origin-when-cross-origin\" allowfullscreen><\/iframe>\n<\/div><\/figure>\n\n\n\n<h3 class=\"wp-block-heading\"><span>Szigetel\u00e9s \u00e9s l\u00e9g\u00e1tereszt\u0151 k\u00e9pess\u00e9g<\/span><\/h3>\n\n\n\n<p><span>Ami a h\u0151szigetel\u00e9st illeti, a pehelynek rendk\u00edv\u00fcl kedvez\u0151 a s\u00faly\/melegs\u00e9g ar\u00e1nya, \u00e9s emellett nagy rugalmass\u00e1g\u00e1val is kit\u0171nik, ami el\u0151ny\u00f6s szintetikus t\u00e1rsaival szemben. Ez azonban csak sz\u00e1raz k\u00f6r\u00fclm\u00e9nyek k\u00f6z\u00f6tt \u00e9rv\u00e9nyes. Ha az id\u0151j\u00e1r\u00e1s elromlik, a term\u00e9szetes szigetel\u00e9s elvesz\u00edti tulajdons\u00e1gait, \u00e9s sok vizet sz\u00edv mag\u00e1ba, ami alacsony h\u0151m\u00e9rs\u00e9kleten el\u0151seg\u00edtheti a kih\u0171l\u00e9st. Ebben az esetben a PrimaLoft\u00ae jobb szigetel\u00e9st biztos\u00edt. A l\u00e9g\u00e1tereszt\u0151 k\u00e9pess\u00e9g tekintet\u00e9ben szint\u00e9n a pehely gy\u0151z a poli\u00e9sztersz\u00e1lakkal szemben, b\u00e1r p\u00e9ld\u00e1ul a ruh\u00e1zat t\u00f6bbi r\u00e9teg\u00e9nek anyaga itt is fontos szerepet j\u00e1tszik.<\/span><\/p>\n\n\n\n<h3 class=\"wp-block-heading\"><span>S\u00faly, csomagolhat\u00f3s\u00e1g \u00e9s tart\u00f3ss\u00e1g<\/span><\/h3>\n\n\n\n<p><span>Mindk\u00e9t pehelyt\u00edpus k\u00f6nnyen \u00f6sszepr\u00e9selhet\u0151 \u00e9s csomagolhat\u00f3, ha nincs r\u00e1 sz\u00fcks\u00e9g, de a pehelynek itt van egy kis el\u0151nye. Mivel ugyanolyan szint\u0171 melegs\u00e9g el\u00e9r\u00e9s\u00e9hez kevesebb t\u00f6ltel\u00e9kre van sz\u00fcks\u00e9g, mint a PrimaLoft\u00ae eset\u00e9ben, ez\u00e9rt praktikusabb \u00e9s k\u00f6nnyebb. Ezenk\u00edv\u00fcl a tart\u00f3s t\u00f6m\u00f6r\u00edt\u00e9ssel a szintetikus anyag ellaposodhat, ami befoly\u00e1solhatja a funkcionalit\u00e1st \u00e9s a szigetel\u0151k\u00e9pess\u00e9get. A pehely gyorsan visszanyeri bolyhoss\u00e1g\u00e1t az \u00f6sszenyom\u00e1st k\u00f6vet\u0151en, \u00e9s megfelel\u0151 \u00e1pol\u00e1s mellett egy pehelykab\u00e1t \u00e9vekig is haszn\u00e1lhat\u00f3 maradhat.<\/span><\/p>\n\n\n\n<p><span>Mint l\u00e1that\u00f3, a legt\u00f6bb esetben a pehelyszigetel\u00e9s a jobb v\u00e1laszt\u00e1s, mivel t\u00f6bb meleget biztos\u00edt, k\u00f6nnyebb, tart\u00f3sabb \u00e9s \u00f6sszenyomhat\u00f3bb. Ha azonban hosszabb kir\u00e1ndul\u00e1sokra vagy v\u00e1ltoz\u00e9kony id\u0151j\u00e1r\u00e1s\u00fa helyekre indulsz, a PrimaLoft\u00ae jobb v\u00e1laszt\u00e1s, mivel j\u00f3l birk\u00f3zik meg a csapad\u00e9kkal \u00e9s a nedvess\u00e9ggel. M\u00e1sr\u00e9szt, ha a pehely nedves lesz, \u00f6sszecsom\u00f3sodik, \u00e9s elvesz\u00edti szigetel\u0151k\u00e9pess\u00e9g\u00e9t. Ennek vissza\u00e1ll\u00edt\u00e1s\u00e1hoz sz\u00e1rad\u00e1s k\u00f6zben k\u00e9zzel, vagy a mos\u00e1s\/sz\u00e1r\u00edt\u00e1s sor\u00e1n speci\u00e1lis goly\u00f3 vagy teniszlabda seg\u00edts\u00e9g\u00e9vel sz\u00fcks\u00e9ges megbontani.<\/span><\/p>\n\n\n\n<figure class=\"wp-block-image\"><img decoding=\"async\" src=\"https:\/\/sportano.hu\/blog\/wp-content\/uploads\/2024\/01\/gdi-65b110e099eb6.png\" alt=\"N\u0151 s\u00e1toroz\u00e1s k\u00f6zben praktikus The North Face dzsekit visel az erd\u0151ben\"\/><\/figure>\n\n\n\n<h2 class=\"wp-block-heading\"><span>PrimaLoft\u00ae kab\u00e1t, de nem ak\u00e1rmilyen kab\u00e1t &#8211; mely ruhadarabok tartalmaznak szintetikus szigetel\u00e9st?<\/span><\/h2>\n\n\n\n<p><span>Ami\u00f3ta a PrimaLoft\u00ae 1989-ben megjelent a piacon, az\u00f3ta a szabadt\u00e9ri sportok szerelmesei sz\u00e1m\u00e1ra \u00e1lland\u00f3 \u00e9rdekl\u0151d\u00e9sre tart sz\u00e1mot. A szigetel\u0151anyag 1992-ig olyan term\u00e9kekben ker\u00fclt alkalmaz\u00e1sra, mint a keszty\u0171k, h\u00e1l\u00f3zs\u00e1kok \u00e9s fels\u0151k. Az\u00f3ta a PrimaLoft\u00ae k\u00fcl\u00f6nb\u00f6z\u0151 v\u00e1ltozataiban megtal\u00e1lhat\u00f3 p\u00e9ld\u00e1ul a (t\u00fara-, alpesi vagy s\u00ed-) cip\u0151kben, nadr\u00e1gokban, szokny\u00e1kban, mell\u00e9nyekben valamint a hideg \u00e9s nedves k\u00f6r\u00fclm\u00e9nyek k\u00f6z\u00f6tt v\u00e9gzett fizikai tev\u00e9kenys\u00e9gekre sz\u00e1nt kieg\u00e9sz\u00edt\u0151kben, illetve az \u0151szi \u00e9s t\u00e9li mindennapi viseletben is. A szintetikus szigetelt term\u00e9kek minden\u00fctt j\u00f3l m\u0171k\u00f6dnek, ahol bizonytalan id\u0151j\u00e1r\u00e1si k\u00f6r\u00fclm\u00e9nyek uralkodnak (pl. kir\u00e1ndul\u00e1s, t\u00far\u00e1z\u00e1s, hegym\u00e1sz\u00e1s stb.) \u00e9s k\u00fcl\u00f6nb\u00f6z\u0151 intenzit\u00e1s\u00fa tev\u00e9kenys\u00e9gekn\u00e9l (s\u00edel\u00e9s, snowboardoz\u00e1s, ker\u00e9kp\u00e1roz\u00e1s stb.). Nagy t\u00f6m\u00f6rs\u00e9g\u00fcknek \u00e9s k\u00f6nny\u0171 s\u00falyuknak k\u00f6sz\u00f6nhet\u0151en k\u00f6nnyen t\u00e1rolhat\u00f3k \u00e9s sz\u00e1ll\u00edthat\u00f3k (elf\u00e9rnek a t\u00farazs\u00e1kban vagy a k\u00e9zipoggy\u00e1szban). Ehhez j\u00f6n m\u00e9g az egyszer\u0171 \u00e1pol\u00e1si folyamat. <\/span><\/p>\n\n\n\n<figure class=\"wp-block-embed is-type-video is-provider-youtube wp-block-embed-youtube wp-embed-aspect-16-9 wp-has-aspect-ratio\"><div class=\"wp-block-embed__wrapper\">\n<iframe loading=\"lazy\" title=\"The North Face New Thermoball Technology\" width=\"500\" height=\"281\" src=\"https:\/\/www.youtube.com\/embed\/56xPLQ0tV-4?feature=oembed\" frameborder=\"0\" allow=\"accelerometer; autoplay; clipboard-write; encrypted-media; gyroscope; picture-in-picture; web-share\" referrerpolicy=\"strict-origin-when-cross-origin\" allowfullscreen><\/iframe>\n<\/div><\/figure>\n\n\n\n<h2 class=\"wp-block-heading\"><span>Hogyan moshatom a PrimaLoft\u00ae t\u00f6ltettel ell\u00e1tott ruh\u00e1kat?<\/span><\/h2>\n\n\n\n<p><span>Miel\u0151tt elkezden\u00e9d mosni a Primaloft\u00ae szigetelt term\u00e9keket, ellen\u0151rizd a gy\u00e1rt\u00f3 aj\u00e1nl\u00e1sait, t\u00f6bbek k\u00f6z\u00f6tt a k\u00f6vetkez\u0151kre vonatkoz\u00f3an: \u00e1pol\u00e1si m\u00f3d (k\u00e9zi vagy g\u00e9pi mos\u00e1s), h\u0151m\u00e9rs\u00e9klet (\u00e1ltal\u00e1ban 30 fokon kell mosni a pehely vagy k\u00e9nyes sz\u00f6vetek programj\u00e1n), centrifug\u00e1lhat\u00f3s\u00e1g stb. Kiz\u00e1r\u00f3lag kifejezetten a pehely- vagy membr\u00e1nruh\u00e1k tiszt\u00edt\u00e1s\u00e1ra szolg\u00e1l\u00f3 term\u00e9keket haszn\u00e1lj (pl. a Nikwax m\u00e1rk\u00e1b\u00f3l). Ne feledd leellen\u0151rizni \u00e9s ki\u00fcr\u00edteni a zsebeket, felh\u00fazni az \u00f6sszes cipz\u00e1rt, begombolni az \u00f6sszes gombot, feloldani az al\u00e1b\u00e9l\u00e9st, elt\u00e1vol\u00edtani a p\u00e1ntokat stb. Ez cs\u00f6kkenti a sz\u00f6vet s\u00e9r\u00fcl\u00e9s\u00e9nek vagy t\u00f6nkret\u00e9tel\u00e9nek kock\u00e1zat\u00e1t. Ford\u00edtsd ki a ruhadarabot. A Primaloftot tartalmaz\u00f3 ruh\u00e1kat laposan sz\u00fcks\u00e9ges sz\u00e1r\u00edtani (pl. egy t\u00f6r\u00f6lk\u00f6z\u0151n r\u00e1fektetve a sz\u00e1r\u00edt\u00f3ra), szell\u0151s \u00e9s meleg helyen &#8211; ne tedd \u0151ket radi\u00e1torra, radi\u00e1tor k\u00f6zel\u00e9be vagy k\u00f6zvetlen napf\u00e9nyre. Id\u0151r\u0151l id\u0151re \u00f3vatosan simogasd meg az anyagot, hogy megakad\u00e1lyozd a becsom\u00f3sod\u00e1st. Gondoskodj arr\u00f3l, hogy a <strong><a href=\"https:\/\/sportano.hu\/teli-sportruhazat\/turasi-ruhazat\/turasi-kabatok\" target=\"_blank\" rel=\"noreferrer noopener\">kab\u00e1t<\/a><\/strong>, a nadr\u00e1g vagy a mell\u00e9ny teljesen megsz\u00e1radjon &#8211; ez seg\u00edt meg\u0151rizni a nagy teljes\u00edtm\u00e9ny\u0171 tulajdons\u00e1gait. Amikor nem haszn\u00e1lod a szintetikus szigetel\u00e9ssel t\u00f6lt\u00f6tt k\u00fclt\u00e9ri ruh\u00e1kat, t\u00e1rold \u0151ket sz\u00e1raz \u00e9s t\u00e1gas helyen, pl.  egy v\u00e1llf\u00e1ra felakasztva.<\/span><\/p>\n","protected":false},"excerpt":{"rendered":"<p>PrimaLoft\u00ae t\u00edpus\u00fa szintetikus pehely vagy term\u00e9szetes pehely? Ez az egyik legnagyobb dilemma, amellyel a szabadt\u00e9ri sportol\u00f3knak szembe kell n\u00e9zni\u00fck, amikor t\u00e9li fels\u0151ruh\u00e1t v\u00e1s\u00e1rolnak. Bejegyz\u00e9s\u00fcnkb\u0151l megtudhatod, mi az a PrimaLoft\u00ae, milyen tulajdons\u00e1gokkal rendelkezik, \u00e9s milyen helyzetekben el\u0151ny\u00f6sebb, mint a liba- vagy kacsapehely. Mi az a PrimaLoft\u00ae? A Primaloft\u00ae egy szintetikus, mikrosz\u00e1lakb\u00f3l k\u00e9sz\u00fclt szigetel\u0151anyag, amely az 1980-as [&hellip;]<\/p>\n","protected":false},"author":7,"featured_media":1457,"comment_status":"closed","ping_status":"closed","sticky":false,"template":"","format":"standard","meta":{"_acf_changed":false,"footnotes":""},"categories":[35],"tags":[],"class_list":["post-1454","post","type-post","status-publish","format-standard","has-post-thumbnail","hentry","category-turizmus"],"acf":[],"yoast_head":"<!-- This site is optimized with the Yoast SEO plugin v27.1.1 - https:\/\/yoast.com\/product\/yoast-seo-wordpress\/ -->\n<title>PrimaLoft\u00ae - mi az? A szintetikus szigetel\u00e9s jobban teljes\u00edt a k\u00fclt\u00e9ri ruh\u00e1zatban, mint a term\u00e9szetes pehely? - Sportano.hu Blog<\/title>\n<meta name=\"robots\" content=\"index, follow, max-snippet:-1, max-image-preview:large, max-video-preview:-1\" \/>\n<link rel=\"canonical\" href=\"https:\/\/sportano.hu\/blog\/primaloft-mi-az-a-szintetikus-szigeteles-jobban-teljesit-a-kulteri-ruhazatban-mint-a-termeszetes-pehely\/\" \/>\n<meta property=\"og:locale\" content=\"hu_HU\" \/>\n<meta property=\"og:type\" content=\"article\" \/>\n<meta property=\"og:title\" content=\"PrimaLoft\u00ae - mi az? A szintetikus szigetel\u00e9s jobban teljes\u00edt a k\u00fclt\u00e9ri ruh\u00e1zatban, mint a term\u00e9szetes pehely? - Sportano.hu Blog\" \/>\n<meta property=\"og:description\" content=\"PrimaLoft\u00ae t\u00edpus\u00fa szintetikus pehely vagy term\u00e9szetes pehely? Ez az egyik legnagyobb dilemma, amellyel a szabadt\u00e9ri sportol\u00f3knak szembe kell n\u00e9zni\u00fck, amikor t\u00e9li fels\u0151ruh\u00e1t v\u00e1s\u00e1rolnak. Bejegyz\u00e9s\u00fcnkb\u0151l megtudhatod, mi az a PrimaLoft\u00ae, milyen tulajdons\u00e1gokkal rendelkezik, \u00e9s milyen helyzetekben el\u0151ny\u00f6sebb, mint a liba- vagy kacsapehely. Mi az a PrimaLoft\u00ae? A Primaloft\u00ae egy szintetikus, mikrosz\u00e1lakb\u00f3l k\u00e9sz\u00fclt szigetel\u0151anyag, amely az 1980-as [&hellip;]\" \/>\n<meta property=\"og:url\" content=\"https:\/\/sportano.hu\/blog\/primaloft-mi-az-a-szintetikus-szigeteles-jobban-teljesit-a-kulteri-ruhazatban-mint-a-termeszetes-pehely\/\" \/>\n<meta property=\"article:published_time\" content=\"2024-01-24T13:30:07+00:00\" \/>\n<meta property=\"article:modified_time\" content=\"2025-07-14T11:36:53+00:00\" \/>\n<meta property=\"og:image\" content=\"http:\/\/sportano.hu\/blog\/wp-content\/uploads\/2024\/01\/gdi-65b110e2de32a.png\" \/>\n\t<meta property=\"og:image:width\" content=\"816\" \/>\n\t<meta property=\"og:image:height\" content=\"426\" \/>\n\t<meta property=\"og:image:type\" content=\"image\/png\" \/>\n<meta name=\"author\" content=\"Sylwia Stwora-Petela\" \/>\n<meta name=\"twitter:card\" content=\"summary_large_image\" \/>\n<meta name=\"twitter:label1\" content=\"Szerz\u0151:\" \/>\n\t<meta name=\"twitter:data1\" content=\"Sylwia Stwora-Petela\" \/>\n\t<meta name=\"twitter:label2\" content=\"Becs\u00fclt olvas\u00e1si id\u0151\" \/>\n\t<meta name=\"twitter:data2\" content=\"7 perc\" \/>\n<!-- \/ Yoast SEO plugin. -->","yoast_head_json":{"title":"PrimaLoft\u00ae - mi az? A szintetikus szigetel\u00e9s jobban teljes\u00edt a k\u00fclt\u00e9ri ruh\u00e1zatban, mint a term\u00e9szetes pehely? - Sportano.hu Blog","robots":{"index":"index","follow":"follow","max-snippet":"max-snippet:-1","max-image-preview":"max-image-preview:large","max-video-preview":"max-video-preview:-1"},"canonical":"https:\/\/sportano.hu\/blog\/primaloft-mi-az-a-szintetikus-szigeteles-jobban-teljesit-a-kulteri-ruhazatban-mint-a-termeszetes-pehely\/","og_locale":"hu_HU","og_type":"article","og_title":"PrimaLoft\u00ae - mi az? A szintetikus szigetel\u00e9s jobban teljes\u00edt a k\u00fclt\u00e9ri ruh\u00e1zatban, mint a term\u00e9szetes pehely? - Sportano.hu Blog","og_description":"PrimaLoft\u00ae t\u00edpus\u00fa szintetikus pehely vagy term\u00e9szetes pehely? Ez az egyik legnagyobb dilemma, amellyel a szabadt\u00e9ri sportol\u00f3knak szembe kell n\u00e9zni\u00fck, amikor t\u00e9li fels\u0151ruh\u00e1t v\u00e1s\u00e1rolnak. Bejegyz\u00e9s\u00fcnkb\u0151l megtudhatod, mi az a PrimaLoft\u00ae, milyen tulajdons\u00e1gokkal rendelkezik, \u00e9s milyen helyzetekben el\u0151ny\u00f6sebb, mint a liba- vagy kacsapehely. Mi az a PrimaLoft\u00ae? A Primaloft\u00ae egy szintetikus, mikrosz\u00e1lakb\u00f3l k\u00e9sz\u00fclt szigetel\u0151anyag, amely az 1980-as [&hellip;]","og_url":"https:\/\/sportano.hu\/blog\/primaloft-mi-az-a-szintetikus-szigeteles-jobban-teljesit-a-kulteri-ruhazatban-mint-a-termeszetes-pehely\/","article_published_time":"2024-01-24T13:30:07+00:00","article_modified_time":"2025-07-14T11:36:53+00:00","og_image":[{"width":816,"height":426,"url":"http:\/\/sportano.hu\/blog\/wp-content\/uploads\/2024\/01\/gdi-65b110e2de32a.png","type":"image\/png"}],"author":"Sylwia Stwora-Petela","twitter_card":"summary_large_image","twitter_misc":{"Szerz\u0151:":"Sylwia Stwora-Petela","Becs\u00fclt olvas\u00e1si id\u0151":"7 perc"},"schema":{"@context":"https:\/\/schema.org","@graph":[{"@type":"Article","@id":"https:\/\/sportano.hu\/blog\/primaloft-mi-az-a-szintetikus-szigeteles-jobban-teljesit-a-kulteri-ruhazatban-mint-a-termeszetes-pehely\/#article","isPartOf":{"@id":"https:\/\/sportano.hu\/blog\/primaloft-mi-az-a-szintetikus-szigeteles-jobban-teljesit-a-kulteri-ruhazatban-mint-a-termeszetes-pehely\/"},"author":{"name":"Sylwia Stwora-Petela","@id":"https:\/\/sportano.hu\/blog\/#\/schema\/person\/71cc03e69d6c63d290e6365378f2deab"},"headline":"PrimaLoft\u00ae &#8211; mi az? A szintetikus szigetel\u00e9s jobban teljes\u00edt a k\u00fclt\u00e9ri ruh\u00e1zatban, mint a term\u00e9szetes pehely?","datePublished":"2024-01-24T13:30:07+00:00","dateModified":"2025-07-14T11:36:53+00:00","mainEntityOfPage":{"@id":"https:\/\/sportano.hu\/blog\/primaloft-mi-az-a-szintetikus-szigeteles-jobban-teljesit-a-kulteri-ruhazatban-mint-a-termeszetes-pehely\/"},"wordCount":2008,"publisher":{"@id":"https:\/\/sportano.hu\/blog\/#organization"},"image":{"@id":"https:\/\/sportano.hu\/blog\/primaloft-mi-az-a-szintetikus-szigeteles-jobban-teljesit-a-kulteri-ruhazatban-mint-a-termeszetes-pehely\/#primaryimage"},"thumbnailUrl":"https:\/\/sportano.hu\/blog\/wp-content\/uploads\/2024\/01\/gdi-65b110e2de32a.png","articleSection":["Turizmus"],"inLanguage":"hu"},{"@type":"WebPage","@id":"https:\/\/sportano.hu\/blog\/primaloft-mi-az-a-szintetikus-szigeteles-jobban-teljesit-a-kulteri-ruhazatban-mint-a-termeszetes-pehely\/","url":"https:\/\/sportano.hu\/blog\/primaloft-mi-az-a-szintetikus-szigeteles-jobban-teljesit-a-kulteri-ruhazatban-mint-a-termeszetes-pehely\/","name":"PrimaLoft\u00ae - mi az? A szintetikus szigetel\u00e9s jobban teljes\u00edt a k\u00fclt\u00e9ri ruh\u00e1zatban, mint a term\u00e9szetes pehely? - Sportano.hu Blog","isPartOf":{"@id":"https:\/\/sportano.hu\/blog\/#website"},"primaryImageOfPage":{"@id":"https:\/\/sportano.hu\/blog\/primaloft-mi-az-a-szintetikus-szigeteles-jobban-teljesit-a-kulteri-ruhazatban-mint-a-termeszetes-pehely\/#primaryimage"},"image":{"@id":"https:\/\/sportano.hu\/blog\/primaloft-mi-az-a-szintetikus-szigeteles-jobban-teljesit-a-kulteri-ruhazatban-mint-a-termeszetes-pehely\/#primaryimage"},"thumbnailUrl":"https:\/\/sportano.hu\/blog\/wp-content\/uploads\/2024\/01\/gdi-65b110e2de32a.png","datePublished":"2024-01-24T13:30:07+00:00","dateModified":"2025-07-14T11:36:53+00:00","breadcrumb":{"@id":"https:\/\/sportano.hu\/blog\/primaloft-mi-az-a-szintetikus-szigeteles-jobban-teljesit-a-kulteri-ruhazatban-mint-a-termeszetes-pehely\/#breadcrumb"},"inLanguage":"hu","potentialAction":[{"@type":"ReadAction","target":["https:\/\/sportano.hu\/blog\/primaloft-mi-az-a-szintetikus-szigeteles-jobban-teljesit-a-kulteri-ruhazatban-mint-a-termeszetes-pehely\/"]}]},{"@type":"ImageObject","inLanguage":"hu","@id":"https:\/\/sportano.hu\/blog\/primaloft-mi-az-a-szintetikus-szigeteles-jobban-teljesit-a-kulteri-ruhazatban-mint-a-termeszetes-pehely\/#primaryimage","url":"https:\/\/sportano.hu\/blog\/wp-content\/uploads\/2024\/01\/gdi-65b110e2de32a.png","contentUrl":"https:\/\/sportano.hu\/blog\/wp-content\/uploads\/2024\/01\/gdi-65b110e2de32a.png","width":816,"height":426,"caption":"A t\u00far\u00e1z\u00f3 n\u0151 h\u00f3f\u00f6dte hegyekkel a h\u00e1tt\u00e9rben t\u00farabotot tart boldogan"},{"@type":"BreadcrumbList","@id":"https:\/\/sportano.hu\/blog\/primaloft-mi-az-a-szintetikus-szigeteles-jobban-teljesit-a-kulteri-ruhazatban-mint-a-termeszetes-pehely\/#breadcrumb","itemListElement":[{"@type":"ListItem","position":1,"name":"F\u0151oldal","item":"https:\/\/sportano.hu\/blog\/"},{"@type":"ListItem","position":2,"name":"PrimaLoft\u00ae &#8211; mi az? A szintetikus szigetel\u00e9s jobban teljes\u00edt a k\u00fclt\u00e9ri ruh\u00e1zatban, mint a term\u00e9szetes pehely?"}]},{"@type":"WebSite","@id":"https:\/\/sportano.hu\/blog\/#website","url":"https:\/\/sportano.hu\/blog\/","name":"","description":"","publisher":{"@id":"https:\/\/sportano.hu\/blog\/#organization"},"potentialAction":[{"@type":"SearchAction","target":{"@type":"EntryPoint","urlTemplate":"https:\/\/sportano.hu\/blog\/?s={search_term_string}"},"query-input":{"@type":"PropertyValueSpecification","valueRequired":true,"valueName":"search_term_string"}}],"inLanguage":"hu"},{"@type":"Organization","@id":"https:\/\/sportano.hu\/blog\/#organization","name":"Sportano.pl","url":"https:\/\/sportano.hu\/blog\/","logo":{"@type":"ImageObject","inLanguage":"hu","@id":"https:\/\/sportano.hu\/blog\/#\/schema\/logo\/image\/","url":"http:\/\/sportano.hu\/blog\/wp-content\/uploads\/2022\/04\/sportano-blog-logo.png","contentUrl":"http:\/\/sportano.hu\/blog\/wp-content\/uploads\/2022\/04\/sportano-blog-logo.png","width":1200,"height":200,"caption":"Sportano.pl"},"image":{"@id":"https:\/\/sportano.hu\/blog\/#\/schema\/logo\/image\/"}},{"@type":"Person","@id":"https:\/\/sportano.hu\/blog\/#\/schema\/person\/71cc03e69d6c63d290e6365378f2deab","name":"Sylwia Stwora-Petela","image":{"@type":"ImageObject","inLanguage":"hu","@id":"https:\/\/sportano.hu\/blog\/#\/schema\/person\/image\/","url":"https:\/\/sportano.hu\/blog\/wp-content\/uploads\/nsl_avatars\/52d3b69495b3bb32dafd1c9e4d45ef6f.png","contentUrl":"https:\/\/sportano.hu\/blog\/wp-content\/uploads\/nsl_avatars\/52d3b69495b3bb32dafd1c9e4d45ef6f.png","caption":"Sylwia Stwora-Petela"}}]}},"_links":{"self":[{"href":"https:\/\/sportano.hu\/blog\/wp-json\/wp\/v2\/posts\/1454","targetHints":{"allow":["GET"]}}],"collection":[{"href":"https:\/\/sportano.hu\/blog\/wp-json\/wp\/v2\/posts"}],"about":[{"href":"https:\/\/sportano.hu\/blog\/wp-json\/wp\/v2\/types\/post"}],"author":[{"embeddable":true,"href":"https:\/\/sportano.hu\/blog\/wp-json\/wp\/v2\/users\/7"}],"replies":[{"embeddable":true,"href":"https:\/\/sportano.hu\/blog\/wp-json\/wp\/v2\/comments?post=1454"}],"version-history":[{"count":5,"href":"https:\/\/sportano.hu\/blog\/wp-json\/wp\/v2\/posts\/1454\/revisions"}],"predecessor-version":[{"id":2660,"href":"https:\/\/sportano.hu\/blog\/wp-json\/wp\/v2\/posts\/1454\/revisions\/2660"}],"wp:featuredmedia":[{"embeddable":true,"href":"https:\/\/sportano.hu\/blog\/wp-json\/wp\/v2\/media\/1457"}],"wp:attachment":[{"href":"https:\/\/sportano.hu\/blog\/wp-json\/wp\/v2\/media?parent=1454"}],"wp:term":[{"taxonomy":"category","embeddable":true,"href":"https:\/\/sportano.hu\/blog\/wp-json\/wp\/v2\/categories?post=1454"},{"taxonomy":"post_tag","embeddable":true,"href":"https:\/\/sportano.hu\/blog\/wp-json\/wp\/v2\/tags?post=1454"}],"curies":[{"name":"wp","href":"https:\/\/api.w.org\/{rel}","templated":true}]}}