{"id":1559,"date":"2024-02-02T14:28:48","date_gmt":"2024-02-02T14:28:48","guid":{"rendered":"https:\/\/sportano.hu\/blog\/sitanulas-gyerekeknek-gyakorlati-tippek-szuloknek\/"},"modified":"2025-07-14T12:32:44","modified_gmt":"2025-07-14T12:32:44","slug":"sitanulas-gyerekeknek-gyakorlati-tippek-szuloknek","status":"publish","type":"post","link":"https:\/\/sportano.hu\/blog\/sitanulas-gyerekeknek-gyakorlati-tippek-szuloknek\/","title":{"rendered":"S\u00edtanul\u00e1s gyerekeknek. Gyakorlati tippek sz\u00fcl\u0151knek"},"content":{"rendered":"\n<p><span><strong>A s\u00edel\u00e9s megtanul\u00e1sa a gyermekek sz\u00e1m\u00e1ra nemcsak a t\u00e9li sportok vil\u00e1g\u00e1ba t\u00f6rt\u00e9n\u0151 bevezet\u00e9st jelenti, hanem nagyszer\u0171 kalandot \u00e9s olyan k\u00e9szs\u00e9get is, ami rendk\u00edv\u00fcl sz\u00f3rakoztat\u00f3 lehet, \u00e9s seg\u00edthet az \u00f6nbizalom \u00e9p\u00edt\u00e9s\u00e9ben. Ha azon gondolkozol, hogy megtan\u00edtsd a gyermekedet s\u00edelni, \u00fatmutat\u00f3nk gyakorlati tippeket ad azzal kapcsolatosan, hogy hol kezdd, hogyan v\u00e1lassz s\u00edoktat\u00f3t, \u00e9s milyen ruh\u00e1zatra \u00e9s felszerel\u00e9sre lesz sz\u00fcks\u00e9getek a s\u00edkaland elkezd\u00e9s\u00e9hez.<\/strong><\/span><span><\/span><\/p>\n\n\n\n<h2 class=\"wp-block-heading\"><span>H\u00e1ny \u00e9ves korban tanuljon meg egy gyermek s\u00edelni?<\/span><\/h2>\n\n\n\n<p><span>Nincs pontosan meghat\u00e1rozott \u00e9letkor, amikor egy gyermeknek \u00e9rdemes elkezdenie <\/span><span><strong>s\u00edelni tanulni<\/strong><\/span><span>. Az els\u0151 pr\u00f3b\u00e1lkoz\u00e1sok \u00e1ltal\u00e1ban <\/span><span><strong>3-4 \u00e9ves korban<\/strong><\/span><span> tehet\u0151k, de a v\u00e9gs\u0151 d\u00f6nt\u00e9st a gyermek fizikai \u00e9s szellemi felk\u00e9sz\u00fclts\u00e9g\u00e9nek \u00e9s \u00e9rdekl\u0151d\u00e9s\u00e9nek f\u00fcggv\u00e9ny\u00e9ben kell meghozni. A gyermeknek fizikailag el\u00e9g fejlettnek kell lennie ahhoz, hogy megbirk\u00f3zzon a s\u00edel\u00e9ssel. Fontosak az olyan k\u00e9szs\u00e9gek is, mint az egyens\u00faly megtart\u00e1sa vagy a mozg\u00e1s ir\u00e1ny\u00edt\u00e1sa. Mivel a s\u00edel\u00e9s megtanul\u00e1sa neh\u00e9z lehet, \u00e9s \u00f6nbizalmat valamint koncentr\u00e1ci\u00f3t ig\u00e9nyel, a gyermeknek k\u00e9szen kell \u00e1llnia arra, hogy szemben\u00e9zzen az \u00faj kih\u00edv\u00e1ssal, \u00e9s kifejezze azt a v\u00e1gy\u00e1t, hogy megtanuljon k\u00e9t deszk\u00e1n s\u00edelni. F\u00fcggetlen\u00fcl att\u00f3l, hogy mikor d\u00f6nt \u00fagy, hogy megteszi az els\u0151 l\u00e9p\u00e9st a s\u00edel\u00e9ssel kapcsolatban, fontos, hogy a gyermeknek t\u00e1mogat\u00e1st, motiv\u00e1ci\u00f3t \u00e9s biztons\u00e1gos tanul\u00e1si k\u00f6rnyezetet biztos\u00edtsunk.<\/span><\/p>\n\n\n\n<h2 class=\"wp-block-heading\"><span>Gyermekek s\u00edelni tanul\u00e1sa &#8211; sz\u00fcl\u0151vel vagy s\u00edoktat\u00f3val?<\/span><\/h2>\n\n\n\n<p><span>Annak az eld\u00f6nt\u00e9se, hogy egy gyermek <\/span><span><strong>a sz\u00fcleivel vagy egy oktat\u00f3val<\/strong><\/span><span> tanuljon-e meg s\u00edelni, sz\u00e1mos t\u00e9nyez\u0151t\u0151l f\u00fcgg, bele\u00e9rtve a sz\u00fcl\u0151 k\u00e9pess\u00e9geit, az oktat\u00f3 rendelkez\u00e9sre \u00e1ll\u00e1s\u00e1t, valamint a kisfi\u00fa vagy kisl\u00e1ny egy\u00e9ni ig\u00e9nyeit \u00e9s preferenci\u00e1it. Ha a gyermek m\u00e9g nagyon fiatal vagy teljesen kezd\u0151, a sz\u00fcl\u0151vel val\u00f3 s\u00edelni tanul\u00e1s j\u00f3 \u00f6tlet lehet, mivel a gyermek magabiztosabbnak \u00e9s biztons\u00e1gosabbnak fogja \u00e9rezni mag\u00e1t az anyja vagy az apja jelenl\u00e9t\u00e9ben. A sz\u00fcl\u0151 a tanul\u00e1s \u00fctem\u00e9t a gyermek k\u00e9pess\u00e9geihez \u00e9s ig\u00e9nyeihez igaz\u00edthatja, \u00e9s egy\u00e9ni t\u00e1mogat\u00e1st ny\u00fajthat neki. Ezenk\u00edv\u00fcl a s\u00edel\u00e9s elsaj\u00e1t\u00edt\u00e1sa lehet\u0151s\u00e9get adhat a sz\u00fcl\u0151 \u00e9s a gyermek k\u00f6z\u00f6tti k\u00f6tel\u00e9k kialak\u00edt\u00e1s\u00e1ra is.<\/span><\/p>\n\n\n\n<p><span>A s\u00edoktat\u00f3 viszont egy tapasztalt szakember, aki rendelkezik a s\u00edoktat\u00e1shoz sz\u00fcks\u00e9ges ismeretekkel \u00e9s k\u00e9szs\u00e9gekkel. Kezd\u0151 gyermekek sz\u00e1m\u00e1ra ez hat\u00e9konyabb lehet, mint a sz\u00fcl\u0151vel val\u00f3 tanul\u00e1s. K\u00fcl\u00f6n\u00f6sen az\u00e9rt, mert egy k\u00e9pzett s\u00edoktat\u00f3 menet k\u00f6zben ki tudja jav\u00edtani a tanul\u00f3 hib\u00e1it, \u00e9s ez\u00e1ltal seg\u00edthet a helyes s\u00edel\u00e9si technika elsaj\u00e1t\u00edt\u00e1s\u00e1ban vagy olyan elemek v\u00e9grehajt\u00e1s\u00e1ban, mint a f\u00e9kez\u00e9s, a kanyarod\u00e1s stb. Egyes gyermekek sz\u00e1m\u00e1ra motiv\u00e1l\u00f3bb lehet, ha els\u0151 l\u00e9p\u00e9seiket s\u00edoktat\u00f3 vezet\u00e9s\u00e9vel teszik meg a s\u00edl\u00e9cen, mivel idegenek jelenl\u00e9t\u00e9ben \u00e1ltal\u00e1ban komolyabban \u00e1llnak hozz\u00e1 a tanul\u00e1shoz.<\/span><\/p>\n\n\n\n<p><span>V\u00e9gs\u0151 soron a sz\u00fcl\u0151vel \u00e9s s\u00edoktat\u00f3val t\u00f6rt\u00e9n\u0151 s\u00edoktat\u00e1s kombin\u00e1ci\u00f3ja is optim\u00e1lis megold\u00e1s lehet. Kezdetben c\u00e9lszer\u0171 szakember seg\u00edts\u00e9g\u00e9t ig\u00e9nybe venni, aki seg\u00edt gyermeknek elsaj\u00e1t\u00edtani az alapvet\u0151 k\u00e9szs\u00e9geket \u00e9s meg\u00e9rteni a s\u00edel\u00e9s alapelveit. Egy id\u0151 ut\u00e1n egyed\u00fcl is folytathatja a tanul\u00e1st, \u00e9p\u00edtve a megtanult k\u00e9szs\u00e9gekre \u00e9s \u00e9lvezve a s\u00edp\u00e1ly\u00e1n t\u00f6lt\u00f6tt k\u00f6z\u00f6s id\u0151t. F\u00fcggetlen\u00fcl att\u00f3l, hogy ki tan\u00edtja a gyermeket s\u00edelni, fontos, hogy ez pozit\u00edv \u00e9lm\u00e9ny legyen sz\u00e1m\u00e1ra, \u00e9s az, hogy a biztons\u00e1g mindig els\u0151dleges szempont legyen.<\/span><\/p>\n\n\n\n<figure class=\"wp-block-image\"><img decoding=\"async\" src=\"https:\/\/sportano.hu\/blog\/wp-content\/uploads\/2024\/02\/gdi-65bcfc2157c4b.jpeg\" alt=\"Gyerek s\u00edfelszerel\u00e9s h\u00f3bor\u00edtotta p\u00e1ly\u00e1n\"\/><\/figure>\n\n\n\n<h2 class=\"wp-block-heading\"><span>J\u00f3 s\u00edoktat\u00f3 gyermekek sz\u00e1m\u00e1ra. A legfontosabb tulajdons\u00e1gok<\/span><\/h2>\n\n\n\n<p><span>A<\/span><span><strong> gyermek s\u00edoktat\u00f3nak<\/strong><\/span><span> c\u00e9lir\u00e1nyos k\u00e9pzetts\u00e9ggel \u00e9s gyermekekkel val\u00f3 munk\u00e1ban szerzett tapasztalattal kell rendelkeznie. \u00c9rdemes meg\u00e9rdekl\u0151dni, hogy rendelkezik-e a megfelel\u0151 bizony\u00edtv\u00e1nyokkal \u00e9s k\u00e9pes\u00edt\u00e9sekkel. Meg kell \u00e9rtenie a gyermekek saj\u00e1tos ig\u00e9nyeit \u00e9s gondolkod\u00e1si m\u00f3dj\u00e1t, tov\u00e1bb\u00e1 k\u00e9pesnek kell lennie arra, hogy tan\u00edt\u00e1si m\u00f3dj\u00e1t a tanul\u00f3k \u00e9letkor\u00e1hoz \u00e9s szintj\u00e9hez igaz\u00edtsa. A gyermekek k\u00e9pess\u00e9gei, temperamentuma \u00e9s a tanul\u00e1shoz val\u00f3 hozz\u00e1\u00e1ll\u00e1sa elt\u00e9r\u0151, ez\u00e9rt a j\u00f3 oktat\u00f3 k\u00e9pes az \u00f3r\u00e1it \u00e9s megk\u00f6zel\u00edt\u00e9s\u00e9t az egyes tanul\u00f3k egy\u00e9ni ig\u00e9nyeihez igaz\u00edtani, fokozatosan bevezetve az \u00faj kih\u00edv\u00e1sokat \u00e9s technik\u00e1kat. Ezenk\u00edv\u00fcl megk\u00fcl\u00f6nb\u00f6zteti \u0151t a t\u00fcrelme, az a k\u00e9pess\u00e9ge, hogy a gyermekek sz\u00e1m\u00e1ra \u00e9rthet\u0151 m\u00f3don magyar\u00e1zza el a dolgokat, valamint az a k\u00e9pess\u00e9ge, hogy b\u00e1tor\u00edtja \u0151ket az \u00fajb\u00f3li pr\u00f3b\u00e1lkoz\u00e1sra \u00e9s hib\u00e1ik kijav\u00edt\u00e1s\u00e1ra.<\/span><\/p>\n\n\n\n<p><span>Az oktat\u00f3nak kommunikat\u00edvnak kell lennie, \u00e9s k\u00e9pesnek kell lennie arra, hogy az instrukci\u00f3kat \u00e9s a tan\u00e1csait vil\u00e1gosan \u00e1tadja. A gyerekeknek k\u00f6nnyen meg kell \u00e9rteni\u00fck, hogy mit kell tenni\u00fck. Fontos, hogy k\u00e9pes legyen motiv\u00e1lni a fiatal s\u00edel\u0151ket az \u00faj kih\u00edv\u00e1sokra, \u00e9s olyan pozit\u00edv l\u00e9gk\u00f6rt teremteni, amely a szabadban val\u00f3 tanul\u00e1st sz\u00f3rakoztat\u00f3v\u00e1 teszi.<\/span><\/p>\n\n\n\n<p><span>A <\/span><span><strong>gyermekek s\u00edoktat\u00e1s\u00e1nak<\/strong><\/span><span> sz\u00f3rakoztat\u00f3nak \u00e9s kreat\u00edvnak kell lennie. Az oktat\u00f3 k\u00fcl\u00f6nb\u00f6z\u0151 j\u00e1t\u00e9kokat \u00e9s gyakorlatokat vezethet be, hogy vonz\u00f3bb\u00e1 tegye a tanul\u00e1st. Ezenk\u00edv\u00fcl a pozit\u00edv t\u00e1mogat\u00e1s \u00e9s a halad\u00e1s\u00e9rt j\u00e1r\u00f3 dics\u00e9ret d\u00f6nt\u0151 fontoss\u00e1g\u00fa a kisgyermek \u00e1ltal\u00e1nos \u00e9lm\u00e9nye szempontj\u00e1b\u00f3l, ami befoly\u00e1solhatja a s\u00edel\u00e9s ir\u00e1nti tov\u00e1bbi \u00e9rdekl\u0151d\u00e9st. Egy empatikus oktat\u00f3 k\u00e9pes meg\u00e9rteni a gyermekek \u00e9rz\u00e9seit \u00e9s f\u00e9lelmeit, \u00e9s seg\u00edt nekik lek\u00fczdeni a s\u00edel\u00e9s tanul\u00e1s\u00e1val kapcsolatos szorong\u00e1saikat. Az oktat\u00f3 els\u0151 sz\u00e1m\u00fa priorit\u00e1sa a tanul\u00f3k biztons\u00e1ga kell, hogy legyen. A lejt\u0151k\u00f6n be kell tartania a biztons\u00e1gi szab\u00e1lyokat, \u00e9s megfelel\u0151 gondoss\u00e1got kell biztos\u00edtania az \u00f3r\u00e1k alatt.<\/span><\/p>\n\n\n\n<figure class=\"wp-block-image\"><img decoding=\"async\" src=\"https:\/\/sportano.hu\/blog\/wp-content\/uploads\/2024\/02\/gdi-65bcfc220e524.jpeg\" alt=\"Gyermek s\u00edfelszerel\u00e9s haszn\u00e1latban a havas p\u00e1ly\u00e1n\"\/><\/figure>\n\n\n\n<h2 class=\"wp-block-heading\"><span>Egy\u00e9ni vagy csoportos s\u00edel\u00e9s? Melyik s\u00edel\u00e9si m\u00f3dot v\u00e1laszd gyermeked sz\u00e1m\u00e1ra?<\/span><\/h2>\n\n\n\n<p><span>Az <\/span><span><strong>egy\u00e9ni vagy csoportos s\u00edoktat\u00e1s<\/strong><\/span><span> k\u00f6z\u00f6tti v\u00e1laszt\u00e1s sz\u00e1mos t\u00e9nyez\u0151t\u0151l f\u00fcgg, p\u00e9ld\u00e1ul gyermeked k\u00e9pess\u00e9geit\u0151l, preferenci\u00e1it\u00f3l, az oktat\u00f3 rendelkez\u00e9sre \u00e1ll\u00e1s\u00e1t\u00f3l \u00e9s a k\u00f6lts\u00e9gvet\u00e9sedt\u0151l. \u00c9rdemes megk\u00e9rdezned gyermekedet is, hogy mi felelne meg neki jobban, \u00e9s nyitottnak lenned a javaslataira.<\/span><\/p>\n\n\n\n<p><span>Az egy\u00e9ni \u00f3r\u00e1k eset\u00e9ben az oktat\u00f3nak t\u00f6bb ideje van arra, hogy gyermeked ig\u00e9nyeire \u00e9s k\u00e9pess\u00e9geire \u00f6sszpontos\u00edtson, \u00e9s a tananyagot r\u00e1szabja. Az egy\u00e9nileg tanul\u00f3 gyermekek gyakran gyorsabban saj\u00e1t\u00edtj\u00e1k el az \u00faj k\u00e9szs\u00e9geket, mivel t\u00f6bb idej\u00fck van gyakorolni \u00e9s az oktat\u00f3 k\u00f6zvetlen figyelm\u00e9t \u00e9lvezhetik. Emellett egyes gyermekek jobban \u00e9rzik magukat, ha egyed\u00fcl vagy kis csoportban tanulhatnak, ami seg\u00edthet az \u00f6nbizalom \u00e9p\u00edt\u00e9s\u00e9ben. R\u00e1ad\u00e1sul <\/span><span><strong>a s\u00edoktat\u00f3val tartott egy\u00e9ni \u00f3r\u00e1k <\/strong><\/span><span>rugalmasabbak lehetnek az id\u0151pontok \u00e9s a rendelkez\u00e9sre \u00e1ll\u00f3 id\u0151pontok tekintet\u00e9ben, mivel nem kell a csoport menetrendj\u00e9hez igazodni.<\/span><\/p>\n\n\n\n<p><span>Ezzel szemben a <\/span><span><strong>csoportos s\u00edoktat\u00e1s<\/strong><\/span><span> lehet\u0151v\u00e9 teszi a gyermek sz\u00e1m\u00e1ra, hogy t\u00e1rsas interakci\u00f3ba l\u00e9pjen \u00e9s t\u00e1rsaival j\u00e1tsszon, ami sz\u00f3rakoztat\u00f3bb\u00e1 teheti az \u00faj k\u00e9szs\u00e9gek elsaj\u00e1t\u00edt\u00e1s\u00e1t. Csoportban a gyerekek gyakran motiv\u00e1lj\u00e1k egym\u00e1st, ami seg\u00edthet az e t\u00e9li sport felfedez\u00e9se ir\u00e1nti lelkesed\u00e9s kialak\u00edt\u00e1s\u00e1ban, \u00e9s fejlesztheti a szoci\u00e1lis k\u00e9szs\u00e9geket, a bar\u00e1tkoz\u00e1st \u00e9s a m\u00e1sokkal val\u00f3 egy\u00fcttm\u0171k\u00f6d\u00e9st. R\u00e1ad\u00e1sul a csoportos \u00f3r\u00e1k \u00e1ltal\u00e1ban olcs\u00f3bbak, mint az egy\u00e9ni oktat\u00e1s, ami fontos lehet, ha sz\u0171k\u00f6s a k\u00f6lts\u00e9gvet\u00e9s.<\/span><\/p>\n\n\n\n<h2 class=\"wp-block-heading\"><span>Hogyan k\u00e9sz\u00edtsd fel gyermekedet a s\u00edel\u00e9sre &#8211; a megfelel\u0151 s\u00edeszk\u00f6z\u00f6k \u00e9s felszerel\u00e9sek gyermekek sz\u00e1m\u00e1ra<\/span><\/h2>\n\n\n\n<p><span>A megfelel\u0151 <\/span><span><strong>s\u00edruh\u00e1zatnak \u00e9s felszerel\u00e9snek<\/strong><\/span><span> a gyermek a sz\u00e1m\u00e1ra t\u00f6rt\u00e9n\u0151 el\u0151k\u00e9sz\u00edt\u00e9se elengedhetetlen a s\u00edel\u00e9s k\u00e9nyelme \u00e9s biztons\u00e1goss\u00e1ga szempontj\u00e1b\u00f3l. Mit kell tartalmaznia egy kezd\u0151 s\u00edel\u0151 felszerel\u00e9s\u00e9nek:<\/span><\/p>\n\n\n\n<ul class=\"wp-block-list\">\n<li><span><strong>s\u00edl\u00e9cek \u00e9s s\u00edcip\u0151&nbsp;<\/strong><\/span><span>\u2013 ezeknek meg kell felelni\u00fck gyermeked kor\u00e1nak \u00e9s k\u00e9pess\u00e9geinek.<\/span><span><\/span><\/li>\n\n\n\n<li><span><strong>s\u00edsisak<\/strong><\/span><span>&nbsp;\u2013 elengedhetetlen gyermeked fej\u00e9nek maxim\u00e1lis v\u00e9delme c\u00e9lj\u00e1b\u00f3l. V\u00e1lassz olyan sisakot, amely j\u00f3l illeszkedik, m\u00e9gis k\u00e9nyelmes, \u00e9s megfelel a biztons\u00e1gi el\u0151\u00edr\u00e1soknak.<\/span><\/li>\n\n\n\n<li><span><strong>s\u00edszem\u00fcveg<\/strong><\/span><span>&nbsp;\u2013 a j\u00f3 min\u0151s\u00e9g\u0171 s\u00edszem\u00fcveg megv\u00e9di a gyermek szem\u00e9t a sz\u00e9lt\u0151l, a h\u00f3t\u00f3l \u00e9s az UV-sug\u00e1rz\u00e1st\u00f3l. Gy\u0151z\u0151dj meg r\u00f3la, hogy a s\u00edszem\u00fcveg megfelel\u0151 m\u00e9ret\u0171, \u00e9s j\u00f3 l\u00e1t\u00e1si viszonyokat biztos\u00edt.<\/span><\/li>\n\n\n\n<li><span><strong>s\u00edruha<\/strong><\/span><span>&nbsp;\u2013 gyermeked s\u00edruh\u00e1zat\u00e1nak \u00f6ssze\u00e1ll\u00edt\u00e1sakor \u00fcgyelj arra, hogy az lehet\u0151v\u00e9 tegye az \u00fagynevezett \u201ehagym\u00e1s\u201d \u00f6lt\u00f6zk\u00f6d\u00e9st (r\u00e9teges \u00f6lt\u00f6zk\u00f6d\u00e9si rendszer), amely lehet\u0151v\u00e9 teszi a testh\u0151m\u00e9rs\u00e9klet szab\u00e1lyoz\u00e1s\u00e1t az id\u0151j\u00e1r\u00e1si viszonyokt\u00f3l \u00e9s az er\u0151fesz\u00edt\u00e9s intenzit\u00e1s\u00e1t\u00f3l f\u00fcgg\u0151en. Ez mag\u00e1ban foglalja a k\u00f6vetkez\u0151ket: s\u00edkab\u00e1t \u00e9s -nadr\u00e1g, gyermek termoakt\u00edv funkcion\u00e1lis ruha (amely h\u0151szigetel\u00e9st biztos\u00edt \u00e9s hat\u00e9konyan elvezeti a nedvess\u00e9get), meleg s\u00edzokni (pl. merin\u00f3gyapj\u00faval kieg\u00e9sz\u00edtve), j\u00f3 min\u0151s\u00e9g\u0171, v\u00edz\u00e1ll\u00f3 vagy ujjatlan keszty\u0171 (amely megv\u00e9di a kezet a hidegt\u0151l \u00e9s a nedvess\u00e9gt\u0151l) valamint termoakt\u00edv sapka (amely megv\u00e9di a f\u00fclet \u00e9s a fejet a hidegt\u0151l).<\/span><span><strong><\/strong><\/span><\/li>\n<\/ul>\n\n\n\n<h2 class=\"wp-block-heading\"><span>Hol kezdjem el a gyermekemet s\u00edelni tan\u00edtani?<\/span><\/h2>\n\n\n\n<p><span>Miel\u0151tt gyermekeddel a s\u00edp\u00e1ly\u00e1ra indulsz, j\u00f3 \u00f6tlet ment\u00e1lisan felk\u00e9sz\u00edteni \u0151t arra, hogy mi fog t\u00f6rt\u00e9nni a feh\u00e9r havon, k\u00fcl\u00f6n\u00f6sen akkor, ha m\u00e9g soha nem volt s\u00edl\u00e9c a l\u00e1b\u00e1n, vagy egy\u00e1ltal\u00e1n nem tudja, mir\u0151l sz\u00f3l ez a t\u00e9li sport. Kezdhetitek azzal, hogy otthon vizualiz\u00e1ltok. Ha van saj\u00e1t s\u00edfelszerel\u00e9setek, akkor k\u00f6z\u00f6sen megn\u00e9zhetitek a fel\u00e9p\u00edt\u00e9s\u00e9t, megn\u00e9zhetitek, hogyan m\u0171k\u00f6dik, hogyan kell felvenni, mire szolg\u00e1l, stb. J\u00f3 lehet\u0151s\u00e9g az is, ha szimul\u00e1lj\u00e1tok a p\u00e1ly\u00e1ra val\u00f3 kimozdul\u00e1st, azaz felveszitek a s\u00edruh\u00e1tokat \u00e9s <\/span><span>a <\/span><a href=\"https:\/\/sportano.hu\/sieles\/si-bakancsok\"><span><u>s\u00edcip\u0151t\u00f6ket<\/u><\/span><\/a><span>, \u00e9<\/span><span>s egy\u00fctt j\u00e1tszotok. A t\u00e9li sportok megismertet\u00e9sekor haszn\u00e1lhatsz rajzfilmeket, t\u00e9v\u00e9m\u0171sorokat vagy s\u00edel\u00e9ses t\u00e9m\u00e1j\u00fa j\u00e1t\u00e9kokat. \u00c9rdekes \u00e9lm\u00e9ny lehet egy\u00fctt elmenni v\u00e1s\u00e1rolni egy s\u00edboltba, hogy gyermeked r\u00e9szt vehessen a s\u00edfelszerel\u00e9s \u00e9s eszk\u00f6z\u00f6k kiv\u00e1laszt\u00e1s\u00e1ban. J\u00f3 \u00f6tlet megtan\u00edtani gyermekedet arra, hogyan kell fel- \u00e9s levenni a s\u00edl\u00e9cet \u00e9s a s\u00edcip\u0151t, \u00e9s sz\u00e1nj id\u0151t arra is, hogy megismertesd vele a s\u00edp\u00e1ly\u00e1k biztons\u00e1gi szab\u00e1lyait, pl.: tarts megfelel\u0151 t\u00e1vols\u00e1got a t\u00f6bbi s\u00edel\u0151t\u0151l, haszn\u00e1ld a s\u00edfelvon\u00f3kat. Ha \u00fagy d\u00f6ntesz, hogy gyermekedet s\u00ediskol\u00e1ba \u00edratod, \u00e9rdemes megbesz\u00e9lni vele, hogy mi v\u00e1r r\u00e1 ott, \u00e9s milyen lesz k\u00f6r\u00fclbel\u00fcl az oktat\u00e1s. Ha m\u00e1r minden s\u00edfelszerel\u00e9st beszerezt\u00e9l gyermekednek, \u00e9s odakint esik a h\u00f3, kimehettek a kertbe vagy egy k\u00f6zeli dombra, \u00e9s megpr\u00f3b\u00e1lhatod gyermekedet j\u00e1t\u00e9kosan megismertetni a s\u00edel\u00e9ssel.<\/span><\/p>\n\n\n\n<figure class=\"wp-block-image\"><img decoding=\"async\" src=\"https:\/\/sportano.hu\/blog\/wp-content\/uploads\/2024\/02\/gdi-65bcfc22a6ce2.jpeg\" alt=\"Egy gyermek s\u00edl\u00e9cet \u00e9s v\u00e9d\u0151szem\u00fcveget visel a havas hegyoldalon\"\/><\/figure>\n\n\n\n<h2 class=\"wp-block-heading\"><span>Hol van a legjobb hely, ahol megtan\u00edthatjuk a gyerekeket s\u00edelni?<\/span><\/h2>\n\n\n\n<p><span>A profi s\u00edoktat\u00f3kat alkalmaz\u00f3 <\/span><span><strong>s\u00edk\u00f6zpontok<\/strong><\/span><span> gyakran nagyon j\u00f3 helynek bizonyulnak a gyermekek s\u00edoktat\u00e1s\u00e1ra. Ezek speci\u00e1lisan a legfiatalabb p\u00e1lyahaszn\u00e1l\u00f3k sz\u00e1m\u00e1ra el\u0151k\u00e9sz\u00edtett ter\u00fcleteket k\u00edn\u00e1lj\u00e1k &#8211; megfelel\u0151 p\u00e1ly\u00e1kat, infrastrukt\u00far\u00e1t \u00e9s tanul\u00e1si felt\u00e9teleket. Az ilyen lejt\u0151k leggyakrabban k\u00edm\u00e9letesek, j\u00f3l kijel\u00f6ltek \u00e9s gyermekbar\u00e1t l\u00e9tes\u00edtm\u00e9nyekkel vannak felszerelve, bele\u00e9rtve a szam\u00e1rhint\u00e1t, a hevederes felvon\u00f3t \u00e9s a k\u00fcl\u00f6n\u00e1ll\u00f3, tanul\u00e1si ter\u00fcletet. Ha nem s\u00edterepen laksz, \u00e9rdemes megfontolni, hogy olyan helyen tanulj meg s\u00edelni, amely kezdetben k\u00f6nnyen megk\u00f6zel\u00edthet\u0151, p\u00e9ld\u00e1ul egy k\u00f6zeli parkban l\u00e9v\u0151 dombon. Fontos, hogy a helysz\u00edn biztons\u00e1gos legyen. A helysz\u00edn v\u00e9gs\u0151 kiv\u00e1laszt\u00e1sa sz\u00e1mos t\u00e9nyez\u0151t\u0151l f\u00fcgg, p\u00e9ld\u00e1ul a megk\u00f6zel\u00edthet\u0151s\u00e9gt\u0151l, a k\u00f6lts\u00e9gvet\u00e9st\u0151l, a gyermeked k\u00e9pess\u00e9geit\u0151l \u00e9s a te szem\u00e9lyes preferenci\u00e1idt\u00f3l.<\/span><\/p>\n\n\n\n<p><span>\u00d6sszefoglalva, a<\/span><span><strong> s\u00edel\u00e9s gyermekkorban t\u00f6rt\u00e9n\u0151 megtanul\u00e1sa egy folyamat, amely id\u0151t, t\u00fcrelmet, motiv\u00e1ci\u00f3t \u00e9s megfelel\u0151 m\u00f3dszert ig\u00e9nyel, de mind a fiatal s\u00edel\u0151, mind a sz\u00fcl\u0151 sz\u00e1m\u00e1ra kifizet\u0151d\u0151 \u00e9lm\u00e9nyt jelenthet<\/strong><\/span><span>. Ne feledd, hogy minden gyermek a saj\u00e1t temp\u00f3j\u00e1ban fejl\u0151dik, ez\u00e9rt ne cs\u00fcggedj, ha a fejl\u0151d\u00e9s lassabban megy. A legfontosabb, hogy a gyermek \u00e9lvezze a tanul\u00e1st \u00e9s pozit\u00edv \u00e9lm\u00e9nyeket szerezzen a lejt\u0151n. A te lelkesed\u00e9sed \u00e9s sz\u00fcl\u0151i t\u00e1mogat\u00e1sod kulcsszerepet j\u00e1tszik abban, hogy gyermeked k\u00f6nnyebben megtehesse a s\u00edl\u00e9cen tett els\u0151 l\u00e9p\u00e9seit. Tervezz rendszeres l\u00e1togat\u00e1sokat a s\u00edp\u00e1ly\u00e1kra, hogy gyermeked fejleszthesse a k\u00e9szs\u00e9geit \u00e9s gyakorolhasson. A megfelel\u0151 megk\u00f6zel\u00edt\u00e9s mellett elengedhetetlen, hogy a ruh\u00e1zatot \u00e9s a felszerel\u00e9st gyermeked param\u00e9tereihez, ig\u00e9nyeihez \u00e9s szintj\u00e9hez igaz\u00edtsd, hogy k\u00e9nyelmes \u00e9s biztons\u00e1gos tanul\u00e1si k\u00f6rnyezetet biztos\u00edts a kezd\u0151 s\u00edel\u0151 sz\u00e1m\u00e1ra. A Sportano.hu weboldalon olyan vezet\u0151 gy\u00e1r<\/span><span>t\u00f3k <\/span><a href=\"https:\/\/sportano.hu\/teli-sportruhazat\/siruhazat\/sinadragok\/gyerek-sinadragok\"><span><u>fi\u00fa \u00e9s l\u00e1ny s\u00edruh\u00e1zat\u00e1nak<\/u><\/span><\/a><span> \u00e9<\/span><span>s gyermek s\u00edfelszerel\u00e9s\u00e9nek sz\u00e9les v\u00e1laszt\u00e9k\u00e1t tal\u00e1lod, mint a <\/span><span><strong>HEAD, Rossignol, Atomic, Fischer, Nordica, Salomon, UVEX vagy a V\u00f6lkl<\/strong><\/span><span>.<\/span><\/p>\n\n\n\n<p><span><\/span><\/p>\n","protected":false},"excerpt":{"rendered":"<p>A s\u00edel\u00e9s megtanul\u00e1sa a gyermekek sz\u00e1m\u00e1ra nemcsak a t\u00e9li sportok vil\u00e1g\u00e1ba t\u00f6rt\u00e9n\u0151 bevezet\u00e9st jelenti, hanem nagyszer\u0171 kalandot \u00e9s olyan k\u00e9szs\u00e9get is, ami rendk\u00edv\u00fcl sz\u00f3rakoztat\u00f3 lehet, \u00e9s seg\u00edthet az \u00f6nbizalom \u00e9p\u00edt\u00e9s\u00e9ben. Ha azon gondolkozol, hogy megtan\u00edtsd a gyermekedet s\u00edelni, \u00fatmutat\u00f3nk gyakorlati tippeket ad azzal kapcsolatosan, hogy hol kezdd, hogyan v\u00e1lassz s\u00edoktat\u00f3t, \u00e9s milyen ruh\u00e1zatra \u00e9s felszerel\u00e9sre [&hellip;]<\/p>\n","protected":false},"author":7,"featured_media":1564,"comment_status":"closed","ping_status":"closed","sticky":false,"template":"","format":"standard","meta":{"_acf_changed":false,"footnotes":""},"categories":[44],"tags":[],"class_list":["post-1559","post","type-post","status-publish","format-standard","has-post-thumbnail","hentry","category-teli-sportok"],"acf":[],"yoast_head":"<!-- This site is optimized with the Yoast SEO plugin v27.1.1 - https:\/\/yoast.com\/product\/yoast-seo-wordpress\/ -->\n<title>S\u00edtanul\u00e1s gyerekeknek. Gyakorlati tippek sz\u00fcl\u0151knek - Sportano.hu Blog<\/title>\n<meta name=\"robots\" content=\"index, follow, max-snippet:-1, max-image-preview:large, max-video-preview:-1\" \/>\n<link rel=\"canonical\" href=\"https:\/\/sportano.hu\/blog\/sitanulas-gyerekeknek-gyakorlati-tippek-szuloknek\/\" \/>\n<meta property=\"og:locale\" content=\"hu_HU\" \/>\n<meta property=\"og:type\" content=\"article\" \/>\n<meta property=\"og:title\" content=\"S\u00edtanul\u00e1s gyerekeknek. Gyakorlati tippek sz\u00fcl\u0151knek - Sportano.hu Blog\" \/>\n<meta property=\"og:description\" content=\"A s\u00edel\u00e9s megtanul\u00e1sa a gyermekek sz\u00e1m\u00e1ra nemcsak a t\u00e9li sportok vil\u00e1g\u00e1ba t\u00f6rt\u00e9n\u0151 bevezet\u00e9st jelenti, hanem nagyszer\u0171 kalandot \u00e9s olyan k\u00e9szs\u00e9get is, ami rendk\u00edv\u00fcl sz\u00f3rakoztat\u00f3 lehet, \u00e9s seg\u00edthet az \u00f6nbizalom \u00e9p\u00edt\u00e9s\u00e9ben. Ha azon gondolkozol, hogy megtan\u00edtsd a gyermekedet s\u00edelni, \u00fatmutat\u00f3nk gyakorlati tippeket ad azzal kapcsolatosan, hogy hol kezdd, hogyan v\u00e1lassz s\u00edoktat\u00f3t, \u00e9s milyen ruh\u00e1zatra \u00e9s felszerel\u00e9sre [&hellip;]\" \/>\n<meta property=\"og:url\" content=\"https:\/\/sportano.hu\/blog\/sitanulas-gyerekeknek-gyakorlati-tippek-szuloknek\/\" \/>\n<meta property=\"article:published_time\" content=\"2024-02-02T14:28:48+00:00\" \/>\n<meta property=\"article:modified_time\" content=\"2025-07-14T12:32:44+00:00\" \/>\n<meta property=\"og:image\" content=\"http:\/\/sportano.hu\/blog\/wp-content\/uploads\/2024\/02\/gdi-65bcfc235e974.jpeg\" \/>\n\t<meta property=\"og:image:width\" content=\"816\" \/>\n\t<meta property=\"og:image:height\" content=\"426\" \/>\n\t<meta property=\"og:image:type\" content=\"image\/jpeg\" \/>\n<meta name=\"author\" content=\"Sylwia Stwora-Petela\" \/>\n<meta name=\"twitter:card\" content=\"summary_large_image\" \/>\n<meta name=\"twitter:label1\" content=\"Szerz\u0151:\" \/>\n\t<meta name=\"twitter:data1\" content=\"Sylwia Stwora-Petela\" \/>\n\t<meta name=\"twitter:label2\" content=\"Becs\u00fclt olvas\u00e1si id\u0151\" \/>\n\t<meta name=\"twitter:data2\" content=\"10 perc\" \/>\n<!-- \/ Yoast SEO plugin. -->","yoast_head_json":{"title":"S\u00edtanul\u00e1s gyerekeknek. Gyakorlati tippek sz\u00fcl\u0151knek - Sportano.hu Blog","robots":{"index":"index","follow":"follow","max-snippet":"max-snippet:-1","max-image-preview":"max-image-preview:large","max-video-preview":"max-video-preview:-1"},"canonical":"https:\/\/sportano.hu\/blog\/sitanulas-gyerekeknek-gyakorlati-tippek-szuloknek\/","og_locale":"hu_HU","og_type":"article","og_title":"S\u00edtanul\u00e1s gyerekeknek. Gyakorlati tippek sz\u00fcl\u0151knek - Sportano.hu Blog","og_description":"A s\u00edel\u00e9s megtanul\u00e1sa a gyermekek sz\u00e1m\u00e1ra nemcsak a t\u00e9li sportok vil\u00e1g\u00e1ba t\u00f6rt\u00e9n\u0151 bevezet\u00e9st jelenti, hanem nagyszer\u0171 kalandot \u00e9s olyan k\u00e9szs\u00e9get is, ami rendk\u00edv\u00fcl sz\u00f3rakoztat\u00f3 lehet, \u00e9s seg\u00edthet az \u00f6nbizalom \u00e9p\u00edt\u00e9s\u00e9ben. Ha azon gondolkozol, hogy megtan\u00edtsd a gyermekedet s\u00edelni, \u00fatmutat\u00f3nk gyakorlati tippeket ad azzal kapcsolatosan, hogy hol kezdd, hogyan v\u00e1lassz s\u00edoktat\u00f3t, \u00e9s milyen ruh\u00e1zatra \u00e9s felszerel\u00e9sre [&hellip;]","og_url":"https:\/\/sportano.hu\/blog\/sitanulas-gyerekeknek-gyakorlati-tippek-szuloknek\/","article_published_time":"2024-02-02T14:28:48+00:00","article_modified_time":"2025-07-14T12:32:44+00:00","og_image":[{"width":816,"height":426,"url":"http:\/\/sportano.hu\/blog\/wp-content\/uploads\/2024\/02\/gdi-65bcfc235e974.jpeg","type":"image\/jpeg"}],"author":"Sylwia Stwora-Petela","twitter_card":"summary_large_image","twitter_misc":{"Szerz\u0151:":"Sylwia Stwora-Petela","Becs\u00fclt olvas\u00e1si id\u0151":"10 perc"},"schema":{"@context":"https:\/\/schema.org","@graph":[{"@type":"Article","@id":"https:\/\/sportano.hu\/blog\/sitanulas-gyerekeknek-gyakorlati-tippek-szuloknek\/#article","isPartOf":{"@id":"https:\/\/sportano.hu\/blog\/sitanulas-gyerekeknek-gyakorlati-tippek-szuloknek\/"},"author":{"name":"Sylwia Stwora-Petela","@id":"https:\/\/sportano.hu\/blog\/#\/schema\/person\/71cc03e69d6c63d290e6365378f2deab"},"headline":"S\u00edtanul\u00e1s gyerekeknek. Gyakorlati tippek sz\u00fcl\u0151knek","datePublished":"2024-02-02T14:28:48+00:00","dateModified":"2025-07-14T12:32:44+00:00","mainEntityOfPage":{"@id":"https:\/\/sportano.hu\/blog\/sitanulas-gyerekeknek-gyakorlati-tippek-szuloknek\/"},"wordCount":2514,"publisher":{"@id":"https:\/\/sportano.hu\/blog\/#organization"},"image":{"@id":"https:\/\/sportano.hu\/blog\/sitanulas-gyerekeknek-gyakorlati-tippek-szuloknek\/#primaryimage"},"thumbnailUrl":"https:\/\/sportano.hu\/blog\/wp-content\/uploads\/2024\/02\/gdi-65bcfc235e974.jpeg","articleSection":["T\u00e9li sportok"],"inLanguage":"hu"},{"@type":"WebPage","@id":"https:\/\/sportano.hu\/blog\/sitanulas-gyerekeknek-gyakorlati-tippek-szuloknek\/","url":"https:\/\/sportano.hu\/blog\/sitanulas-gyerekeknek-gyakorlati-tippek-szuloknek\/","name":"S\u00edtanul\u00e1s gyerekeknek. Gyakorlati tippek sz\u00fcl\u0151knek - Sportano.hu Blog","isPartOf":{"@id":"https:\/\/sportano.hu\/blog\/#website"},"primaryImageOfPage":{"@id":"https:\/\/sportano.hu\/blog\/sitanulas-gyerekeknek-gyakorlati-tippek-szuloknek\/#primaryimage"},"image":{"@id":"https:\/\/sportano.hu\/blog\/sitanulas-gyerekeknek-gyakorlati-tippek-szuloknek\/#primaryimage"},"thumbnailUrl":"https:\/\/sportano.hu\/blog\/wp-content\/uploads\/2024\/02\/gdi-65bcfc235e974.jpeg","datePublished":"2024-02-02T14:28:48+00:00","dateModified":"2025-07-14T12:32:44+00:00","breadcrumb":{"@id":"https:\/\/sportano.hu\/blog\/sitanulas-gyerekeknek-gyakorlati-tippek-szuloknek\/#breadcrumb"},"inLanguage":"hu","potentialAction":[{"@type":"ReadAction","target":["https:\/\/sportano.hu\/blog\/sitanulas-gyerekeknek-gyakorlati-tippek-szuloknek\/"]}]},{"@type":"ImageObject","inLanguage":"hu","@id":"https:\/\/sportano.hu\/blog\/sitanulas-gyerekeknek-gyakorlati-tippek-szuloknek\/#primaryimage","url":"https:\/\/sportano.hu\/blog\/wp-content\/uploads\/2024\/02\/gdi-65bcfc235e974.jpeg","contentUrl":"https:\/\/sportano.hu\/blog\/wp-content\/uploads\/2024\/02\/gdi-65bcfc235e974.jpeg","width":816,"height":426,"caption":"Egy gyerek s\u00edel a havas lejt\u0151n, sz\u00ednes s\u00edfelszerel\u00e9sben"},{"@type":"BreadcrumbList","@id":"https:\/\/sportano.hu\/blog\/sitanulas-gyerekeknek-gyakorlati-tippek-szuloknek\/#breadcrumb","itemListElement":[{"@type":"ListItem","position":1,"name":"F\u0151oldal","item":"https:\/\/sportano.hu\/blog\/"},{"@type":"ListItem","position":2,"name":"S\u00edtanul\u00e1s gyerekeknek. Gyakorlati tippek sz\u00fcl\u0151knek"}]},{"@type":"WebSite","@id":"https:\/\/sportano.hu\/blog\/#website","url":"https:\/\/sportano.hu\/blog\/","name":"","description":"","publisher":{"@id":"https:\/\/sportano.hu\/blog\/#organization"},"potentialAction":[{"@type":"SearchAction","target":{"@type":"EntryPoint","urlTemplate":"https:\/\/sportano.hu\/blog\/?s={search_term_string}"},"query-input":{"@type":"PropertyValueSpecification","valueRequired":true,"valueName":"search_term_string"}}],"inLanguage":"hu"},{"@type":"Organization","@id":"https:\/\/sportano.hu\/blog\/#organization","name":"Sportano.pl","url":"https:\/\/sportano.hu\/blog\/","logo":{"@type":"ImageObject","inLanguage":"hu","@id":"https:\/\/sportano.hu\/blog\/#\/schema\/logo\/image\/","url":"http:\/\/sportano.hu\/blog\/wp-content\/uploads\/2022\/04\/sportano-blog-logo.png","contentUrl":"http:\/\/sportano.hu\/blog\/wp-content\/uploads\/2022\/04\/sportano-blog-logo.png","width":1200,"height":200,"caption":"Sportano.pl"},"image":{"@id":"https:\/\/sportano.hu\/blog\/#\/schema\/logo\/image\/"}},{"@type":"Person","@id":"https:\/\/sportano.hu\/blog\/#\/schema\/person\/71cc03e69d6c63d290e6365378f2deab","name":"Sylwia Stwora-Petela","image":{"@type":"ImageObject","inLanguage":"hu","@id":"https:\/\/sportano.hu\/blog\/#\/schema\/person\/image\/","url":"https:\/\/sportano.hu\/blog\/wp-content\/uploads\/nsl_avatars\/52d3b69495b3bb32dafd1c9e4d45ef6f.png","contentUrl":"https:\/\/sportano.hu\/blog\/wp-content\/uploads\/nsl_avatars\/52d3b69495b3bb32dafd1c9e4d45ef6f.png","caption":"Sylwia Stwora-Petela"}}]}},"_links":{"self":[{"href":"https:\/\/sportano.hu\/blog\/wp-json\/wp\/v2\/posts\/1559","targetHints":{"allow":["GET"]}}],"collection":[{"href":"https:\/\/sportano.hu\/blog\/wp-json\/wp\/v2\/posts"}],"about":[{"href":"https:\/\/sportano.hu\/blog\/wp-json\/wp\/v2\/types\/post"}],"author":[{"embeddable":true,"href":"https:\/\/sportano.hu\/blog\/wp-json\/wp\/v2\/users\/7"}],"replies":[{"embeddable":true,"href":"https:\/\/sportano.hu\/blog\/wp-json\/wp\/v2\/comments?post=1559"}],"version-history":[{"count":4,"href":"https:\/\/sportano.hu\/blog\/wp-json\/wp\/v2\/posts\/1559\/revisions"}],"predecessor-version":[{"id":2753,"href":"https:\/\/sportano.hu\/blog\/wp-json\/wp\/v2\/posts\/1559\/revisions\/2753"}],"wp:featuredmedia":[{"embeddable":true,"href":"https:\/\/sportano.hu\/blog\/wp-json\/wp\/v2\/media\/1564"}],"wp:attachment":[{"href":"https:\/\/sportano.hu\/blog\/wp-json\/wp\/v2\/media?parent=1559"}],"wp:term":[{"taxonomy":"category","embeddable":true,"href":"https:\/\/sportano.hu\/blog\/wp-json\/wp\/v2\/categories?post=1559"},{"taxonomy":"post_tag","embeddable":true,"href":"https:\/\/sportano.hu\/blog\/wp-json\/wp\/v2\/tags?post=1559"}],"curies":[{"name":"wp","href":"https:\/\/api.w.org\/{rel}","templated":true}]}}