{"id":2024,"date":"2024-03-22T14:10:41","date_gmt":"2024-03-22T14:10:41","guid":{"rendered":"https:\/\/sportano.hu\/blog\/ferfi-turacipok-rangsora-2024\/"},"modified":"2025-07-14T13:46:34","modified_gmt":"2025-07-14T13:46:34","slug":"ferfi-turacipok-rangsora-2024","status":"publish","type":"post","link":"https:\/\/sportano.hu\/blog\/ferfi-turacipok-rangsora-2024\/","title":{"rendered":"F\u00e9rfi t\u00faracip\u0151k rangsora 2024"},"content":{"rendered":"\n<p><span><strong>Fedezd fel a f\u00e9rfi t\u00farabakancsok rangsor\u00e1t, \u00e9s v\u00e1laszd ki a t\u00f6k\u00e9letes p\u00e1rt, amely elk\u00eds\u00e9r az \u00f6sv\u00e9nyeken 2024-ben. \u00d6sszegy\u0171jt\u00f6tt\u00fck olyan elismert m\u00e1rk\u00e1k legjobb modelljeit, mint a Salewa, Salomon, Scarpa, Columbia, La Sportiva, Dolomite, Jack Wolfskin \u00e9s a CMP. Mindet megtal\u00e1lod a Sportano.hu weboldalon. Figyelembe vett\u00fck az \u00f6sszes legfontosabb param\u00e9tert &#8211; a v\u00edz\u00e1ll\u00f3 membr\u00e1nokt\u00f3l kezdve a stabilit\u00e1son \u00e1t a talp tapad\u00e1s\u00e1ig.<\/strong><\/span><\/p>\n\n\n\n<h2 class=\"wp-block-heading\"><span><strong>Salewa MTN Trainer Mid GTX f\u00e9rfi t\u00faracip\u0151<\/strong><\/span><\/h2>\n\n\n\n<p><span>A <\/span><a href=\"https:\/\/sportano.hu\/p\/125796\/ferfi-turabakancs-salewa-mtn-trainer-mid-gtx-zold-00-0000063458\" target=\"_blank\" rel=\"noreferrer noopener\"><span><u>Salewa MTN Trainer Mid GTX<\/u><\/span><\/a><span> f\u00e9rfi t\u00faracip\u0151 a tiroli m\u00e1rka klasszikusa, amely kiv\u00e1l\u00f3an helyt\u00e1ll t\u00f6bbnapos \u00e9s r\u00f6videbb t\u00far\u00e1k sor\u00e1n egyar\u00e1nt. Fels\u0151r\u00e9sze st\u00edlusos \u00e9s tart\u00f3s vel\u00farb\u0151rb\u0151l k\u00e9sz\u00fclt, \u00e9s teljes gumibet\u00e9ttel eg\u00e9sz\u00fclt ki. A v\u00edz\u00e1ll\u00f3 GORE-TEX\u00ae Extended Comfort Footwear membr\u00e1n teljes m\u00e9rt\u00e9kben v\u00e9d a v\u00edzt\u0151l, emellett elvezeti a felesleges nedvess\u00e9get, ami cs\u00f6kkenti a t\u00falmeleged\u00e9st.<\/span><\/p>\n\n\n\n<figure class=\"wp-block-embed is-type-video is-provider-youtube wp-block-embed-youtube wp-embed-aspect-16-9 wp-has-aspect-ratio\"><div class=\"wp-block-embed__wrapper\">\n<iframe loading=\"lazy\" title=\"Salewa Mountain Trainer Mid GTX Boot\" width=\"500\" height=\"281\" src=\"https:\/\/www.youtube.com\/embed\/NDNpPZddht8?feature=oembed\" frameborder=\"0\" allow=\"accelerometer; autoplay; clipboard-write; encrypted-media; gyroscope; picture-in-picture; web-share\" referrerpolicy=\"strict-origin-when-cross-origin\" allowfullscreen><\/iframe>\n<\/div><\/figure>\n\n\n\n<p><span>A fels\u0151r\u00e9sz gall\u00e9rja Flex-konstrukci\u00f3val k\u00e9sz\u00fclt, amely biztos\u00edtja a mozg\u00e1sszabads\u00e1got \u00e9s a k\u00e9nyelmes j\u00e1r\u00e1st. Ezenk\u00edv\u00fcl a 3F System madzag stabiliz\u00e1lja a bok\u00e1t \u00e9s egy\u00fcttm\u0171k\u00f6dik a Climbing Lacing k\u00f6t\u00e9srendszerrel. A rendszer a hegym\u00e1sz\u00f3cip\u0151kb\u0151l sz\u00e1rmazik, ez\u00e9rt pontos illeszked\u00e9st biztos\u00edt. A Salewa MTN Trainer Mid GTX f\u00e9rfi t\u00faracip\u0151 Bilight TPU k\u00f6z\u00e9ptalppal rendelkezik, amely a talp megt\u00e1maszt\u00e1s\u00e1\u00e9rt \u00e9s p\u00e1rn\u00e1zotts\u00e1g\u00e1\u00e9rt felel\u0151s. A Vibram\u00ae WTC talp nagyfok\u00fa tapad\u00e1st biztos\u00edt, ami a technik\u00e1s \u00f6sv\u00e9nyeken is remek\u00fcl helyt\u00e1ll.<\/span><\/p>\n\n\n\n<h2 class=\"wp-block-heading\"><span><strong>Salewa Alp Mate Winter Mid WP f\u00e9rfi t\u00faracip\u0151<\/strong><\/span><\/h2>\n\n\n\n<p><span>A <\/span><a href=\"https:\/\/sportano.hu\/p\/249816\/salewa-ferfi-alp-mate-winter-mid-wp-bungee-cord-fekete-trekking-bakancsok\" target=\"_blank\" rel=\"noreferrer noopener\"><span><u>Salewa Alp Mate Winter Mid WP<\/u><\/span><\/a><span> f\u00e9rfi t\u00faracip\u0151 t\u00f6k\u00e9letes v\u00e1laszt\u00e1s hossz\u00fa s\u00e9t\u00e1khoz \u00e9s k\u00f6nnyebb t\u00far\u00e1khoz. A v\u00edz\u00e1ll\u00f3 Powertex\u00ae membr\u00e1n optim\u00e1lis l\u00e9g\u00e1tereszt\u0151 k\u00e9pess\u00e9get biztos\u00edt, amelyben a vel\u00farb\u0151r fels\u0151r\u00e9szt t\u00e1mogatja. A maxim\u00e1lis illeszked\u00e9s \u00e9rdek\u00e9ben sark\u00e1n\u00e1l Kevlar\u00ae madzaggal r\u00f6gz\u00edtett System 3F technol\u00f3gia ker\u00fclt alkalmaz\u00e1sra. Ennek eredm\u00e9nyek\u00e9ppen a Salewa bakancs bek\u00f6t\u00e9sekor a h\u00e1ts\u00f3 r\u00e9sz nagyfok\u00fa stabilit\u00e1st biztos\u00edt, ami nagyon j\u00f3l j\u00f6n neh\u00e9z terepen.<\/span><\/p>\n\n\n\n<figure class=\"wp-block-embed is-type-video is-provider-youtube wp-block-embed-youtube wp-embed-aspect-16-9 wp-has-aspect-ratio\"><div class=\"wp-block-embed__wrapper\">\n<iframe loading=\"lazy\" title=\"SALEWA | ALP MATE MID WP | MEN&#039;S SHOE\" width=\"500\" height=\"281\" src=\"https:\/\/www.youtube.com\/embed\/bkq-aJayiPA?feature=oembed\" frameborder=\"0\" allow=\"accelerometer; autoplay; clipboard-write; encrypted-media; gyroscope; picture-in-picture; web-share\" referrerpolicy=\"strict-origin-when-cross-origin\" allowfullscreen><\/iframe>\n<\/div><\/figure>\n\n\n\n<p><span>A hegym\u00e1sz\u00f3cip\u0151kb\u0151l \u00e1tvett Climbing Lacing rendszer pontos illeszked\u00e9st biztos\u00edt. T\u00e9li rendeltet\u00e9se miatt a Salewa Alp Mate Winter Mid WP f\u00e9rfi t\u00farabakancs Alpine Wool b\u00e9l\u00e9ssel rendelkezik. Szigetel\u00e9se cs\u00f6kkenti a kih\u0171l\u00e9st, \u00e9s elvezeti a felesleges nedvess\u00e9get. A k\u00f6z\u00e9ptalpban \u00fct\u00e9scsillap\u00edt\u00f3 EVA habot alkalmaztak, hogy enyh\u00edtse az \u00edz\u00fcletekre nehezed\u0151 nyom\u00e1st. A tapad\u00e1st havas \u00e9s s\u00e1ros talajon a Pomoca Winter Hike talp biztos\u00edtja.<\/span><\/p>\n\n\n\n<h2 class=\"wp-block-heading\"><span><strong>Salewa MTN Trainer 2 GTX f\u00e9rfi alacsony t\u00faracip\u0151<\/strong><\/span><\/h2>\n\n\n\n<p><span>A <\/span><a href=\"https:\/\/sportano.hu\/p\/58304\/salewa-mtn-trainer-2-gtx-ferfi-turabakancs-fekete-00-0000061356\" target=\"_blank\" rel=\"noreferrer noopener\"><span><u>Salewa MTN Trainer 2 GTX<\/u><\/span><\/a><span> f\u00e9rfi alacsony t\u00faracip\u0151 v\u00edz\u00e1ll\u00f3 GORE-TEX\u00ae Extended Comfort membr\u00e1nnal rendelkezik. J\u00f3 l\u00e9g\u00e1tereszt\u0151 k\u00e9pess\u00e9g\u00e9nek k\u00f6sz\u00f6nhet\u0151en cs\u00f6kkenti a t\u00falmeleged\u00e9st, \u00e9s nem gy\u0171lik fel olyan intenz\u00edven a felesleges nedvess\u00e9g a fels\u0151r\u00e9szen bel\u00fcl. A fels\u0151r\u00e9sz strapab\u00edr\u00f3 vel\u00farb\u0151rb\u0151l k\u00e9sz\u00fclt, \u00e9s a kritikus helyeken \u00e1tfed\u00e9ssel ker\u00fclt kieg\u00e9sz\u00edt\u00e9sre, hogy meghosszabb\u00edts\u00e1k az \u00e9lettartam\u00e1t.<\/span><\/p>\n\n\n\n<figure class=\"wp-block-embed is-type-video is-provider-youtube wp-block-embed-youtube wp-embed-aspect-16-9 wp-has-aspect-ratio\"><div class=\"wp-block-embed__wrapper\">\n<iframe loading=\"lazy\" title=\"SALEWA | MOUNTAIN TRAINER 2 GORE TEX\u00ae | trekking shoes\" width=\"500\" height=\"281\" src=\"https:\/\/www.youtube.com\/embed\/3mwoETUFppY?feature=oembed\" frameborder=\"0\" allow=\"accelerometer; autoplay; clipboard-write; encrypted-media; gyroscope; picture-in-picture; web-share\" referrerpolicy=\"strict-origin-when-cross-origin\" allowfullscreen><\/iframe>\n<\/div><\/figure>\n\n\n\n<p><span><\/span><\/p>\n\n\n\n<p><span>A Salewa bakancsok stabil r\u00f6gz\u00edt\u00e9s\u00e9\u00e9rt a hegym\u00e1sz\u00e1s-specifikus Climbing Lacing \u00e9s a 3F System felel. Ez a kombin\u00e1ci\u00f3 garant\u00e1lja a t\u00far\u00e1z\u00e1s k\u00f6zbeni biztons\u00e1got \u00e9s a pontoss\u00e1got, valamint k\u00e9nyelmes illeszked\u00e9st tesz lehet\u0151v\u00e9. A Salewa MTN Trainer 2 GTX alacsony f\u00e9rfi trekkingcip\u0151 PU habszivacs k\u00f6z\u00e9ptalppal, p\u00e1rn\u00e1z\u00e1ssal \u00e9s Vibram\u00ae MTN Trainer Evo talppal rendelkezik. Nagyfok\u00fa tapad\u00e1sa a hegyi \u00e1tkel\u0151k\u00f6n \u00e9s az egyszer\u0171bb m\u00e1sz\u00f3szakaszokon is bizony\u00edtja \u00e9rt\u00e9k\u00e9t. Ezenk\u00edv\u00fcl via ferrata f\u00fclekkel rendelkezik, amelyek n\u00f6velik a biztons\u00e1got az ac\u00e9lk\u00e1beles \u00f6sv\u00e9nyeken val\u00f3 k\u00f6zleked\u00e9s sor\u00e1n.<\/span><\/p>\n\n\n\n<h2 class=\"wp-block-heading\"><span><strong>La Sportiva Aequilibrium Hike GTX f\u00e9rfi t\u00faracip\u0151<\/strong><\/span><\/h2>\n\n\n\n<p><span>A <\/span><a href=\"https:\/\/sportano.hu\/p\/340529\/ferfi-turabakancs-la-sportiva-aequilibrium-hike-gtx-carbon-sarga\" target=\"_blank\" rel=\"noreferrer noopener\"><span><u>La Sportiva Aequilibrium Hike GTX<\/u><\/span><\/a><span> f\u00e9rfi t\u00faracip\u0151 GORE-TEX Extended Comfort v\u00edz\u00e1ll\u00f3 membr\u00e1nnal rendelkezik, amely t\u00far\u00e1z\u00e1s k\u00f6zben megv\u00e9d a v\u00edz \u00e9s a s\u00e1r ellen. Emellett l\u00e9g\u00e1tereszt\u0151 k\u00e9pess\u00e9ge jelent\u0151sen cs\u00f6kkenti a t\u00falmeleged\u00e9st \u00e9s elsz\u00e1ll\u00edtja a meger\u0151ltet\u00e9sb\u0151l sz\u00e1rmaz\u00f3 felesleges nedvess\u00e9get. A magas 3D Flex System Evo\u2122 gall\u00e9rnak k\u00f6sz\u00f6nhet\u0151en term\u00e9szetes mozg\u00e1sszabads\u00e1got \u00e9s t\u00e1mogat\u00e1st kap a boka a neh\u00e9z szakaszokon.<\/span><\/p>\n\n\n\n<figure class=\"wp-block-embed is-type-video is-provider-youtube wp-block-embed-youtube wp-embed-aspect-16-9 wp-has-aspect-ratio\"><div class=\"wp-block-embed__wrapper\">\n<iframe loading=\"lazy\" title=\"Aequilibrium\" width=\"500\" height=\"281\" src=\"https:\/\/www.youtube.com\/embed\/xX5hjCOJquE?feature=oembed\" frameborder=\"0\" allow=\"accelerometer; autoplay; clipboard-write; encrypted-media; gyroscope; picture-in-picture; web-share\" referrerpolicy=\"strict-origin-when-cross-origin\" allowfullscreen><\/iframe>\n<\/div><\/figure>\n\n\n\n<p><span>A PU habb\u00f3l k\u00e9sz\u00fclt k\u00f6z\u00e9ptalp felel a l\u00e1b term\u00e9szetes helyzet\u00e9\u00e9rt \u00e9s t\u00e1mogatja a Double Heel\u2122 p\u00e1rn\u00e1zotts\u00e1g\u00e1t. Ez egy speci\u00e1lis, k\u00e9tr\u00e9teg\u0171 sarokszerkezet, amely a La Sportiva Aequilibrium Hike GTX f\u00e9rfi t\u00faracip\u0151t p\u00e1rn\u00e1zott\u00e1 teszi. Ennek eredm\u00e9nyek\u00e9ppen az izmok nem terhel\u0151dnek annyira \u00e9s k\u00e9nyelmesebb\u00e9 v\u00e1lik a t\u00far\u00e1z\u00e1s. A Vibram\u00ae talp Impact Brake System technol\u00f3gi\u00e1t alkalmaz, amely jav\u00edtja a tapad\u00e1st \u00e9s elnyeli az \u00fct\u00e9seket az egyenetlen talajon.<\/span><\/p>\n\n\n\n<h2 class=\"wp-block-heading\"><span><strong>GORE-TEX Scarpa Mescalito TRK GTX f\u00e9rfi t\u00faracip\u0151 <\/strong><\/span><\/h2>\n\n\n\n<p><span>A <\/span><a href=\"https:\/\/sportano.hu\/p\/107071\/ferfi-turabakancs-scarpa-mescalito-trk-gtx-turkiz-fekete-61050\" target=\"_blank\" rel=\"noreferrer noopener\"><span><u>GORE-TEX Scarpa Mescalito TRK GTX<\/u><\/span><\/a><span> f\u00e9rfi t\u00faracip\u0151 lehet\u0151v\u00e9 teszi a kramponok felszerel\u00e9s\u00e9t, \u00edgy a nehezebb, technik\u00e1sabb \u00fatvonalakon is j\u00f3l haszn\u00e1lhat\u00f3. GORE-TEX\u00ae Extended Comfort membr\u00e1nt alkalmaz, amelynek v\u00edzszigetel\u00e9se teljes m\u00e9rt\u00e9kben v\u00e9d az es\u0151, a h\u00f3 \u00e9s a s\u00e1r ellen. Ez a technol\u00f3gia a Perwanger\u00ae fels\u0151r\u00e9sszel egy\u00fctt l\u00e9g\u00e1tereszt\u0151 k\u00e9pess\u00e9get is biztos\u00edt. A szem\u00e9lyre szabott illeszked\u00e9s \u00e9rdek\u00e9ben el\u0151ny\u00f6s a k\u00f6t\u00e9srendszer, amely a boka \u00e9s a l\u00e1bfej ter\u00fclet\u00e9n z\u00e1rral van ell\u00e1tva.<\/span><\/p>\n\n\n\n<figure class=\"wp-block-image\"><img decoding=\"async\" src=\"https:\/\/sportano.hu\/blog\/wp-content\/uploads\/2024\/03\/gdi-65fd916251b0e.jpeg\" alt=\"GORE-TEX Scarpa Mescalito TRK GTX f\u00e9rfi t\u00faracip\u0151\"\/><\/figure>\n\n\n\n<p><span>Az anat\u00f3miai ACTIVfit konstrukci\u00f3val ell\u00e1tott GORE-TEX Scarpa Mescalito TRK GTX f\u00e9rfi t\u00faracip\u0151 nem korl\u00e1tozza a term\u00e9szetes mozg\u00e1sszabads\u00e1got. A k\u00f6z\u00e9ptalp PU habbal van ell\u00e1tva, \u00edgy hozz\u00e1juthatsz a p\u00e1rn\u00e1zotts\u00e1ghoz, amelyre a kih\u00edv\u00e1sokkal teli terepen is sz\u00fcks\u00e9ged lehet. A Scarpa trekkingcip\u0151 Vibram\u00ae XS Trek Evo talppal rendelkezik, amelyet az ACTIVimpact technol\u00f3gia eg\u00e9sz\u00edt ki. Ez teszi az eg\u00e9szet rendk\u00edv\u00fcl tapad\u00f3ss\u00e1, elnyeli a r\u00e1zk\u00f3d\u00e1sokat \u00e9s t\u00e1mogat\u00e1st ny\u00fajt mind a halad\u00e1sn\u00e1l, mind a meredek ereszked\u00e9sn\u00e9l.<\/span><\/p>\n\n\n\n<h2 class=\"wp-block-heading\"><span><strong>Dolomite 54 Trek GTX f\u00e9rfi t\u00faracip\u0151<\/strong><\/span><\/h2>\n\n\n\n<p><span>A <\/span><a href=\"https:\/\/sportano.hu\/p\/12249\/ferfi-turabakancs-dolomite-54-trek-gtx-m-s-barna-271850-0300\" target=\"_blank\" rel=\"noreferrer noopener\"><span><u>Dolomite 54 Trek GTX<\/u><\/span><\/a><span> f\u00e9rfi t\u00faracip\u0151 ide\u00e1lis t\u00far\u00e1z\u00e1shoz, bushcraftoz\u00e1shoz \u00e9s egy\u00e9b t\u00far\u00e1z\u00e1si tev\u00e9kenys\u00e9gekhez. GORE-TEX\u00ae Performance Comfort membr\u00e1nt alkalmaz, \u00edgy v\u00edz\u00e1ll\u00f3 \u00e9s l\u00e9g\u00e1tereszt\u0151 v\u00e9delmet is ny\u00fajt. A fels\u0151r\u00e9sz Crazy Horse b\u0151r, amely tart\u00f3s \u00e9s klasszikus megjelen\u00e9st k\u00f6lcs\u00f6n\u00f6z a bakancsnak. Az eg\u00e9sz bakancsot k\u00f6r\u00fclvev\u0151 b\u00e9l\u00e9s pedig v\u00e9d a gy\u00f6kerekkel \u00e9s k\u00f6vekkel val\u00f3 \u00f6sszeakad\u00e1sok ellen.<\/span><\/p>\n\n\n\n<figure class=\"wp-block-image\"><img decoding=\"async\" src=\"https:\/\/sportano.hu\/blog\/wp-content\/uploads\/2024\/03\/gdi-65fd9162eeed1.jpeg\" alt=\"Dolomite 54 Trek GTX f\u00e9rfi t\u00faracip\u0151\"\/><\/figure>\n\n\n\n<p><span>A DAS Light talpbet\u00e9t gondoskodik a Dolomite cip\u0151k anat\u00f3miai illeszked\u00e9s\u00e9r\u0151l, ami maxim\u00e1lis k\u00e9nyelmet ny\u00fajt \u00e9s cs\u00f6kkenti a l\u00e1bf\u00e1radts\u00e1got. Ez a megold\u00e1s a l\u00e1bfej \u00edv\u00e9t is t\u00e1mogatja, ami \u00e1ltal nagyobb stabilit\u00e1st biztos\u00edt. A Dolomite 54 Trek GTX f\u00e9rfi t\u00faracip\u0151 Adula fut\u00f3fel\u00fclettel ell\u00e1tott Vibram\u00ae talppal van ell\u00e1tva. Ez a kombin\u00e1ci\u00f3 a durv\u00e1bb talajon hasznosnak bizonyul, mivel biztos\u00edtja a sz\u00fcks\u00e9ges tapad\u00e1st \u00e9s j\u00e1r\u00e1steljes\u00edtm\u00e9nyt.<\/span><\/p>\n\n\n\n<h2 class=\"wp-block-heading\"><span><strong>Columbia Peakfreak II Mid Outdry f\u00e9rfi t\u00faracip\u0151<\/strong><\/span><\/h2>\n\n\n\n<p><span>A <\/span><a href=\"https:\/\/sportano.hu\/p\/186460\/columbia-peakfreak-ii-mid-outdry-sotetszurke-ferfi-turabakancs-2005091\" target=\"_blank\" rel=\"noreferrer noopener\"><span><u>Columbia Peakfreak II Mid Outdry<\/u><\/span><\/a><span> f\u00e9rfi t\u00faracip\u0151 t\u00farakialak\u00edt\u00e1s\u00fa, mely a k\u00e9nyelemre helyezi a hangs\u00falyt. Ennek egyik oka az optim\u00e1lis p\u00e1rn\u00e1zotts\u00e1got biztos\u00edt\u00f3 Techlite+\u2122 k\u00f6z\u00e9ptalp. Emellett \u00fagy tervezt\u00e9k, hogy a NAVIC FIT SYSTEM\u2122 seg\u00edts\u00e9g\u00e9vel stabiliz\u00e1lja a l\u00e1bat. Ez a k\u00fcl\u00f6nleges megold\u00e1s term\u00e9szetes m\u00f3don r\u00f6gz\u00edti a l\u00e1bk\u00f6z\u00e9pet, elnyeli a l\u00f6k\u00e9seket \u00e9s ruganyoss\u00e1got ny\u00fajt minden l\u00e9p\u00e9snek. Az Adapt Trax\u2122 talp nagyfok\u00fa tapad\u00e1st biztos\u00edt a v\u00e1ltozatos fel\u00fcleteken, fut\u00f3fel\u00fclete \u00e9s f\u00fclei pedig nedves k\u00f6rnyezetben is j\u00f3l teljes\u00edtenek.<\/span><\/p>\n\n\n\n<figure class=\"wp-block-embed is-type-video is-provider-youtube wp-block-embed-youtube wp-embed-aspect-16-9 wp-has-aspect-ratio\"><div class=\"wp-block-embed__wrapper\">\n<iframe loading=\"lazy\" title=\"OutDry\u2122 Technology | Columbia Sportswear\" width=\"500\" height=\"281\" src=\"https:\/\/www.youtube.com\/embed\/64FihIgyM4M?feature=oembed\" frameborder=\"0\" allow=\"accelerometer; autoplay; clipboard-write; encrypted-media; gyroscope; picture-in-picture; web-share\" referrerpolicy=\"strict-origin-when-cross-origin\" allowfullscreen><\/iframe>\n<\/div><\/figure>\n\n\n\n<p><span>A szintetikus fels\u0151r\u00e9sz OutDry\u00ae v\u00edz\u00e1ll\u00f3 membr\u00e1nnal rendelkezik, ami azt jelenti, hogy a Columbia Peakfreak II Mid Outdry f\u00e9rfi t\u00faracip\u0151 az es\u0151vel, a pocsoly\u00e1kkal \u00e9s a patakokkal is megbirk\u00f3zik. Ez a technol\u00f3gia l\u00e9g\u00e1tereszt\u0151 k\u00e9pess\u00e9get is biztos\u00edt \u00e9s a fels\u0151r\u00e9szt gyorsan sz\u00e1rad\u00f3v\u00e1 teszi &#8211; a felesleges nedvess\u00e9get pedig hat\u00e9konyan elvezeti.<\/span><a href=\"https:\/\/sportano.pl\/p\/253280\/buty-trekkingowe-meskie-skechers-oak-canyon-chocolate-black\"><\/a><\/p>\n\n\n\n<h2 class=\"wp-block-heading\"><span>Salomon X Ultra 4 f\u00e9rfi t\u00faracip\u0151<\/span><\/h2>\n\n\n\n<p><span>A <\/span><a href=\"https:\/\/sportano.hu\/p\/184412\/ferfi-trekking-cipo-salomon-x-ultra-4-szurke-l41385600\" target=\"_blank\" rel=\"noreferrer noopener\"><span><u>Salomon X Ultra 4<\/u><\/span><\/a><span> f\u00e9rfi t\u00faracip\u0151 k\u00f6nny\u0171 \u00e9s k\u00e9nyelmes kialak\u00edt\u00e1s\u00fa, t\u00f6k\u00e9letes a melegebb \u00e9vszakokban t\u00f6rt\u00e9n\u0151 kir\u00e1ndul\u00e1sokhoz. L\u00e9g\u00e1tereszt\u0151, perfor\u00e1ci\u00f3val ell\u00e1tott fels\u0151r\u00e9sze szell\u0151z\u00e9st biztos\u00edt, \u00edgy cs\u00f6kken a t\u00falmeleged\u00e9s vesz\u00e9lye, a nedvess\u00e9g pedig elsz\u00e1ll. A Salomon tervez\u0151i DWR v\u00edzleperget\u0151 kezel\u00e9ssel l\u00e1tt\u00e1k el a modellt, \u00edgy a k\u00f6nny\u0171 es\u0151 nem fogja \u00e1t\u00e1ztatni.<\/span><\/p>\n\n\n\n<figure class=\"wp-block-embed is-type-video is-provider-youtube wp-block-embed-youtube wp-embed-aspect-16-9 wp-has-aspect-ratio\"><div class=\"wp-block-embed__wrapper\">\n<iframe loading=\"lazy\" title=\"X ULTRA 4 | Salomon Hiking\" width=\"500\" height=\"281\" src=\"https:\/\/www.youtube.com\/embed\/yl-D-5PW11g?feature=oembed\" frameborder=\"0\" allow=\"accelerometer; autoplay; clipboard-write; encrypted-media; gyroscope; picture-in-picture; web-share\" referrerpolicy=\"strict-origin-when-cross-origin\" allowfullscreen><\/iframe>\n<\/div><\/figure>\n\n\n\n<p><span>Quicklace\u2122 szeg\u00e9ly lett n\u00e1la alkalmazva, amely a klasszikus f\u0171z\u0151ket helyettes\u00edti \u00e9s gyors cip\u0151illeszt\u00e9st tesz lehet\u0151v\u00e9. Emellett a SensiFit\u2122 szerkezet stabiliz\u00e1lja a l\u00e1bat \u00e9s cs\u00f6kkenti a s\u00e9r\u00fcl\u00e9svesz\u00e9lyt, t\u00e1mogatva a t\u00far\u00e1z\u00f3kat, ahogy gyorsabban v\u00e1gnak neki az \u00f6sv\u00e9nynek. A Salomon X Ultra 4 f\u00e9rfi t\u00faracip\u0151 antimikrobi\u00e1lis OrthoLite\u00ae talpbet\u00e9ttel rendelkezik, amely a kezdeti p\u00e1rn\u00e1zotts\u00e1g\u00e9rt felel, \u00e9s kieg\u00e9sz\u00edti a k\u00f6z\u00e9ptalpat. EVA habot alkalmaz Energy Cell form\u00e1j\u00e1ban, amely elnyeli a l\u00f6k\u00e9seket. A Contagrip\u00ae All Terrain talp felel a a k\u00fcl\u00f6nb\u00f6z\u0151 fel\u00fcleteken val\u00f3 tapad\u00e1s\u00e9rt.<\/span><\/p>\n\n\n\n<h2 class=\"wp-block-heading\"><span>CMP Rigel Low f\u00e9rfi t\u00faracip\u0151<\/span><\/h2>\n\n\n\n<p><span>A <\/span><a href=\"https:\/\/sportano.hu\/p\/131242\/ferfi-cmp-rigel-low-trekking-csizma-tengereszkek-3q13247\" target=\"_blank\" rel=\"noreferrer noopener\"><span><u>CMP Rigel Low<\/u><\/span><\/a><span> f\u00e9rfi t\u00faracip\u0151 fels\u0151r\u00e9sze tart\u00f3s vel\u00farb\u0151rb\u0151l k\u00e9sz\u00fclt, amelyet el\u00f6l egy gumib\u00f3l k\u00e9sz\u00fclt bakancsbet\u00e9t t\u00e1mogat. DWR PFC-mentes v\u00edzszigetel\u00e9ssel rendelkez\u0151 ClimaProtect\u00ae v\u00edz\u00e1ll\u00f3 membr\u00e1n van benne alkalmazva, \u00edgy az es\u0151 vagy a pocsoly\u00e1k nem okoznak teljes \u00e1t\u00e1z\u00e1st. Ezenk\u00edv\u00fcl a membr\u00e1n \u00e9s a fels\u0151r\u00e9sz optim\u00e1lis l\u00e9g\u00e1tereszt\u0151 k\u00e9pess\u00e9get biztos\u00edt.<\/span><\/p>\n\n\n\n<figure class=\"wp-block-image\"><img decoding=\"async\" src=\"https:\/\/sportano.hu\/blog\/wp-content\/uploads\/2024\/03\/gdi-65fd9163908da.jpeg\" alt=\"CMP Rigel Low f\u00e9rfi t\u00faracip\u0151\"\/><\/figure>\n\n\n\n<p><span>Az Ortholite\u00ae talpbet\u00e9t antimikrobi\u00e1lis tulajdons\u00e1gokkal rendelkezik, gyors sz\u00e1rad\u00e1si k\u00e9pess\u00e9ge pedig j\u00f3l j\u00f6n az intenz\u00edv gyalogl\u00e1s sor\u00e1n. A CMP Rigel Low f\u00e9rfi t\u00faracip\u0151 k\u00f6z\u00e9ptalp\u00e1ban a h\u00edres EVA hab ker\u00fclt alkalmaz\u00e1sra, amelynek p\u00e1rn\u00e1zotts\u00e1ga enyh\u00edti az \u00edz\u00fcletekre nehezed\u0151 nyom\u00e1st \u00e9s megk\u00f6nny\u00edti a t\u00far\u00e1z\u00e1st. A CMP FullOn GRIP talpnak k\u00f6sz\u00f6nhet\u0151en minden l\u00e9p\u00e9sn\u00e9l hozz\u00e1jutsz az \u00f6sv\u00e9nyen a sz\u00fcks\u00e9ges tapad\u00e1shoz \u00e9s stabilit\u00e1shoz.<\/span><\/p>\n\n\n\n<h2 class=\"wp-block-heading\"><span>Jack Wolfskin Vojo 3 Texapore f\u00e9rfi t\u00faracip\u0151<\/span><\/h2>\n\n\n\n<p><span>A <\/span><a href=\"https:\/\/sportano.hu\/p\/52529\/ferfi-turabakancs-jack-wolfskin-vojo-3-texapore-zold-4042441-4287-075\" target=\"_blank\" rel=\"noreferrer noopener\"><span><u>Jack Wolfskin Vojo 3 Texapore<\/u><\/span><\/a><span> f\u00e9rfi t\u00faracip\u0151 v\u00edz\u00e1ll\u00f3 TEXAPORE membr\u00e1nnal rendelkezik, amely 10 000 mm magas v\u00edzoszlopnak felel meg. Ez gondoskodik arr\u00f3l, hogy az es\u0151 vagy a pocsolya miatt a fels\u0151r\u00e9sz ne \u00e1zzon \u00e1t. Ugyanakkor ez a technol\u00f3gia 3400 g\/m2\/24 h l\u00e9g\u00e1tereszt\u0151 k\u00e9pess\u00e9get biztos\u00edt, \u00edgy a felesleges nedvess\u00e9g felhalmoz\u00f3d\u00e1sa a bakancs belsej\u00e9ben korl\u00e1tozott lesz. Az el\u00fcls\u0151 r\u00e9szen gumib\u00f3l k\u00e9sz\u00fclt bet\u00e9t v\u00e9di a l\u00e1bujjakat k\u00f6vekhez vagy gy\u00f6kerekhez val\u00f3 csap\u00f3d\u00e1s eset\u00e9n.<\/span><\/p>\n\n\n\n<p><span>A Jack Wolfskin bakancs k\u00f6z\u00e9ptalpa p\u00e1rn\u00e1zotts\u00e1got biztos\u00edt\u00f3 EVA habb\u00f3l k\u00e9sz\u00fclt, amely biztos\u00edtja az \u00fct\u00e9sek csillap\u00edt\u00e1s\u00e1t, \u00edgy k\u00e9nyelmes \u00e9s hat\u00e9kony t\u00far\u00e1z\u00e1st tesz lehet\u0151v\u00e9. A Jack Wolfskin f\u00e9rfi Vojo 3 Texapore t\u00farabakancs talp\u00e1ban nagy tapad\u00e1s\u00fa gumikever\u00e9k ker\u00fclt felhaszn\u00e1l\u00e1sra, amely nedves talajon is kiv\u00e1l\u00f3an teljes\u00edt.<\/span><span><strong><\/strong><\/span><\/p>\n","protected":false},"excerpt":{"rendered":"<p>Fedezd fel a f\u00e9rfi t\u00farabakancsok rangsor\u00e1t, \u00e9s v\u00e1laszd ki a t\u00f6k\u00e9letes p\u00e1rt, amely elk\u00eds\u00e9r az \u00f6sv\u00e9nyeken 2024-ben. \u00d6sszegy\u0171jt\u00f6tt\u00fck olyan elismert m\u00e1rk\u00e1k legjobb modelljeit, mint a Salewa, Salomon, Scarpa, Columbia, La Sportiva, Dolomite, Jack Wolfskin \u00e9s a CMP. Mindet megtal\u00e1lod a Sportano.hu weboldalon. Figyelembe vett\u00fck az \u00f6sszes legfontosabb param\u00e9tert &#8211; a v\u00edz\u00e1ll\u00f3 membr\u00e1nokt\u00f3l kezdve a stabilit\u00e1son [&hellip;]<\/p>\n","protected":false},"author":23,"featured_media":2029,"comment_status":"closed","ping_status":"closed","sticky":false,"template":"","format":"standard","meta":{"_acf_changed":false,"footnotes":""},"categories":[35],"tags":[],"class_list":["post-2024","post","type-post","status-publish","format-standard","has-post-thumbnail","hentry","category-turizmus"],"acf":[],"yoast_head":"<!-- This site is optimized with the Yoast SEO plugin v27.1.1 - https:\/\/yoast.com\/product\/yoast-seo-wordpress\/ -->\n<title>F\u00e9rfi t\u00faracip\u0151k rangsora 2024 - Sportano.hu Blog<\/title>\n<meta name=\"robots\" content=\"index, follow, max-snippet:-1, max-image-preview:large, max-video-preview:-1\" \/>\n<link rel=\"canonical\" href=\"https:\/\/sportano.hu\/blog\/ferfi-turacipok-rangsora-2024\/\" \/>\n<meta property=\"og:locale\" content=\"hu_HU\" \/>\n<meta property=\"og:type\" content=\"article\" \/>\n<meta property=\"og:title\" content=\"F\u00e9rfi t\u00faracip\u0151k rangsora 2024 - Sportano.hu Blog\" \/>\n<meta property=\"og:description\" content=\"Fedezd fel a f\u00e9rfi t\u00farabakancsok rangsor\u00e1t, \u00e9s v\u00e1laszd ki a t\u00f6k\u00e9letes p\u00e1rt, amely elk\u00eds\u00e9r az \u00f6sv\u00e9nyeken 2024-ben. \u00d6sszegy\u0171jt\u00f6tt\u00fck olyan elismert m\u00e1rk\u00e1k legjobb modelljeit, mint a Salewa, Salomon, Scarpa, Columbia, La Sportiva, Dolomite, Jack Wolfskin \u00e9s a CMP. Mindet megtal\u00e1lod a Sportano.hu weboldalon. Figyelembe vett\u00fck az \u00f6sszes legfontosabb param\u00e9tert &#8211; a v\u00edz\u00e1ll\u00f3 membr\u00e1nokt\u00f3l kezdve a stabilit\u00e1son [&hellip;]\" \/>\n<meta property=\"og:url\" content=\"https:\/\/sportano.hu\/blog\/ferfi-turacipok-rangsora-2024\/\" \/>\n<meta property=\"article:published_time\" content=\"2024-03-22T14:10:41+00:00\" \/>\n<meta property=\"article:modified_time\" content=\"2025-07-14T13:46:34+00:00\" \/>\n<meta property=\"og:image\" content=\"http:\/\/sportano.hu\/blog\/wp-content\/uploads\/2024\/03\/gdi-65fd91648c5c1.png\" \/>\n\t<meta property=\"og:image:width\" content=\"816\" \/>\n\t<meta property=\"og:image:height\" content=\"426\" \/>\n\t<meta property=\"og:image:type\" content=\"image\/png\" \/>\n<meta name=\"author\" content=\"Marcin Denisiuk\" \/>\n<meta name=\"twitter:card\" content=\"summary_large_image\" \/>\n<meta name=\"twitter:label1\" content=\"Szerz\u0151:\" \/>\n\t<meta name=\"twitter:data1\" content=\"Marcin Denisiuk\" \/>\n\t<meta name=\"twitter:label2\" content=\"Becs\u00fclt olvas\u00e1si id\u0151\" \/>\n\t<meta name=\"twitter:data2\" content=\"9 perc\" \/>\n<!-- \/ Yoast SEO plugin. -->","yoast_head_json":{"title":"F\u00e9rfi t\u00faracip\u0151k rangsora 2024 - Sportano.hu Blog","robots":{"index":"index","follow":"follow","max-snippet":"max-snippet:-1","max-image-preview":"max-image-preview:large","max-video-preview":"max-video-preview:-1"},"canonical":"https:\/\/sportano.hu\/blog\/ferfi-turacipok-rangsora-2024\/","og_locale":"hu_HU","og_type":"article","og_title":"F\u00e9rfi t\u00faracip\u0151k rangsora 2024 - Sportano.hu Blog","og_description":"Fedezd fel a f\u00e9rfi t\u00farabakancsok rangsor\u00e1t, \u00e9s v\u00e1laszd ki a t\u00f6k\u00e9letes p\u00e1rt, amely elk\u00eds\u00e9r az \u00f6sv\u00e9nyeken 2024-ben. \u00d6sszegy\u0171jt\u00f6tt\u00fck olyan elismert m\u00e1rk\u00e1k legjobb modelljeit, mint a Salewa, Salomon, Scarpa, Columbia, La Sportiva, Dolomite, Jack Wolfskin \u00e9s a CMP. Mindet megtal\u00e1lod a Sportano.hu weboldalon. Figyelembe vett\u00fck az \u00f6sszes legfontosabb param\u00e9tert &#8211; a v\u00edz\u00e1ll\u00f3 membr\u00e1nokt\u00f3l kezdve a stabilit\u00e1son [&hellip;]","og_url":"https:\/\/sportano.hu\/blog\/ferfi-turacipok-rangsora-2024\/","article_published_time":"2024-03-22T14:10:41+00:00","article_modified_time":"2025-07-14T13:46:34+00:00","og_image":[{"width":816,"height":426,"url":"http:\/\/sportano.hu\/blog\/wp-content\/uploads\/2024\/03\/gdi-65fd91648c5c1.png","type":"image\/png"}],"author":"Marcin Denisiuk","twitter_card":"summary_large_image","twitter_misc":{"Szerz\u0151:":"Marcin Denisiuk","Becs\u00fclt olvas\u00e1si id\u0151":"9 perc"},"schema":{"@context":"https:\/\/schema.org","@graph":[{"@type":"Article","@id":"https:\/\/sportano.hu\/blog\/ferfi-turacipok-rangsora-2024\/#article","isPartOf":{"@id":"https:\/\/sportano.hu\/blog\/ferfi-turacipok-rangsora-2024\/"},"author":{"name":"Marcin Denisiuk","@id":"https:\/\/sportano.hu\/blog\/#\/schema\/person\/d74d68d4c543ab35647dea1f95ab8dd8"},"headline":"F\u00e9rfi t\u00faracip\u0151k rangsora 2024","datePublished":"2024-03-22T14:10:41+00:00","dateModified":"2025-07-14T13:46:34+00:00","mainEntityOfPage":{"@id":"https:\/\/sportano.hu\/blog\/ferfi-turacipok-rangsora-2024\/"},"wordCount":2131,"publisher":{"@id":"https:\/\/sportano.hu\/blog\/#organization"},"image":{"@id":"https:\/\/sportano.hu\/blog\/ferfi-turacipok-rangsora-2024\/#primaryimage"},"thumbnailUrl":"https:\/\/sportano.hu\/blog\/wp-content\/uploads\/2024\/03\/gdi-65fd91648c5c1.png","articleSection":["Turizmus"],"inLanguage":"hu"},{"@type":"WebPage","@id":"https:\/\/sportano.hu\/blog\/ferfi-turacipok-rangsora-2024\/","url":"https:\/\/sportano.hu\/blog\/ferfi-turacipok-rangsora-2024\/","name":"F\u00e9rfi t\u00faracip\u0151k rangsora 2024 - Sportano.hu Blog","isPartOf":{"@id":"https:\/\/sportano.hu\/blog\/#website"},"primaryImageOfPage":{"@id":"https:\/\/sportano.hu\/blog\/ferfi-turacipok-rangsora-2024\/#primaryimage"},"image":{"@id":"https:\/\/sportano.hu\/blog\/ferfi-turacipok-rangsora-2024\/#primaryimage"},"thumbnailUrl":"https:\/\/sportano.hu\/blog\/wp-content\/uploads\/2024\/03\/gdi-65fd91648c5c1.png","datePublished":"2024-03-22T14:10:41+00:00","dateModified":"2025-07-14T13:46:34+00:00","breadcrumb":{"@id":"https:\/\/sportano.hu\/blog\/ferfi-turacipok-rangsora-2024\/#breadcrumb"},"inLanguage":"hu","potentialAction":[{"@type":"ReadAction","target":["https:\/\/sportano.hu\/blog\/ferfi-turacipok-rangsora-2024\/"]}]},{"@type":"ImageObject","inLanguage":"hu","@id":"https:\/\/sportano.hu\/blog\/ferfi-turacipok-rangsora-2024\/#primaryimage","url":"https:\/\/sportano.hu\/blog\/wp-content\/uploads\/2024\/03\/gdi-65fd91648c5c1.png","contentUrl":"https:\/\/sportano.hu\/blog\/wp-content\/uploads\/2024\/03\/gdi-65fd91648c5c1.png","width":816,"height":426,"caption":"T\u00faraboltot visel\u0151 kir\u00e1ndul\u00f3 pihen hegyi t\u00e1jon"},{"@type":"BreadcrumbList","@id":"https:\/\/sportano.hu\/blog\/ferfi-turacipok-rangsora-2024\/#breadcrumb","itemListElement":[{"@type":"ListItem","position":1,"name":"F\u0151oldal","item":"https:\/\/sportano.hu\/blog\/"},{"@type":"ListItem","position":2,"name":"F\u00e9rfi t\u00faracip\u0151k rangsora 2024"}]},{"@type":"WebSite","@id":"https:\/\/sportano.hu\/blog\/#website","url":"https:\/\/sportano.hu\/blog\/","name":"","description":"","publisher":{"@id":"https:\/\/sportano.hu\/blog\/#organization"},"potentialAction":[{"@type":"SearchAction","target":{"@type":"EntryPoint","urlTemplate":"https:\/\/sportano.hu\/blog\/?s={search_term_string}"},"query-input":{"@type":"PropertyValueSpecification","valueRequired":true,"valueName":"search_term_string"}}],"inLanguage":"hu"},{"@type":"Organization","@id":"https:\/\/sportano.hu\/blog\/#organization","name":"Sportano.pl","url":"https:\/\/sportano.hu\/blog\/","logo":{"@type":"ImageObject","inLanguage":"hu","@id":"https:\/\/sportano.hu\/blog\/#\/schema\/logo\/image\/","url":"http:\/\/sportano.hu\/blog\/wp-content\/uploads\/2022\/04\/sportano-blog-logo.png","contentUrl":"http:\/\/sportano.hu\/blog\/wp-content\/uploads\/2022\/04\/sportano-blog-logo.png","width":1200,"height":200,"caption":"Sportano.pl"},"image":{"@id":"https:\/\/sportano.hu\/blog\/#\/schema\/logo\/image\/"}},{"@type":"Person","@id":"https:\/\/sportano.hu\/blog\/#\/schema\/person\/d74d68d4c543ab35647dea1f95ab8dd8","name":"Marcin Denisiuk","image":{"@type":"ImageObject","inLanguage":"hu","@id":"https:\/\/sportano.hu\/blog\/#\/schema\/person\/image\/","url":"https:\/\/secure.gravatar.com\/avatar\/18fbfc25985af0b4d41958c68c0e0ab3c5de71736ab1d05296b5c07053531afe?s=96&d=mm&r=g","contentUrl":"https:\/\/secure.gravatar.com\/avatar\/18fbfc25985af0b4d41958c68c0e0ab3c5de71736ab1d05296b5c07053531afe?s=96&d=mm&r=g","caption":"Marcin Denisiuk"}}]}},"_links":{"self":[{"href":"https:\/\/sportano.hu\/blog\/wp-json\/wp\/v2\/posts\/2024","targetHints":{"allow":["GET"]}}],"collection":[{"href":"https:\/\/sportano.hu\/blog\/wp-json\/wp\/v2\/posts"}],"about":[{"href":"https:\/\/sportano.hu\/blog\/wp-json\/wp\/v2\/types\/post"}],"author":[{"embeddable":true,"href":"https:\/\/sportano.hu\/blog\/wp-json\/wp\/v2\/users\/23"}],"replies":[{"embeddable":true,"href":"https:\/\/sportano.hu\/blog\/wp-json\/wp\/v2\/comments?post=2024"}],"version-history":[{"count":7,"href":"https:\/\/sportano.hu\/blog\/wp-json\/wp\/v2\/posts\/2024\/revisions"}],"predecessor-version":[{"id":2887,"href":"https:\/\/sportano.hu\/blog\/wp-json\/wp\/v2\/posts\/2024\/revisions\/2887"}],"wp:featuredmedia":[{"embeddable":true,"href":"https:\/\/sportano.hu\/blog\/wp-json\/wp\/v2\/media\/2029"}],"wp:attachment":[{"href":"https:\/\/sportano.hu\/blog\/wp-json\/wp\/v2\/media?parent=2024"}],"wp:term":[{"taxonomy":"category","embeddable":true,"href":"https:\/\/sportano.hu\/blog\/wp-json\/wp\/v2\/categories?post=2024"},{"taxonomy":"post_tag","embeddable":true,"href":"https:\/\/sportano.hu\/blog\/wp-json\/wp\/v2\/tags?post=2024"}],"curies":[{"name":"wp","href":"https:\/\/api.w.org\/{rel}","templated":true}]}}