{"id":2035,"date":"2024-03-25T10:48:43","date_gmt":"2024-03-25T10:48:43","guid":{"rendered":"https:\/\/sportano.hu\/blog\/a-legjobb-la-sportiva-turabakancsok-top10\/"},"modified":"2025-07-14T13:47:27","modified_gmt":"2025-07-14T13:47:27","slug":"a-legjobb-la-sportiva-turabakancsok-top10","status":"publish","type":"post","link":"https:\/\/sportano.hu\/blog\/a-legjobb-la-sportiva-turabakancsok-top10\/","title":{"rendered":"A legjobb La Sportiva t\u00farabakancsok &#8211; TOP10"},"content":{"rendered":"\n<p><span><strong>Nehezen tudod kiv\u00e1lasztani a hegyi kir\u00e1ndul\u00e1saidhoz legmegfelel\u0151bb La Sportiva bakancsmodellt? A k\u00f6nny\u0171 hegym\u00e1sz\u00f3 cip\u0151ket vagy a strapab\u00edr\u00f3 t\u00farabakancsokat kedveled? Hogy megk\u00f6nny\u00edts\u00fck a dolgodat, \u00f6ssze\u00e1ll\u00edtottuk a La Sportiva top 10 t\u00farabakancsait, amelyeket a Sportano.hu weboldalr\u00f3l tudsz megrendelni.<\/strong><\/span><\/p>\n\n\n\n<h2 class=\"wp-block-heading\"><span><strong>La Sportiva Aequilibrium ST GTX n\u0151i t\u00farabakancs<\/strong><\/span><\/h2>\n\n\n\n<p><span>Ha alpesi hegym\u00e1sz\u00e1st, nehezebb term\u00e9szetj\u00e1r\u00e1st vagy hegyi t\u00far\u00e1z\u00e1st v\u00e9gzel, a La Sportiva Aequilibrium ST GTX bakancs pontosan az, amire sz\u00fcks\u00e9ged van. V\u00edz\u00e1ll\u00f3 GORE-TEX\u00ae Extended Comfort membr\u00e1nnal rendelkezik, amely teljes m\u00e9rt\u00e9kben megv\u00e9d a h\u00f3 ellen \u00e9s cs\u00f6kkenti a t\u00falmeleged\u00e9st. Ezenk\u00edv\u00fcl a Honey Comb Guard\u2122 fels\u0151r\u00e9sznek k\u00f6sz\u00f6nhet\u0151en a legnagyobb megpr\u00f3b\u00e1ltat\u00e1soknak is ellen\u00e1ll. A meger\u0151s\u00edt\u00e9sek \u00e9s a TPU-bevonat rendk\u00edv\u00fcl strapab\u00edr\u00f3v\u00e1 teszi, a 3D Flex System Evo\u2122 konstrukci\u00f3 pedig k\u00f6nnyebb\u00e9 teszi a szikl\u00e1kon sz\u00fcks\u00e9ges mobilit\u00e1st<\/span><span>.<\/span><\/p>\n\n\n\n<p><span>A <\/span><a href=\"https:\/\/sportano.hu\/p\/26953\/noi-hegymaszo-bakancs-la-sportiva-aequilibrium-st-fekete-31b999402-37\" target=\"_blank\" rel=\"noreferrer noopener\"><span><u>La Sportiva Aequilibrium ST GTX<\/u><\/span><\/a><span> n\u0151i t\u00farabakancsra f\u00e9lautomata r\u00e1kokat szerelhetsz, amelyek a neh\u00e9z terepen elengedhetetlenek. Ezenk\u00edv\u00fcl nyelves gall\u00e9rja h\u0151v\u00e9d\u0151vel van ell\u00e1tva, \u00edgy szigor\u00fa id\u0151j\u00e1r\u00e1si k\u00f6r\u00fclm\u00e9nyek k\u00f6z\u00f6tt cs\u00f6kken a hipotermia kock\u00e1zata. Meredek szakaszokon a stabilit\u00e1s n\u00f6vel\u00e9se \u00e9rdek\u00e9ben sz\u00e9nsz\u00e1l-er\u0151s\u00edt\u00e9s\u0171 k\u00f6z\u00e9ptalp \u00e9s az izomf\u00e1radts\u00e1got cs\u00f6kkent\u0151 Double Heel\u2122 sarokszerkezet ker\u00fclt alkalmaz\u00e1sra. A Vibram\u00ae SpringLug Tech talp rendk\u00edv\u00fcl tart\u00f3s, m\u00e9gis rugalmas, \u00edgy j\u00f3l fekszik az egyenetlen talajon.<\/span><\/p>\n\n\n\n<figure class=\"wp-block-embed is-type-video is-provider-youtube wp-block-embed-youtube wp-embed-aspect-16-9 wp-has-aspect-ratio\"><div class=\"wp-block-embed__wrapper\">\n<iframe loading=\"lazy\" title=\"Aequilibrium ST GTX   Tech Video\" width=\"500\" height=\"281\" src=\"https:\/\/www.youtube.com\/embed\/YNVeouteQxY?feature=oembed\" frameborder=\"0\" allow=\"accelerometer; autoplay; clipboard-write; encrypted-media; gyroscope; picture-in-picture; web-share\" referrerpolicy=\"strict-origin-when-cross-origin\" allowfullscreen><\/iframe>\n<\/div><\/figure>\n\n\n\n<h2 class=\"wp-block-heading\"><span><strong>La Sportiva TX4 R n\u0151i t\u00farabakancs<\/strong><\/span><\/h2>\n\n\n\n<p><span>A La Sportiva n\u0151i bakancsok ide\u00e1lisak k\u00f6nny\u0171 t\u00far\u00e1khoz, via ferrat\u00e1khoz, m\u00e1sz\u00f3falakhoz \u00e9s h\u00e9tv\u00e9gi kir\u00e1ndul\u00e1sokhoz. A fels\u0151r\u00e9sz vel\u00farb\u0151rb\u0151l k\u00e9sz\u00fclt, amely meg\u0151rzi j\u00f3 l\u00e9g\u00e1tereszt\u0151 k\u00e9pess\u00e9g\u00e9t, \u00edgy a felesleges nedvess\u00e9g fokozatosan t\u00e1vozik. A k\u00e9nyelmes illeszked\u00e9s \u00e9rdek\u00e9ben a <\/span><a href=\"https:\/\/sportano.hu\/p\/232043\/noi-trekking-cipo-lasportiva-tx4-r-fekete-piros-37a410108\" target=\"_blank\" rel=\"noreferrer noopener\"><span><u>La Sportiva TX4 R<\/u><\/span><\/a><span> n\u0151i t\u00farabakancs a hegym\u00e1sz\u00f3bakancsok \u00e1ltal inspir\u00e1lt k\u00f6t\u00e9srendszerrel rendelkezik, amely lehet\u0151v\u00e9 teszi a fels\u0151r\u00e9sz pontos be\u00e1ll\u00edt\u00e1s\u00e1t a mozg\u00e1sszabads\u00e1g \u00e9s a stabilit\u00e1s \u00e9rdek\u00e9ben.<\/span><\/p>\n\n\n\n<p><span>A La Sportiva TX4 R n\u0151i t\u00farabakancs Ortholite\u00ae Hybrid Approach talpbet\u00e9ttel van ell\u00e1tva, amely elvezeti a nedvess\u00e9get a talpr\u00f3l, emellett antimikrobi\u00e1lis tulajdons\u00e1gokkal rendelkezik, ami nagyobb k\u00e9nyelmet jelent \u00e9s lehet\u0151v\u00e9 teszi, hogy hosszabb ideig friss maradj. A p\u00e1rn\u00e1z\u00e1st ebben a modellben az EVA habbal ell\u00e1tott k\u00f6z\u00e9ptalp, valamint az Impact Brake System biztos\u00edtja. Ez a megold\u00e1s elnyeli az \u00fct\u00e9seket, nagyobb tapad\u00e1st biztos\u00edt az ereszked\u0151k\u00f6n \u00e9s t\u00e1mogatja a Vibram\u00ae MegaGrip talpat.<\/span><\/p>\n\n\n\n<figure class=\"wp-block-embed is-type-video is-provider-youtube wp-block-embed-youtube wp-embed-aspect-16-9 wp-has-aspect-ratio\"><div class=\"wp-block-embed__wrapper\">\n<iframe loading=\"lazy\" title=\"La Sportiva TX4 R\" width=\"500\" height=\"281\" src=\"https:\/\/www.youtube.com\/embed\/wY7Jstb-jYo?feature=oembed\" frameborder=\"0\" allow=\"accelerometer; autoplay; clipboard-write; encrypted-media; gyroscope; picture-in-picture; web-share\" referrerpolicy=\"strict-origin-when-cross-origin\" allowfullscreen><\/iframe>\n<\/div><\/figure>\n\n\n\n<h2 class=\"wp-block-heading\"><span><strong>La Sportiva Trango TRK Leather GTX n\u0151i t\u00farabakancs<\/strong><\/span><\/h2>\n\n\n\n<p><span>Ha h\u00e1tizs\u00e1kos t\u00far\u00e1ra k\u00e9sz\u00fclsz, akkor technikai t\u00e1mogat\u00e1sra lehet sz\u00fcks\u00e9ged, ami\u00e9rt a bakancsodban tal\u00e1lhat\u00f3 GORE-TEX\u00ae Performance Comfort membr\u00e1n felel. Maxim\u00e1lis v\u00edzszigetel\u00e9st biztos\u00edt, \u00edgy a t\u00far\u00e1z\u00e1s zord k\u00f6r\u00fclm\u00e9nyek k\u00f6z\u00f6tt is kivitelezhet\u0151. Emellett a membr\u00e1n l\u00e9g\u00e1tereszt\u0151 k\u00e9pess\u00e9get biztos\u00edt \u00e9s az Idro-Perwanger b\u0151r fels\u0151r\u00e9sszel egy\u00fctt elvezeti a felesleges nedvess\u00e9get. A <\/span><a href=\"https:\/\/sportano.hu\/p\/181016\/la-sportiva-trango-trk-leather-gtx-szurke-noi-turacipo-11z900718\" target=\"_blank\" rel=\"noreferrer noopener\"><span><u>La Sportiva Trango TRK Leather GTX<\/u><\/span><\/a><span> n\u0151i t\u00farabakancs csukl\u00f3s 3D Flex konstrukci\u00f3val rendelkezik az egyenetlen talajon val\u00f3 stabilit\u00e1s \u00e9s ir\u00e1ny\u00edt\u00e1s \u00e9rdek\u00e9ben.<\/span><\/p>\n\n\n\n<p><span>A bakancs f\u0171z\u0151i szinte l\u00e1bujjhegyig \u00e9rnek, \u00edgy pontosan az ig\u00e9nyeidhez igaz\u00edthatod az illeszked\u00e9s\u00e9t. A szikl\u00e1k elleni v\u00e9delem \u00e9rdek\u00e9ben a La Sportiva n\u0151i bakancs magas gumibet\u00e9ttel rendelkezik, a kosaras r\u00e1kok felszerel\u00e9s\u00e9nek lehet\u0151s\u00e9ge pedig j\u00f3l j\u00f6n az extr\u00e9m kih\u00edv\u00e1sok sor\u00e1n. Az EVA habbal ell\u00e1tott k\u00f6z\u00e9ptalp p\u00e1rn\u00e1zotts\u00e1got, az Impact Brake System pedig teljes kontrollt biztos\u00edt a m\u00e1sz\u00e1s \u00e9s az ereszked\u00e9s sor\u00e1n. A j\u00f3l tapad\u00f3 Vibram\u00ae talp remek\u00fcl teljes\u00edt a k\u00fcl\u00f6nb\u00f6z\u0151 terepeken, \u00e9s lapos panellel rendelkezik a via ferrata k\u00f6nny\u0171 \u00e1tj\u00e1r\u00e1s\u00e1hoz.<\/span><\/p>\n\n\n\n<figure class=\"wp-block-embed is-type-video is-provider-youtube wp-block-embed-youtube wp-embed-aspect-16-9 wp-has-aspect-ratio\"><div class=\"wp-block-embed__wrapper\">\n<iframe loading=\"lazy\" title=\"La Sportiva 90th Anniversary Storytelling - The Trango Story\" width=\"500\" height=\"281\" src=\"https:\/\/www.youtube.com\/embed\/DYA8na8DzCU?feature=oembed\" frameborder=\"0\" allow=\"accelerometer; autoplay; clipboard-write; encrypted-media; gyroscope; picture-in-picture; web-share\" referrerpolicy=\"strict-origin-when-cross-origin\" allowfullscreen><\/iframe>\n<\/div><\/figure>\n\n\n\n<h2 class=\"wp-block-heading\"><span><strong>La Sportiva Ultra Raptor II Mid Leather GTX n\u0151i bakancs<\/strong><\/span><\/h2>\n\n\n\n<p><span>A <\/span><a href=\"https:\/\/sportano.hu\/p\/153699\/noi-turabakancsok-la-sportiva-ultra-raptor-ii-mid-leather-gtx-fekete-34l915409\" target=\"_blank\" rel=\"noreferrer noopener\"><span><u>La Sportiva Ultra Raptor II Mid Leather GTX<\/u><\/span><\/a><span> n\u0151i bakancsot k\u00f6nnyebb t\u00far\u00e1kra \u00e9s kir\u00e1ndul\u00e1sokra tervezt\u00e9k. Az olasz tervez\u0151k GORE-TEX\u00ae Extended Comfort membr\u00e1nt \u00e9p\u00edtettek bele, \u00edgy teljes v\u00edz\u00e1ll\u00f3 \u00e9s l\u00e9g\u00e1tereszt\u0151 k\u00e9nyelmet ny\u00fajt, aminek k\u00f6sz\u00f6nhet\u0151en a felesleges nedvess\u00e9g elsz\u00e1ll. A nubuk fels\u0151r\u00e9sz eszt\u00e9tikusan n\u00e9z ki \u00e9s tart\u00f3s, m\u00edg az extra l\u00e1bujjv\u00e9d\u0151 megv\u00e9d az \u00fct\u00e9sekt\u0151l. A k\u00e9nyelmi t\u00e1mogat\u00e1st \u00e9s a maxim\u00e1lis mozg\u00e1sszabads\u00e1got a Comfort Collar biztos\u00edtja.<\/span><\/p>\n\n\n\n<p><span>A La Sportiva Ultra Raptor II Mid Leather GTX bakancs belsej\u00e9ben Ortholite\u00ae Hybrid Mountain talpbet\u00e9t tal\u00e1lhat\u00f3. Antimikrobi\u00e1lis \u00e9s gyorsan sz\u00e1rad\u00f3 tulajdons\u00e1gai hosszabb ideig ny\u00fajtanak k\u00e9nyelmet \u00e9s frissess\u00e9get. A k\u00f6z\u00e9ptalpban p\u00e1rn\u00e1zotts\u00e1got ny\u00fajt\u00f3 EVA hab tal\u00e1lhat\u00f3, amely leveszi a nyom\u00e1st a t\u00far\u00e1z\u00e1sr\u00f3l \u00e9s ruganyosabb\u00e1 teszi a l\u00e9p\u00e9seidet. A talpban Impact Brake System z\u00f3n\u00e1kkal ell\u00e1tott FriXion\u00ae Blue technol\u00f3gi\u00e1t tal\u00e1lsz, amely nagy tapad\u00e1st \u00e9s biztons\u00e1got ny\u00fajt az ereszked\u00e9s sor\u00e1n.<\/span><\/p>\n\n\n\n<h2 class=\"wp-block-heading\"><span><strong>La Sportiva TX2 Evo n\u0151i t\u00farabakancs<\/strong><\/span><\/h2>\n\n\n\n<p><span>A La Sportiva TX2 Evo n\u0151i bakancs k\u00f6nnyebb t\u00far\u00e1kon \u00e9s hegym\u00e1sz\u00f3 modellk\u00e9nt is j\u00f3l teljes\u00edt, r\u00e1ad\u00e1sul p\u00e1ratlan k\u00e9nyelmet biztos\u00edt. A fels\u0151r\u00e9sz j\u00f3 l\u00e9g\u00e1tereszt\u0151 anyagb\u00f3l k\u00e9sz\u00fclt, \u00edgy a k\u00e9nyelmet szolg\u00e1l\u00f3 felesleges nedvess\u00e9g elt\u00e1vozik. A rugalmas C2 &#8211; Combo Cord\u2122-nak k\u00f6sz\u00f6nhet\u0151en a La Sportiva TX2 Evo n\u0151i t\u00farabakancs k\u00f6nnyen r\u00f6gz\u00edthet\u0151 m\u00e1sz\u00f3hevederhez vagy h\u00e1tizs\u00e1khoz<\/span><span>.<\/span><\/p>\n\n\n\n<p><span>A Mythos f\u0171z\u0151rendszer a hegym\u00e1sz\u00f3cip\u0151 olyan megold\u00e1sa, amely lehet\u0151v\u00e9 teszi, hogy a modell pontosan illeszkedjen a l\u00e1bfejhez \u00e9s gyorsan be\u00e1ll\u00edthat\u00f3 legyen. A b\u00e9l\u00e9s cs\u00fasz\u00e1smentes tulajdons\u00e1gokkal rendelkezik, \u00edgy a talp nem cs\u00faszk\u00e1l benne. A <\/span><a href=\"https:\/\/sportano.hu\/p\/207915\/la-sportiva-tx2-evo-noi-kozelito-cipo-fekete-piros-27w900402\" target=\"_blank\" rel=\"noreferrer noopener\"><span><u>La Sportiva TX2 Evo<\/u><\/span><\/a><span> n\u0151i t\u00farabakancs PU Tech-Lite\u2122 fels\u0151r\u00e9sszel rendelkezik a l\u00e1bujjakon \u00e9s a sarkon val\u00f3 stabilit\u00e1s n\u00f6vel\u00e9se \u00e9rdek\u00e9ben. A p\u00e1rn\u00e1z\u00e1s\u00e9rt az antibakteri\u00e1lis Ortholite\u00ae Hybrid talpbet\u00e9t felel, amelyet EVA hab t\u00e1mogat. Ebben a modellben Vibram\u00ae IdroGrip magas tapad\u00e1si z\u00f3n\u00e1kkal ell\u00e1tott hegym\u00e1sz\u00f3 talp ker\u00fclt alkalmaz\u00e1sra.<\/span><\/p>\n\n\n\n<figure class=\"wp-block-embed is-type-video is-provider-youtube wp-block-embed-youtube wp-embed-aspect-16-9 wp-has-aspect-ratio\"><div class=\"wp-block-embed__wrapper\">\n<iframe loading=\"lazy\" title=\"La Sportiva TX2 EVO -  Resole Platform\" width=\"500\" height=\"281\" src=\"https:\/\/www.youtube.com\/embed\/TjeqSLwN-cE?feature=oembed\" frameborder=\"0\" allow=\"accelerometer; autoplay; clipboard-write; encrypted-media; gyroscope; picture-in-picture; web-share\" referrerpolicy=\"strict-origin-when-cross-origin\" allowfullscreen><\/iframe>\n<\/div><\/figure>\n\n\n\n<h2 class=\"wp-block-heading\"><span><strong>La Sportiva TX5 GTX f\u00e9rfi t\u00farabakancs<\/strong><\/span><\/h2>\n\n\n\n<p><span>A La Sportiva bakancsot kih\u00edv\u00e1st jelent\u0151 k\u00f6r\u00fclm\u00e9nyek k\u00f6z\u00f6tt v\u00e9gezhet\u0151, h\u00e1tizs\u00e1kos t\u00far\u00e1kra tervezt\u00e9k, de k\u00f6nnyebb utakon is remek\u00fcl teljes\u00edt. GORE-TEX\u00ae Extended Comfort membr\u00e1nnal van ell\u00e1tva, \u00edgy maxim\u00e1lis v\u00edz\u00e1ll\u00f3s\u00e1got biztos\u00edt. Emellett a GORE-TEX\u00ae l\u00e9g\u00e1tereszt\u0151 k\u00e9pess\u00e9get biztos\u00edt, amely cs\u00f6kkenti a t\u00falmeleged\u00e9st \u00e9s elvezeti a felesleges nedvess\u00e9get. A <\/span><a href=\"https:\/\/sportano.hu\/p\/246072\/ferfi-turabakancs-la-sportiva-tx5-gtx-carbon-sarga\" target=\"_blank\" rel=\"noreferrer noopener\"><span><u>La Sportiva TX5 GTX<\/u><\/span><\/a><span> f\u00e9rfi t\u00farabakancs prec\u00edz k\u00f6t\u00e9srendszerrel rendelkezik, \u00edgy a f\u0171z\u0151ket megh\u00fazva k\u00e9nyelmesen be\u00e1ll\u00edthat\u00f3 a fels\u0151r\u00e9sz.<\/span><\/p>\n\n\n\n<p><span>A La Sportiva bakancs hegyi sokoldal\u00fas\u00e1ga a maxim\u00e1lis stabilit\u00e1st biztos\u00edt\u00f3 kialak\u00edt\u00e1snak k\u00f6sz\u00f6nhet\u0151. Ide tartoznak a speci\u00e1lis STB oldalpanelek, valamint az Impact Brake System, amelynek k\u00f6sz\u00f6nhet\u0151en nagyobb kontrollt \u00e9lvezhetsz mind az emelked\u0151, mind az ereszked\u00e9s sor\u00e1n. A p\u00e1rn\u00e1zotts\u00e1gr\u00f3l az EVA hab \u00e9s az antibakteri\u00e1lis Ortholite\u00ae Approach talpbet\u00e9t gondoskodik, amely t\u00f6k\u00e9letes a nehezebb \u00f6sv\u00e9nyeken. A Vibram\u00ae MegaGrip talp szikl\u00e1s, s\u00e1ros \u00e9s sz\u00e1raz talajon egyar\u00e1nt j\u00f3l teljes\u00edt, emellett kiv\u00e1l\u00f3 tapad\u00e1st \u00e9s k\u00e9nyelmet biztos\u00edt.<\/span><\/p>\n\n\n\n<h2 class=\"wp-block-heading\"><span><strong>La Sportiva TX4 GTX t\u00farabakancs<\/strong><\/span><\/h2>\n\n\n\n<p><span>A <\/span><a href=\"https:\/\/sportano.hu\/p\/246072\/ferfi-turabakancs-la-sportiva-tx5-gtx-carbon-sarga\" target=\"_blank\" rel=\"noreferrer noopener\"><span><u>La Sportiva TX4 GTX<\/u><\/span><\/a><span> t\u00farabakancs az olasz gy\u00e1rt\u00f3 klasszikusa, amelyet GORE-TEX\u00ae Extended Comfort membr\u00e1nnal l\u00e1tott el. Teljes v\u00edz\u00e1ll\u00f3s\u00e1got \u00e9s l\u00e9g\u00e1tereszt\u0151 k\u00e9pess\u00e9get biztos\u00edt, aminek k\u00f6sz\u00f6nhet\u0151en sokkal k\u00f6nnyebb fenntartani a l\u00e1b k\u00f6r\u00fcli k\u00e9nyelmes l\u00e9g\u00e1llapotot. A fels\u0151r\u00e9sz min\u0151s\u00e9gi \u00e9s tart\u00f3s vel\u00farb\u0151rb\u0151l k\u00e9sz\u00fclt. Teljes l\u00e1bt\u00e1masz is tal\u00e1lhat\u00f3 benne, amely megv\u00e9di a La Sportiva bakancsot a szikl\u00e1val val\u00f3 \u00e9rintkez\u00e9s sor\u00e1n.<\/span><br><br><span>A k\u00e9nyelmes illeszked\u00e9sr\u0151l a Mythos aszimmetrikus k\u00f6t\u00e9srendszer gondoskodik, amelyet a hegym\u00e1sz\u00f3bakancsok ihlettek, \u00edgy ez a modell remek\u00fcl illeszkedik \u00e9s j\u00f3 talaj\u00e9rzettel rendelkezik. A La Sportiva TX4 GTX t\u00farabakancs OrthoLite\u00ae Hybrid talpbet\u00e9ttel rendelkezik, amely p\u00e1rn\u00e1zotts\u00e1got ny\u00fajt\u00f3, antibakteri\u00e1lis \u00e9s gyorsan sz\u00e1rad\u00f3 tulajdons\u00e1gokkal b\u00edr. A k\u00f6z\u00e9ptalpban alkalmazott EVA habnak k\u00f6sz\u00f6nhet\u0151en minden l\u00e9p\u00e9sn\u00e9l ruganyoss\u00e1got nyerhetsz, amit neh\u00e9z terepen k\u00fcl\u00f6n\u00f6sen \u00e9rt\u00e9kelni fogsz. Figyelemre m\u00e9lt\u00f3 az Impact Brake System z\u00f3n\u00e1kkal ell\u00e1tott Vibram\u00ae MegaGrip talp, amely hat\u00e9kony tapad\u00e1st \u00e9s f\u00e9kez\u00e9st biztos\u00edt az ereszked\u00e9s sor\u00e1n.<\/span><\/p>\n\n\n\n<figure class=\"wp-block-image\"><img decoding=\"async\" src=\"https:\/\/sportano.hu\/blog\/wp-content\/uploads\/2024\/03\/gdi-6601568bbd3a7.jpeg\" alt=\"La Sportiva TX4 GTX t\u00farabakancs\"\/><\/figure>\n\n\n\n<h2 class=\"wp-block-heading\"><span><strong>La Sportiva Trango TRK GTX t\u00farabakancs<\/strong><\/span><\/h2>\n\n\n\n<p><span>A  La Sportiva t\u00farabakancs<\/span> <span>rendelkezik azzal, amire a hegyekben sz\u00fcks\u00e9ged van: GORE-TEX\u00ae Performance Comfort membr\u00e1nnal. Maxim\u00e1lis v\u00edz\u00e1ll\u00f3s\u00e1got, l\u00e9g\u00e1tereszt\u0151 k\u00e9pess\u00e9get \u00e9s nedvess\u00e9gelvezet\u00e9st biztos\u00edt egy t\u00f6bbnapos h\u00e1tizs\u00e1kos t\u00far\u00e1hoz. A fels\u0151r\u00e9sz tart\u00f3s anyagb\u00f3l k\u00e9sz\u00fclt, amely kev\u00e9sb\u00e9 hajlamos a kop\u00e1sra, emellett a kritikus helyeken gumibet\u00e9t t\u00e1mogatja. A 3D Flex rendszer egy speci\u00e1lis konstrukci\u00f3, amely seg\u00edt meg\u0151rizni a v\u00e1dli term\u00e9szetes mozg\u00e9konys\u00e1g\u00e1t, \u00e9s stabiliz\u00e1ci\u00f3t biztos\u00edt a nehezebb szakaszokon is.<\/span><\/p>\n\n\n\n<p><span>A k\u00e9nyelemr\u0151l a Comfort Collar gondoskodik, amely g\u00e1tk\u00e9nt m\u0171k\u00f6dik a k\u00f6vek ellen, \u00e9s maxim\u00e1lis mozg\u00e1sszabads\u00e1got biztos\u00edt. Az Ortholite\u00ae Hybrid antimikrobi\u00e1lis talpbet\u00e9t emellett elvezeti a nedvess\u00e9get a talpr\u00f3l \u00e9s k\u00e9nyelmesen tartja azt a t\u00fara sor\u00e1n. A <\/span><a href=\"https:\/\/sportano.hu\/turabakancs\" target=\"_blank\" rel=\"noreferrer noopener\"><span><u>La Spor<\/u><\/span><\/a><span><u><a href=\"https:\/\/sportano.hu\/p\/38316\/ferfi-la-sportiva-trango-trk-gtx-turabakancs-kek-31d623205-41-5\" target=\"_blank\" rel=\"noreferrer noopener\">tiva Trango TRK GTX<\/a><\/u> t\u00farabakancs k\u00f6z\u00e9ptalp\u00e1ban p\u00e1rn\u00e1zotts\u00e1got ny\u00fajt\u00f3 EVA hab, talp\u00e1ban pedig Impact Brake System technol\u00f3gi\u00e1val ell\u00e1tott Vibram\u00ae Mulaz tal\u00e1lhat\u00f3. A meredek szakaszokon alkalmazhat\u00f3 tapad\u00e1s \u00e9s jobb ir\u00e1ny\u00edthat\u00f3s\u00e1g biztons\u00e1got \u00e9s t\u00far\u00e1z\u00e1si hat\u00e9konys\u00e1got jelent.<\/span><\/p>\n\n\n\n<figure class=\"wp-block-image\"><img decoding=\"async\" src=\"https:\/\/sportano.hu\/blog\/wp-content\/uploads\/2024\/03\/gdi-6601568c79678.jpeg\" alt=\"La Sportiva Trango TRK GTX t\u00farabakancs\"\/><\/figure>\n\n\n\n<h2 class=\"wp-block-heading\"><span><strong>La Sportiva Ultra Raptor II Leather GTX f\u00e9rfi t\u00farabakancs<\/strong><\/span><\/h2>\n\n\n\n<p><span>A La Sportiva f\u00e9rfi t\u00farabakancs a fut\u00f3cip\u0151knek k\u00f6sz\u00f6nheti kialak\u00edt\u00e1s\u00e1t, \u00edgy maxim\u00e1lis k\u00e9nyelmet biztos\u00edt. Ez azt jelenti, hogy Ortholite\u00ae Mountain Running talpbet\u00e9ttel rendelkezik, amely antibakteri\u00e1lis, gyorsan sz\u00e1rad\u00f3, \u00e9s ami a legfontosabb, p\u00e1rn\u00e1zott. Ennek a technol\u00f3gi\u00e1nak k\u00f6sz\u00f6nhet\u0151en a Memlex EVA k\u00f6z\u00e9ptalppal kieg\u00e9sz\u00edtve minden l\u00e9p\u00e9s pattog\u00f3sabb\u00e1 v\u00e1lik \u00e9s k\u00f6nnyebb \u00e9rz\u00e9st ny\u00fajt a kilom\u00e9terek megt\u00e9tele.<\/span><\/p>\n\n\n\n<p><span>A tapad\u00e1sr\u00f3l a Trail Bite fut\u00f3fel\u00fclettel \u00e9s Impact Brake System rendszerrel ell\u00e1tott FriXion\u00ae Blue talp gondoskodik, amely azt biztos\u00edtja, hogy a <\/span><a href=\"https:\/\/sportano.hu\/p\/145415\/ferfi-turabakancsok-la-sportiva-ultra-raptor-ii-leather-gtx-fekete-34f999811\" target=\"_blank\" rel=\"noreferrer noopener\"><span><u>La Sportiva Ultra Raptor II Leather GTX<\/u><\/span><\/a><span> f\u00e9rfi t\u00farabakancs t\u00f6k\u00e9letesen tapadjon a talajon, \u00e9s megk\u00f6nny\u00edtse a f\u00e9kez\u00e9st az ereszked\u00e9s sor\u00e1n is. Az \u00e1ltal\u00e1nos hegyi jelleget a GORE-TEX\u00ae Extended Comfort membr\u00e1n eg\u00e9sz\u00edti ki, amely teljes v\u00edzhatlans\u00e1got \u00e9s l\u00e9g\u00e1tereszt\u0151 k\u00e9pess\u00e9get biztos\u00edt, ami megk\u00f6nny\u00edti a l\u00e1b k\u00f6r\u00fcli k\u00e9nyelmes, sz\u00e1raz l\u00e9g\u00e1llapot fenntart\u00e1s\u00e1t.<\/span><\/p>\n\n\n\n<h2 class=\"wp-block-heading\"><span><strong>La Sportiva TX2 Evo f\u00e9rfi t\u00farabakancs<\/strong><\/span><\/h2>\n\n\n\n<p><span>A <\/span><a href=\"https:\/\/sportano.hu\/p\/145415\/ferfi-turabakancsok-la-sportiva-ultra-raptor-ii-leather-gtx-fekete-34f999811\" target=\"_blank\" rel=\"noreferrer noopener\"><span><u>La Sportiva TX2 Evo<\/u><\/span><\/a><span> remek\u00fcl helyt\u00e1ll a k\u00f6nnyebb t\u00far\u00e1k, kir\u00e1ndul\u00e1sok \u00e9s falm\u00e1sz\u00e1sok sor\u00e1n. A fels\u0151r\u00e9sz gyorsan sz\u00e1rad\u00f3 anyagb\u00f3l k\u00e9sz\u00fclt, \u00edgy ide\u00e1lis ny\u00e1ri t\u00far\u00e1z\u00e1shoz, amikor l\u00e9g\u00e1tereszt\u0151 k\u00e9pess\u00e9gre van sz\u00fcks\u00e9ged. A C2 &#8211; Combo Cord\u2122-nak k\u00f6sz\u00f6nhet\u0151en a bakancsot a h\u00e1tizs\u00e1kodhoz vagy a m\u00e1sz\u00f3hevederhez r\u00f6gz\u00edtheted. A Mythos f\u0171z\u0151nek k\u00f6sz\u00f6nhet\u0151en a modellt pontosan a l\u00e1badhoz igaz\u00edthatod, kiv\u00e1l\u00f3 talaj\u00e9rzetet biztos\u00edtva an\u00e9lk\u00fcl, hogy korl\u00e1tozn\u00e1 a mozg\u00e1sszabads\u00e1godat.<\/span><\/p>\n\n\n\n<p><span>Az Ortholite\u00ae Hybrid talpbet\u00e9tnek k\u00f6sz\u00f6nhet\u0151en a talpr\u00f3l a felesleges nedvess\u00e9g elt\u00e1vozik, antimikrobi\u00e1lis tulajdons\u00e1gai pedig hosszabb ideig frissen tartanak. A k\u00f6z\u00e9ptalp EVA habbal rendelkezik, amely elnyeli a t\u00far\u00e1z\u00e1s okozta \u00fct\u00e9seket. A La Sportiva TX2 Evo t\u00farabakancs talpstabiliz\u00e1l\u00f3 TPU anyaggal is el van l\u00e1tva, amely egy\u00fcttm\u0171k\u00f6dik a Vibram\u00ae IdroGrip talppal. Ez biztons\u00e1gos hegyi kir\u00e1ndul\u00e1st \u00e9s hat\u00e9kony mozg\u00e1st tesz lehet\u0151v\u00e9 neh\u00e9z terepen.<\/span><\/p>\n\n\n\n<figure class=\"wp-block-image\"><img decoding=\"async\" src=\"https:\/\/sportano.hu\/blog\/wp-content\/uploads\/2024\/03\/gdi-6601568d2a782.jpeg\" alt=\"La Sportiva TX2 Evo f\u00e9rfi t\u00farabakancs\"\/><\/figure>\n\n\n\n<p><span><\/span><\/p>\n\n\n\n<p><span><\/span><\/p>\n","protected":false},"excerpt":{"rendered":"<p>Nehezen tudod kiv\u00e1lasztani a hegyi kir\u00e1ndul\u00e1saidhoz legmegfelel\u0151bb La Sportiva bakancsmodellt? A k\u00f6nny\u0171 hegym\u00e1sz\u00f3 cip\u0151ket vagy a strapab\u00edr\u00f3 t\u00farabakancsokat kedveled? Hogy megk\u00f6nny\u00edts\u00fck a dolgodat, \u00f6ssze\u00e1ll\u00edtottuk a La Sportiva top 10 t\u00farabakancsait, amelyeket a Sportano.hu weboldalr\u00f3l tudsz megrendelni. La Sportiva Aequilibrium ST GTX n\u0151i t\u00farabakancs Ha alpesi hegym\u00e1sz\u00e1st, nehezebb term\u00e9szetj\u00e1r\u00e1st vagy hegyi t\u00far\u00e1z\u00e1st v\u00e9gzel, a La Sportiva [&hellip;]<\/p>\n","protected":false},"author":23,"featured_media":2040,"comment_status":"closed","ping_status":"closed","sticky":false,"template":"","format":"standard","meta":{"_acf_changed":false,"footnotes":""},"categories":[35],"tags":[],"class_list":["post-2035","post","type-post","status-publish","format-standard","has-post-thumbnail","hentry","category-turizmus"],"acf":[],"yoast_head":"<!-- This site is optimized with the Yoast SEO plugin v27.1.1 - https:\/\/yoast.com\/product\/yoast-seo-wordpress\/ -->\n<title>A legjobb La Sportiva t\u00farabakancsok - TOP10 - Sportano.hu Blog<\/title>\n<meta name=\"robots\" content=\"index, follow, max-snippet:-1, max-image-preview:large, max-video-preview:-1\" \/>\n<link rel=\"canonical\" href=\"https:\/\/sportano.hu\/blog\/a-legjobb-la-sportiva-turabakancsok-top10\/\" \/>\n<meta property=\"og:locale\" content=\"hu_HU\" \/>\n<meta property=\"og:type\" content=\"article\" \/>\n<meta property=\"og:title\" content=\"A legjobb La Sportiva t\u00farabakancsok - TOP10 - Sportano.hu Blog\" \/>\n<meta property=\"og:description\" content=\"Nehezen tudod kiv\u00e1lasztani a hegyi kir\u00e1ndul\u00e1saidhoz legmegfelel\u0151bb La Sportiva bakancsmodellt? A k\u00f6nny\u0171 hegym\u00e1sz\u00f3 cip\u0151ket vagy a strapab\u00edr\u00f3 t\u00farabakancsokat kedveled? Hogy megk\u00f6nny\u00edts\u00fck a dolgodat, \u00f6ssze\u00e1ll\u00edtottuk a La Sportiva top 10 t\u00farabakancsait, amelyeket a Sportano.hu weboldalr\u00f3l tudsz megrendelni. La Sportiva Aequilibrium ST GTX n\u0151i t\u00farabakancs Ha alpesi hegym\u00e1sz\u00e1st, nehezebb term\u00e9szetj\u00e1r\u00e1st vagy hegyi t\u00far\u00e1z\u00e1st v\u00e9gzel, a La Sportiva [&hellip;]\" \/>\n<meta property=\"og:url\" content=\"https:\/\/sportano.hu\/blog\/a-legjobb-la-sportiva-turabakancsok-top10\/\" \/>\n<meta property=\"article:published_time\" content=\"2024-03-25T10:48:43+00:00\" \/>\n<meta property=\"article:modified_time\" content=\"2025-07-14T13:47:27+00:00\" \/>\n<meta property=\"og:image\" content=\"http:\/\/sportano.hu\/blog\/wp-content\/uploads\/2024\/03\/gdi-6601568e19a7d.png\" \/>\n\t<meta property=\"og:image:width\" content=\"816\" \/>\n\t<meta property=\"og:image:height\" content=\"426\" \/>\n\t<meta property=\"og:image:type\" content=\"image\/png\" \/>\n<meta name=\"author\" content=\"Marcin Denisiuk\" \/>\n<meta name=\"twitter:card\" content=\"summary_large_image\" \/>\n<meta name=\"twitter:label1\" content=\"Szerz\u0151:\" \/>\n\t<meta name=\"twitter:data1\" content=\"Marcin Denisiuk\" \/>\n\t<meta name=\"twitter:label2\" content=\"Becs\u00fclt olvas\u00e1si id\u0151\" \/>\n\t<meta name=\"twitter:data2\" content=\"9 perc\" \/>\n<!-- \/ Yoast SEO plugin. -->","yoast_head_json":{"title":"A legjobb La Sportiva t\u00farabakancsok - TOP10 - Sportano.hu Blog","robots":{"index":"index","follow":"follow","max-snippet":"max-snippet:-1","max-image-preview":"max-image-preview:large","max-video-preview":"max-video-preview:-1"},"canonical":"https:\/\/sportano.hu\/blog\/a-legjobb-la-sportiva-turabakancsok-top10\/","og_locale":"hu_HU","og_type":"article","og_title":"A legjobb La Sportiva t\u00farabakancsok - TOP10 - Sportano.hu Blog","og_description":"Nehezen tudod kiv\u00e1lasztani a hegyi kir\u00e1ndul\u00e1saidhoz legmegfelel\u0151bb La Sportiva bakancsmodellt? A k\u00f6nny\u0171 hegym\u00e1sz\u00f3 cip\u0151ket vagy a strapab\u00edr\u00f3 t\u00farabakancsokat kedveled? Hogy megk\u00f6nny\u00edts\u00fck a dolgodat, \u00f6ssze\u00e1ll\u00edtottuk a La Sportiva top 10 t\u00farabakancsait, amelyeket a Sportano.hu weboldalr\u00f3l tudsz megrendelni. La Sportiva Aequilibrium ST GTX n\u0151i t\u00farabakancs Ha alpesi hegym\u00e1sz\u00e1st, nehezebb term\u00e9szetj\u00e1r\u00e1st vagy hegyi t\u00far\u00e1z\u00e1st v\u00e9gzel, a La Sportiva [&hellip;]","og_url":"https:\/\/sportano.hu\/blog\/a-legjobb-la-sportiva-turabakancsok-top10\/","article_published_time":"2024-03-25T10:48:43+00:00","article_modified_time":"2025-07-14T13:47:27+00:00","og_image":[{"width":816,"height":426,"url":"http:\/\/sportano.hu\/blog\/wp-content\/uploads\/2024\/03\/gdi-6601568e19a7d.png","type":"image\/png"}],"author":"Marcin Denisiuk","twitter_card":"summary_large_image","twitter_misc":{"Szerz\u0151:":"Marcin Denisiuk","Becs\u00fclt olvas\u00e1si id\u0151":"9 perc"},"schema":{"@context":"https:\/\/schema.org","@graph":[{"@type":"Article","@id":"https:\/\/sportano.hu\/blog\/a-legjobb-la-sportiva-turabakancsok-top10\/#article","isPartOf":{"@id":"https:\/\/sportano.hu\/blog\/a-legjobb-la-sportiva-turabakancsok-top10\/"},"author":{"name":"Marcin Denisiuk","@id":"https:\/\/sportano.hu\/blog\/#\/schema\/person\/d74d68d4c543ab35647dea1f95ab8dd8"},"headline":"A legjobb La Sportiva t\u00farabakancsok &#8211; TOP10","datePublished":"2024-03-25T10:48:43+00:00","dateModified":"2025-07-14T13:47:27+00:00","mainEntityOfPage":{"@id":"https:\/\/sportano.hu\/blog\/a-legjobb-la-sportiva-turabakancsok-top10\/"},"wordCount":2261,"publisher":{"@id":"https:\/\/sportano.hu\/blog\/#organization"},"image":{"@id":"https:\/\/sportano.hu\/blog\/a-legjobb-la-sportiva-turabakancsok-top10\/#primaryimage"},"thumbnailUrl":"https:\/\/sportano.hu\/blog\/wp-content\/uploads\/2024\/03\/gdi-6601568e19a7d.png","articleSection":["Turizmus"],"inLanguage":"hu"},{"@type":"WebPage","@id":"https:\/\/sportano.hu\/blog\/a-legjobb-la-sportiva-turabakancsok-top10\/","url":"https:\/\/sportano.hu\/blog\/a-legjobb-la-sportiva-turabakancsok-top10\/","name":"A legjobb La Sportiva t\u00farabakancsok - TOP10 - Sportano.hu Blog","isPartOf":{"@id":"https:\/\/sportano.hu\/blog\/#website"},"primaryImageOfPage":{"@id":"https:\/\/sportano.hu\/blog\/a-legjobb-la-sportiva-turabakancsok-top10\/#primaryimage"},"image":{"@id":"https:\/\/sportano.hu\/blog\/a-legjobb-la-sportiva-turabakancsok-top10\/#primaryimage"},"thumbnailUrl":"https:\/\/sportano.hu\/blog\/wp-content\/uploads\/2024\/03\/gdi-6601568e19a7d.png","datePublished":"2024-03-25T10:48:43+00:00","dateModified":"2025-07-14T13:47:27+00:00","breadcrumb":{"@id":"https:\/\/sportano.hu\/blog\/a-legjobb-la-sportiva-turabakancsok-top10\/#breadcrumb"},"inLanguage":"hu","potentialAction":[{"@type":"ReadAction","target":["https:\/\/sportano.hu\/blog\/a-legjobb-la-sportiva-turabakancsok-top10\/"]}]},{"@type":"ImageObject","inLanguage":"hu","@id":"https:\/\/sportano.hu\/blog\/a-legjobb-la-sportiva-turabakancsok-top10\/#primaryimage","url":"https:\/\/sportano.hu\/blog\/wp-content\/uploads\/2024\/03\/gdi-6601568e19a7d.png","contentUrl":"https:\/\/sportano.hu\/blog\/wp-content\/uploads\/2024\/03\/gdi-6601568e19a7d.png","width":816,"height":426,"caption":"K\u00e9t t\u00far\u00e1z\u00f3 halad a szikl\u00e1s hegytet\u0151n t\u00farabotokkal"},{"@type":"BreadcrumbList","@id":"https:\/\/sportano.hu\/blog\/a-legjobb-la-sportiva-turabakancsok-top10\/#breadcrumb","itemListElement":[{"@type":"ListItem","position":1,"name":"F\u0151oldal","item":"https:\/\/sportano.hu\/blog\/"},{"@type":"ListItem","position":2,"name":"A legjobb La Sportiva t\u00farabakancsok &#8211; TOP10"}]},{"@type":"WebSite","@id":"https:\/\/sportano.hu\/blog\/#website","url":"https:\/\/sportano.hu\/blog\/","name":"","description":"","publisher":{"@id":"https:\/\/sportano.hu\/blog\/#organization"},"potentialAction":[{"@type":"SearchAction","target":{"@type":"EntryPoint","urlTemplate":"https:\/\/sportano.hu\/blog\/?s={search_term_string}"},"query-input":{"@type":"PropertyValueSpecification","valueRequired":true,"valueName":"search_term_string"}}],"inLanguage":"hu"},{"@type":"Organization","@id":"https:\/\/sportano.hu\/blog\/#organization","name":"Sportano.pl","url":"https:\/\/sportano.hu\/blog\/","logo":{"@type":"ImageObject","inLanguage":"hu","@id":"https:\/\/sportano.hu\/blog\/#\/schema\/logo\/image\/","url":"http:\/\/sportano.hu\/blog\/wp-content\/uploads\/2022\/04\/sportano-blog-logo.png","contentUrl":"http:\/\/sportano.hu\/blog\/wp-content\/uploads\/2022\/04\/sportano-blog-logo.png","width":1200,"height":200,"caption":"Sportano.pl"},"image":{"@id":"https:\/\/sportano.hu\/blog\/#\/schema\/logo\/image\/"}},{"@type":"Person","@id":"https:\/\/sportano.hu\/blog\/#\/schema\/person\/d74d68d4c543ab35647dea1f95ab8dd8","name":"Marcin Denisiuk","image":{"@type":"ImageObject","inLanguage":"hu","@id":"https:\/\/sportano.hu\/blog\/#\/schema\/person\/image\/","url":"https:\/\/secure.gravatar.com\/avatar\/18fbfc25985af0b4d41958c68c0e0ab3c5de71736ab1d05296b5c07053531afe?s=96&d=mm&r=g","contentUrl":"https:\/\/secure.gravatar.com\/avatar\/18fbfc25985af0b4d41958c68c0e0ab3c5de71736ab1d05296b5c07053531afe?s=96&d=mm&r=g","caption":"Marcin Denisiuk"}}]}},"_links":{"self":[{"href":"https:\/\/sportano.hu\/blog\/wp-json\/wp\/v2\/posts\/2035","targetHints":{"allow":["GET"]}}],"collection":[{"href":"https:\/\/sportano.hu\/blog\/wp-json\/wp\/v2\/posts"}],"about":[{"href":"https:\/\/sportano.hu\/blog\/wp-json\/wp\/v2\/types\/post"}],"author":[{"embeddable":true,"href":"https:\/\/sportano.hu\/blog\/wp-json\/wp\/v2\/users\/23"}],"replies":[{"embeddable":true,"href":"https:\/\/sportano.hu\/blog\/wp-json\/wp\/v2\/comments?post=2035"}],"version-history":[{"count":6,"href":"https:\/\/sportano.hu\/blog\/wp-json\/wp\/v2\/posts\/2035\/revisions"}],"predecessor-version":[{"id":2890,"href":"https:\/\/sportano.hu\/blog\/wp-json\/wp\/v2\/posts\/2035\/revisions\/2890"}],"wp:featuredmedia":[{"embeddable":true,"href":"https:\/\/sportano.hu\/blog\/wp-json\/wp\/v2\/media\/2040"}],"wp:attachment":[{"href":"https:\/\/sportano.hu\/blog\/wp-json\/wp\/v2\/media?parent=2035"}],"wp:term":[{"taxonomy":"category","embeddable":true,"href":"https:\/\/sportano.hu\/blog\/wp-json\/wp\/v2\/categories?post=2035"},{"taxonomy":"post_tag","embeddable":true,"href":"https:\/\/sportano.hu\/blog\/wp-json\/wp\/v2\/tags?post=2035"}],"curies":[{"name":"wp","href":"https:\/\/api.w.org\/{rel}","templated":true}]}}