{"id":2186,"date":"2024-04-19T10:55:42","date_gmt":"2024-04-19T10:55:42","guid":{"rendered":"https:\/\/sportano.hu\/blog\/gorkorcsolya-protektor-melyiket-valaszd-vasarlasi-utmutato\/"},"modified":"2025-07-18T08:24:35","modified_gmt":"2025-07-18T08:24:35","slug":"gorkorcsolya-protektor-melyiket-valaszd-vasarlasi-utmutato","status":"publish","type":"post","link":"https:\/\/sportano.hu\/blog\/gorkorcsolya-protektor-melyiket-valaszd-vasarlasi-utmutato\/","title":{"rendered":"G\u00f6rkorcsolya protektor &#8211; melyiket v\u00e1laszd? V\u00e1s\u00e1rl\u00e1si \u00fatmutat\u00f3"},"content":{"rendered":"\n<p><span><strong>A g\u00f6rkorcsolya protektoroknak minden versenyz\u0151 felszerel\u00e9s\u00e9nek elemi r\u00e9sz\u00e9t kell k\u00e9pezni\u00fck, k\u00e9pess\u00e9gi szintt\u0151l f\u00fcggetlen\u00fcl. A megfelel\u0151en ell\u00e1tott v\u00e9d\u0151felszerel\u00e9s lehet\u0151v\u00e9 teszi a biztons\u00e1gos k\u00f6zleked\u00e9st m\u00e1s k\u00f6zleked\u0151k k\u00f6z\u00f6tt, a bukkan\u00f3kkal \u00e9s dombokkal teli fel\u00fcleteken, ezenk\u00edv\u00fcl cs\u00f6kkenti az \u00faj k\u00e9szs\u00e9gek elsaj\u00e1t\u00edt\u00e1s\u00e1val j\u00e1r\u00f3 kock\u00e1zatokat. Tudd meg, milyen g\u00f6rkorcsolya protektort \u00e9rdemes beszerezned, \u00e9s mit \u00e9rdemes figyelembe venned a v\u00e1s\u00e1rl\u00e1s sor\u00e1n.<\/strong><\/span><\/p>\n\n\n\n<h2 class=\"wp-block-heading\"><span><strong>G\u00f6rkorcsolya protektorok &#8211; mi\u00e9rt \u00e9rdemes haszn\u00e1lni \u0151ket?<\/strong><\/span><\/h2>\n\n\n\n<p><span>Miel\u0151tt megtanuln\u00e1d, hogyan kell biztons\u00e1gosan esni a g\u00f6rkorcsoly\u00e1val, vagy hossz\u00fa sz\u00fcnet ut\u00e1n visszaszokn\u00e1l a g\u00f6rkorcsoly\u00e1z\u00e1shoz, \u00e9rdemes felszerelkezned egy protektorral, amely mindenekel\u0151tt megv\u00e9d a s\u00e9r\u00fcl\u00e9sekt\u0151l. A megfelel\u0151 t\u00e9rd-, csukl\u00f3- \u00e9s k\u00f6ny\u00f6kv\u00e9d\u0151k seg\u00edtenek lecs\u00f6kkenteni a kem\u00e9ny fel\u00fcletre t\u00f6rt\u00e9n\u0151 es\u00e9s, akad\u00e1lyba \u00fctk\u00f6z\u00e9s vagy egy m\u00e1sik versenyz\u0151vel vagy gyalogossal val\u00f3 koccan\u00e1s f\u00e1jdalmas k\u00f6vetkezm\u00e9nyeit. A biztons\u00e1gi szempontokat a tapasztaltabb g\u00f6rkorcsoly\u00e1z\u00f3knak is figyelembe kell venni\u00fck, hogy minimaliz\u00e1lj\u00e1k a s\u00falyos s\u00e9r\u00fcl\u00e9sek kock\u00e1zat\u00e1t mind a g\u00f6rdeszkaparkban v\u00e9grehajtott extr\u00e9m mutatv\u00e1nyok, mind a v\u00e1rosban val\u00f3 k\u00f6zleked\u00e9s sor\u00e1n.<\/span><\/p>\n\n\n\n<p><span>K\u00fcl\u00f6n\u00f6sen a sportban val\u00f3 kalandoz\u00e1s kezdet\u00e9n a j\u00f3 min\u0151s\u00e9g\u0171 v\u00e9d\u0151felszerel\u00e9s biztos\u00edtja azt, hogy k\u00e9nyelmesen haladhass \u00e9s tanulhass, ami el\u0151seg\u00edti a fejl\u0151d\u00e9s \u00e9s az \u00faj k\u00e9szs\u00e9gek elsaj\u00e1t\u00edt\u00e1s\u00e1nak v\u00e1gy\u00e1t. A k\u00e9nyelmes \u00e9s szabadon mozgathat\u00f3 kieg\u00e9sz\u00edt\u0151kkel a g\u00f6rkorcsoly\u00e1z\u00e1s sokkal \u00e9lvezetesebb\u00e9 v\u00e1lik, \u00e9s nagyobb val\u00f3sz\u00edn\u0171s\u00e9ggel akarod majd \u00fajra felven<\/span><span>ni a <\/span><a href=\"https:\/\/sportano.hu\/skating-korcsolya\"><span><u>g\u00f6rkorcsoly\u00e1t<\/u><\/span><\/a><span> \u00e9s <\/span><span>kimenni a szabadba mozogni. A g\u00f6rkorcsolya protektorok r\u00e1ad\u00e1sul gyakran t\u00f6bbc\u00e9l\u00faak &#8211; g\u00f6rdeszk\u00e1z\u00e1s, rollerez\u00e9s vagy ker\u00e9kp\u00e1roz\u00e1s k\u00f6zben egyar\u00e1nt haszn\u00e1lhat\u00f3k.<\/span><\/p>\n\n\n\n<h2 class=\"wp-block-heading\"><span><strong>A g\u00f6rkorcsolya protektorok t\u00edpusai<\/strong><\/span><\/h2>\n\n\n\n<p><span>A k\u00f6ny\u00f6k, a csukl\u00f3 \u00e9s a t\u00e9rd a leg\u00e9rz\u00e9kenyebb testr\u00e9szek a g\u00f6rkorcsoly\u00e1z\u00e1s sor\u00e1n, ak\u00e1r szabadid\u0151s, ak\u00e1r versenyszint\u0171 g\u00f6rkorcsoly\u00e1z\u00e1sr\u00f3l van sz\u00f3. Ahhoz, hogy maxim\u00e1lis v\u00e9delmet biztos\u00edts magad vagy gyermeked sz\u00e1m\u00e1ra, olyan k\u00e9szletet c\u00e9lszer\u0171 viselnetek, amely a k\u00f6vetkez\u0151kb\u0151l \u00e1ll: t\u00e9rd-, k\u00f6ny\u00f6k- \u00e9s csukl\u00f3v\u00e9d\u0151<\/span><span>.<\/span><\/p>\n\n\n\n<p><span>A g\u00f6rkoris sisaknak alapvet\u0151 felszerel\u00e9snek kell lennie. Ez megv\u00e9di a fejedet a k\u00f6nnyebb \u00fct\u00e9sek, es\u00e9sek, m\u00e1s g\u00f6rkorcsoly\u00e1z\u00f3kkal val\u00f3 \u00fctk\u00f6z\u00e9sek stb. hat\u00e1sait\u00f3l. A sisak kiv\u00e1laszt\u00e1sa sor\u00e1n t\u00f6bbek k\u00f6z\u00f6tt a k\u00f6vetkez\u0151kre \u00e9rdemes odafigyelned: megfelel\u0151en kell illeszkednie a fejed m\u00e9ret\u00e9hez \u00e9s alakj\u00e1hoz, alacsonyan kell fek\u00fcdnie a homlokodon, \u00e9s nem szabad leesnie, ha h\u00e1trad\u0151lsz\/felemeled a fejed. Az oldals\u00f3 \u00e9s a f\u00fcl alatti p\u00e1ntoknak Y alakot kell alkotniuk.<\/span><\/p>\n\n\n\n<p><span>Praktikus megold\u00e1st jelenthet p\u00e9ld\u00e1ul a korcsoly\u00e1z\u00f3knak sz\u00e1nt speci\u00e1lis r\u00f6vidnadr\u00e1g is, amely megv\u00e9di a farokcsontot \u00e9s a cs\u00edp\u0151t az esetleges z\u00faz\u00f3d\u00e1sokt\u00f3l.<\/span><\/p>\n\n\n\n<figure class=\"wp-block-image\"><img decoding=\"async\" src=\"https:\/\/sportano.hu\/blog\/wp-content\/uploads\/2024\/04\/gdi-66224daf75109.png\" alt=\"Az ember sportos t\u00e9rdv\u00e9d\u0151t r\u00f6gz\u00edt a l\u00e1b\u00e1n\"\/><\/figure>\n\n\n\n<h3 class=\"wp-block-heading\"><span><strong>Csukl\u00f3v\u00e9d\u0151k<\/strong><\/span><\/h3>\n\n\n\n<p><span>A csukl\u00f3 meglehet\u0151sen \u00e9rz\u00e9keny szerkezet\u0171, ez\u00e9rt k\u00f6nnyen megs\u00e9r\u00fclhet (megh\u00faz\u00f3dhat, megr\u00e1ndulhat, kicsavarodhat vagy elt\u00f6rhet), m\u00e9g ink\u00e1bb korcsoly\u00e1z\u00e1s k\u00f6zben, ahol \u00e1ltal\u00e1ban a kez\u00fcnkkel akarjuk els\u0151sorban tomp\u00edtani az es\u00e9st. A csukl\u00f3 vesz\u00e9lyes sz\u00f6gben val\u00f3 elhelyez\u00e9s\u00e9vel j\u00e1r\u00f3 s\u00e9r\u00fcl\u00e9svesz\u00e9ly minimaliz\u00e1l\u00e1sa \u00e9rdek\u00e9ben csukl\u00f3v\u00e9d\u0151t \u00e9rdemes felhelyezni. L\u00e9teznek keszty\u0171 form\u00e1j\u00fa modellek, amelyek f\u0151 funkci\u00f3ja a k\u00e9z b\u0151r\u00e9nek a kop\u00e1s elleni v\u00e9delme, valamint a csontok \u00e9s \u00edz\u00fcletek v\u00e9delm\u00e9re szolg\u00e1l\u00f3 (be\u00e9p\u00edtett vagy kivehet\u0151) merev\u00edt\u0151vel ell\u00e1tott v\u00e1ltozatok. Az ilyen t\u00edpus\u00fa v\u00e9d\u0151felszerel\u00e9sek v\u00e1s\u00e1rl\u00e1sakor \u00e9rdemes odafigyelni az ergonomikus, nem korl\u00e1toz\u00f3 form\u00e1ra \u00e9s az anyag l\u00e9g\u00e1tereszt\u0151 k\u00e9pess\u00e9g\u00e9re. V\u00e1lassz tart\u00f3s t\u00e9p\u0151z\u00e1ras r\u00f6gz\u00edt\u00e9ssel ell\u00e1tott csukl\u00f3v\u00e9d\u0151t, amely megfelel\u0151 tart\u00e1st biztos\u00edt a k\u00e9z ezen r\u00e9sz\u00e9nek, \u00e9s amely \u00e1ll\u00edthat\u00f3 sz\u00e9less\u00e9g\u00e9nek k\u00f6sz\u00f6nhet\u0151en a lehet\u0151 legnagyobb illeszked\u00e9st biztos\u00edtja. Egyes csukl\u00f3v\u00e9d\u0151k g\u00e9lbet\u00e9ttel vannak ell\u00e1tva, amely t\u00f6bbek k\u00f6z\u00f6tt elnyeli az \u00fct\u00e9seket \u00e9s jobb nyom\u00e1seloszt\u00e1st biztos\u00edt az es\u00e9s sor\u00e1n<\/span><span>.<\/span><\/p>\n\n\n\n<h3 class=\"wp-block-heading\"><span><strong>T\u00e9rdv\u00e9d\u0151k<\/strong><\/span><\/h3>\n\n\n\n<p><span>A t\u00e9rdv\u00e9d\u0151 seg\u00edt v\u00e9dekezni a t\u00e9rdet \u00e9r\u0151 horzsol\u00e1sok \u00e9s z\u00faz\u00f3d\u00e1sok ellen, de a komolyabb s\u00e9r\u00fcl\u00e9sek ellen is, ez\u00e9rt minden korcsoly\u00e1z\u00f3nak alapfelszerel\u00e9snek kell lennie. A t\u00e9rdv\u00e9d\u0151k el\u00f6l kem\u00e9ny h\u00e9jjal (p\u00e9ld\u00e1ul m\u0171anyagb\u00f3l), bel\u00fcl puha p\u00e1rn\u00e1z\u00e1ssal \u00e9s rugalmas p\u00e1nttal rendelkeznek. V\u00e1lassz l\u00e9g\u00e1tereszt\u0151 anyagb\u00f3l k\u00e9sz\u00fclt modellt, hogy megfelel\u0151en elvezesse a nedvess\u00e9get a b\u0151rr\u0151l, ergonomikus kialak\u00edt\u00e1s\u00fa legyen, \u00e9s t\u00e9p\u0151z\u00e1rral vagy p\u00e1nttal \u00e1ll\u00edthat\u00f3 legyen, hogy a korcsoly\u00e1z\u00f3 ig\u00e9nyei \u00e9s param\u00e9terei szerint szabadon illeszkedjen<\/span><span>.<\/span><\/p>\n\n\n\n<h3 class=\"wp-block-heading\"><span><strong>K\u00f6ny\u00f6kv\u00e9d\u0151k<\/strong><\/span><\/h3>\n\n\n\n<p><span>A v\u00e9d\u0151felszerel\u00e9s m\u00e1sik fontos r\u00e9sze, k\u00fcl\u00f6n\u00f6sen a kezd\u0151 \u00e9s szabadid\u0151s korcsoly\u00e1z\u00f3k valamint a gyermekek sz\u00e1m\u00e1ra. A k\u00f6ny\u00f6kv\u00e9d\u0151k a t\u00e9rdv\u00e9d\u0151kh\u00f6z hasonl\u00f3 fel\u00e9p\u00edt\u00e9s\u0171ek &#8211; egy strapab\u00edr\u00f3 h\u00e9jb\u00f3l \u00e9s egy rugalmas anyagb\u00f3l k\u00e9sz\u00fclt, t\u00e9p\u0151z\u00e1rral vagy klipszekkel r\u00f6gz\u00edtett p\u00e1ntb\u00f3l \u00e1llnak<\/span><span>.<\/span><\/p>\n\n\n\n<h2 class=\"wp-block-heading\"><span><strong>G\u00f6rkorcsolya protektorok &#8211; hogyan v\u00e1laszd ki a megfelel\u0151 m\u00e9retet?<\/strong><\/span><\/h2>\n\n\n\n<p><span>Ahhoz, hogy a g\u00f6rkorcsolya protektorok a lehet\u0151 legjobban teljes\u00edtsenek, a felhaszn\u00e1l\u00f3 param\u00e9tereihez megfelel\u0151en kell illeszkedni\u00fck. Annak meghat\u00e1roz\u00e1s\u00e1hoz, hogy milyen m\u00e9retre van sz\u00fcks\u00e9ged, k\u00e9sz\u00edts el\u0151 egy szab\u00f3 m\u00e9r\u0151szalagot \u00e9s egy darab pap\u00edrt az eredm\u00e9nyek r\u00f6gz\u00edt\u00e9s\u00e9hez. M\u00e9rd meg a t\u00e9rded (a t\u00e9rdkal\u00e1csod magass\u00e1g\u00e1ban) \u00e9s a k\u00f6ny\u00f6k\u00f6d ker\u00fclet\u00e9t, majd hasonl\u00edtsd \u00f6ssze az eredm\u00e9nyeket a gy\u00e1rt\u00f3 m\u00e9rett\u00e1bl\u00e1zat\u00e1val. A legt\u00f6bb k\u00f6ny\u00f6k- \u00e9s t\u00e9rdv\u00e9d\u0151 XS, S, M \u00e9s L m\u00e9retben \u00e9rhet\u0151 el, de nincsenek szabv\u00e1nyos\u00edtott param\u00e9terek egy adott m\u00e9retre vonatkoz\u00f3an. Ezek gy\u00e1rt\u00f3nk\u00e9nt v\u00e1ltozhatnak.<\/span><span><\/span><\/p>\n\n\n\n<p><span>A csukl\u00f3v\u00e9d\u0151k eset\u00e9ben a csukl\u00f3 magass\u00e1g\u00e1ban m\u00e9rt k\u00f6rm\u00e9ret mellett a felhaszn\u00e1l\u00f3 magass\u00e1ga \u00e9s s\u00falya is befoly\u00e1solja a megfelel\u0151 m\u00e9ret kiv\u00e1laszt\u00e1s\u00e1t. P\u00e9ld\u00e1ul, ha te 1,40 m \u00e9s 1,55 m k\u00f6z\u00f6tti magas \u00e9s 25-50 kg s\u00faly\u00fa vagy, akkor az S-ses m\u00e9retnek j\u00f3nak kellene lennie, 1,70 m magass\u00e1gig \u00e9s 50 kg-n\u00e1l nagyobb tests\u00faly eset\u00e9n az M-mes m\u00e9retnek, ha pedig 1,70 m \u00e9s 1,85 m k\u00f6z\u00f6tti a magass\u00e1god, akkor az L-les m\u00e9ret aj\u00e1nlott. Nem szabad megfeledkezni arr\u00f3l sem, hogy a nem\u00fcnknek megfelel\u0151 modellt v\u00e1lasszuk, mivel p\u00e9ld\u00e1ul a n\u0151i protektorokat a n\u0151i csukl\u00f3hoz tervezik, amely \u00e1ltal\u00e1ban keskenyebb, mint a f\u00e9rfiak\u00e9.<\/span><\/p>\n\n\n\n<figure class=\"wp-block-image\"><img decoding=\"async\" src=\"https:\/\/sportano.hu\/blog\/wp-content\/uploads\/2024\/04\/gdi-66224db232083.png\" alt=\"Gyermek g\u00f6rkorcsoly\u00e1zik k\u00fapok k\u00f6z\u00f6tt, viselve minden sz\u00fcks\u00e9ges v\u00e9d\u0151felszerel\u00e9st\"\/><\/figure>\n\n\n\n<h2 class=\"wp-block-heading\"><span><strong>Mire \u00e9rdemes odafigyelni g\u00f6rkorcsolya protektor v\u00e1s\u00e1rl\u00e1sa sor\u00e1n?<\/strong><\/span><\/h2>\n\n\n\n<p><span>A g\u00f6rkorcsolya protektoroknak k\u00f6nny\u0171 \u00e9s tart\u00f3s anyagokb\u00f3l kell k\u00e9sz\u00fclni\u00fck, amelyek ellen\u00e1llnak a mechanikai s\u00e9r\u00fcl\u00e9seknek \u00e9s a t\u00falterhel\u00e9snek, mint p\u00e9ld\u00e1ul<\/span><span>:<\/span><\/p>\n\n\n\n<ul class=\"wp-block-list\">\n<li><span>neopr\u00e9n \u2013 amellett, hogy tart\u00f3s \u00e9s rugalmas, termikus tulajdons\u00e1gokkal is rendelkezik, \u00edgy melegen tart \u00e9s v\u00e9d a hideg ellen;<\/span><\/li>\n\n\n\n<li><span>EVA hab \u2013 puha \u00e9s k\u00f6nny\u0171 szerkezet\u00e9nek k\u00f6sz\u00f6nhet\u0151en nagyfok\u00fa k\u00e9nyelmet biztos\u00edt, j\u00f3 \u00fct\u00e9scsillap\u00edt\u00e1sa pedig n\u00f6veli a s\u00e9r\u00fcl\u00e9sek elleni v\u00e9delmet. Emellett k\u00f6nnyen tiszt\u00edthat\u00f3 \u00e9s gyorsan sz\u00e1rad\u00f3 anyag;<\/span><\/li>\n\n\n\n<li><span>m\u0171anyagok (pl. ABS vagy polikarbon\u00e1t) \u2013 amellett, hogy tart\u00f3sak \u00e9s ellen\u00e1llnak a s\u00e9r\u00fcl\u00e9seknek, k\u00f6nnyen tiszt\u00e1n tarthat\u00f3k;<\/span><\/li>\n\n\n\n<li><span>term\u00e9szetes b\u0151r \u2013 tart\u00f3ss\u00e1g, puhas\u00e1g \u00e9s rugalmass\u00e1g, valamint k\u00e9nyelem jellemzi. A b\u0151rprotektorok dr\u00e1g\u00e1bbak, mint m\u00e1s modellek, \u00e9s speci\u00e1lis \u00e1pol\u00e1st ig\u00e9nyelnek az\u00e9rt, hogy tulajdons\u00e1gaikat hossz\u00fa ideig meg\u0151rizhess\u00e9k.<\/span><\/li>\n<\/ul>\n\n\n\n<p><span>Ezenk\u00edv\u00fcl a t\u00e9rd-, k\u00f6ny\u00f6k- \u00e9s csukl\u00f3v\u00e9d\u0151kn\u00e9l aj\u00e1nlatos, hogy megfelel\u0151 l\u00e9g\u00e1raml\u00e1st biztos\u00edtsanak, ami seg\u00edt sz\u00e1razon tartani a b\u0151rt \u00e9s megakad\u00e1lyozza a t\u00falzott izzad\u00e1st. A felszerel\u00e9snek k\u00f6nnyen \u00e1ll\u00edthat\u00f3nak kell lennie, hogy t\u00f6k\u00e9letes illeszked\u00e9st biztos\u00edtson, \u00e9s ne akad\u00e1lyozza a mozg\u00e1st.<\/span><\/p>\n\n\n\n<p><span>G\u00f6rkorcsolya protektor v\u00e1s\u00e1rl\u00e1sa sor\u00e1n igazodjon az edzetts\u00e9gi szintedhez \u00e9s a k\u00f6zleked\u00e9si st\u00edlusodhoz. Emellett figyelj oda:<\/span><\/p>\n\n\n\n<ul class=\"wp-block-list\">\n<li><span>a h\u00e9j vastags\u00e1g\u00e1ra \u00e9s tart\u00f3ss\u00e1g\u00e1ra;<\/span><\/li>\n\n\n\n<li><span>a b\u00e9l\u00e9s vastags\u00e1g\u00e1ra;<\/span><\/li>\n\n\n\n<li><span>a be\u00e1ll\u00edt\u00e1s gyorsas\u00e1g\u00e1ra \u00e9s k\u00e9nyelmess\u00e9g\u00e9re;<\/span><\/li>\n\n\n\n<li><span>a v\u00e9delem ter\u00fclet\u00e9re.<\/span><\/li>\n<\/ul>\n\n\n\n<p><span>A gyermek g\u00f6rkorcsolyav\u00e9d\u0151k eset\u00e9ben fontos, hogy a legfiatalabb versenyz\u0151knek sz\u00e1nt, a biztons\u00e1gi szabv\u00e1nyoknak (pl. EN 14120: 2003) val\u00f3 megfelel\u00e9st igazol\u00f3 tan\u00fas\u00edtv\u00e1nyokkal \u00e9s j\u00f3v\u00e1hagy\u00e1sokkal rendelkez\u0151 modellt v\u00e1lassz. A v\u00e9d\u0151felszerel\u00e9st igaz\u00edtsd a gyermek s\u00faly\u00e1hoz \u00e9s magass\u00e1g\u00e1hoz, \u00e9s gy\u0151z\u0151dj meg r\u00f3la, hogy nem cs\u00faszik el v\u00e9letlen\u00fcl, vagy nem okoz kellemetlens\u00e9get (pl. t\u00falzott nyom\u00e1st, d\u00f6rzs\u00f6l\u00e9st stb). Annak \u00e9rdek\u00e9ben, hogy gyermekedet korcsoly\u00e1z\u00e1s k\u00f6zben a protektorok visel\u00e9s\u00e9re \u00f6szt\u00f6n\u00f6zd, j\u00f3 \u00f6tlet, ha j\u00f3 p\u00e9ld\u00e1val j\u00e1rsz el\u00f6l, \u00e9s magad is rendelkezel egy megfelel\u0151 felszerel\u00e9ssel, valamint ha hagyod, hogy gyermeked a saj\u00e1t \u00edzl\u00e9se szerint v\u00e1lasszon sz\u00ednt vagy mint\u00e1t.<\/span><\/p>\n\n\n\n<p><span>A megfelel\u0151 v\u00e9d\u0151felszerel\u00e9s a sport biztons\u00e1gos \u0171z\u00e9s\u00e9nek kulcsa. V\u00e1s\u00e1rl\u00e1skor fontos odafigyelni a protektor t\u00edpus\u00e1ra, a konstrukci\u00f3 anyag\u00e1ra, a versenyz\u0151 egy\u00e9ni param\u00e9tereihez \u00e9s ig\u00e9nyeihez val\u00f3 illeszked\u00e9sre, valamint a biztons\u00e1gi el\u0151\u00edr\u00e1soknak val\u00f3 megfelel\u00e9st igazol\u00f3 tan\u00fas\u00edtv\u00e1nyokra. Olyan vezet\u0151 gy\u00e1rt\u00f3k megb\u00edz<\/span><span>hat\u00f3 <\/span><a href=\"https:\/\/sportano.hu\/korcsolyavedok\"><span><u>t\u00e9rd-, k\u00f6ny\u00f6k- \u00e9s csukl\u00f3v\u00e9d\u0151it<\/u><\/span><\/a><span> ta<\/span><span>l\u00e1lod a Sportano.hu web\u00e1ruh\u00e1zban mint a Rollerblade, K2, FILA, Spokey, IMPALA, Powerslide, Micro \u00e9s a Tempish.<\/span><\/p>\n","protected":false},"excerpt":{"rendered":"<p>A g\u00f6rkorcsolya protektoroknak minden versenyz\u0151 felszerel\u00e9s\u00e9nek elemi r\u00e9sz\u00e9t kell k\u00e9pezni\u00fck, k\u00e9pess\u00e9gi szintt\u0151l f\u00fcggetlen\u00fcl. A megfelel\u0151en ell\u00e1tott v\u00e9d\u0151felszerel\u00e9s lehet\u0151v\u00e9 teszi a biztons\u00e1gos k\u00f6zleked\u00e9st m\u00e1s k\u00f6zleked\u0151k k\u00f6z\u00f6tt, a bukkan\u00f3kkal \u00e9s dombokkal teli fel\u00fcleteken, ezenk\u00edv\u00fcl cs\u00f6kkenti az \u00faj k\u00e9szs\u00e9gek elsaj\u00e1t\u00edt\u00e1s\u00e1val j\u00e1r\u00f3 kock\u00e1zatokat. Tudd meg, milyen g\u00f6rkorcsolya protektort \u00e9rdemes beszerezned, \u00e9s mit \u00e9rdemes figyelembe venned a v\u00e1s\u00e1rl\u00e1s sor\u00e1n. G\u00f6rkorcsolya [&hellip;]<\/p>\n","protected":false},"author":7,"featured_media":2190,"comment_status":"closed","ping_status":"closed","sticky":false,"template":"","format":"standard","meta":{"_acf_changed":false,"footnotes":""},"categories":[30],"tags":[],"class_list":["post-2186","post","type-post","status-publish","format-standard","has-post-thumbnail","hentry","category-korcsolyazas"],"acf":[],"yoast_head":"<!-- This site is optimized with the Yoast SEO plugin v27.1.1 - https:\/\/yoast.com\/product\/yoast-seo-wordpress\/ -->\n<title>G\u00f6rkorcsolya protektor - melyiket v\u00e1laszd? V\u00e1s\u00e1rl\u00e1si \u00fatmutat\u00f3 - Sportano.hu Blog<\/title>\n<meta name=\"robots\" content=\"index, follow, max-snippet:-1, max-image-preview:large, max-video-preview:-1\" \/>\n<link rel=\"canonical\" href=\"https:\/\/sportano.hu\/blog\/gorkorcsolya-protektor-melyiket-valaszd-vasarlasi-utmutato\/\" \/>\n<meta property=\"og:locale\" content=\"hu_HU\" \/>\n<meta property=\"og:type\" content=\"article\" \/>\n<meta property=\"og:title\" content=\"G\u00f6rkorcsolya protektor - melyiket v\u00e1laszd? V\u00e1s\u00e1rl\u00e1si \u00fatmutat\u00f3 - Sportano.hu Blog\" \/>\n<meta property=\"og:description\" content=\"A g\u00f6rkorcsolya protektoroknak minden versenyz\u0151 felszerel\u00e9s\u00e9nek elemi r\u00e9sz\u00e9t kell k\u00e9pezni\u00fck, k\u00e9pess\u00e9gi szintt\u0151l f\u00fcggetlen\u00fcl. A megfelel\u0151en ell\u00e1tott v\u00e9d\u0151felszerel\u00e9s lehet\u0151v\u00e9 teszi a biztons\u00e1gos k\u00f6zleked\u00e9st m\u00e1s k\u00f6zleked\u0151k k\u00f6z\u00f6tt, a bukkan\u00f3kkal \u00e9s dombokkal teli fel\u00fcleteken, ezenk\u00edv\u00fcl cs\u00f6kkenti az \u00faj k\u00e9szs\u00e9gek elsaj\u00e1t\u00edt\u00e1s\u00e1val j\u00e1r\u00f3 kock\u00e1zatokat. Tudd meg, milyen g\u00f6rkorcsolya protektort \u00e9rdemes beszerezned, \u00e9s mit \u00e9rdemes figyelembe venned a v\u00e1s\u00e1rl\u00e1s sor\u00e1n. G\u00f6rkorcsolya [&hellip;]\" \/>\n<meta property=\"og:url\" content=\"https:\/\/sportano.hu\/blog\/gorkorcsolya-protektor-melyiket-valaszd-vasarlasi-utmutato\/\" \/>\n<meta property=\"article:published_time\" content=\"2024-04-19T10:55:42+00:00\" \/>\n<meta property=\"article:modified_time\" content=\"2025-07-18T08:24:35+00:00\" \/>\n<meta property=\"og:image\" content=\"http:\/\/sportano.hu\/blog\/wp-content\/uploads\/2024\/04\/gdi-66224db4a4632.png\" \/>\n\t<meta property=\"og:image:width\" content=\"816\" \/>\n\t<meta property=\"og:image:height\" content=\"426\" \/>\n\t<meta property=\"og:image:type\" content=\"image\/png\" \/>\n<meta name=\"author\" content=\"Sylwia Stwora-Petela\" \/>\n<meta name=\"twitter:card\" content=\"summary_large_image\" \/>\n<meta name=\"twitter:label1\" content=\"Szerz\u0151:\" \/>\n\t<meta name=\"twitter:data1\" content=\"Sylwia Stwora-Petela\" \/>\n\t<meta name=\"twitter:label2\" content=\"Becs\u00fclt olvas\u00e1si id\u0151\" \/>\n\t<meta name=\"twitter:data2\" content=\"7 perc\" \/>\n<!-- \/ Yoast SEO plugin. -->","yoast_head_json":{"title":"G\u00f6rkorcsolya protektor - melyiket v\u00e1laszd? V\u00e1s\u00e1rl\u00e1si \u00fatmutat\u00f3 - Sportano.hu Blog","robots":{"index":"index","follow":"follow","max-snippet":"max-snippet:-1","max-image-preview":"max-image-preview:large","max-video-preview":"max-video-preview:-1"},"canonical":"https:\/\/sportano.hu\/blog\/gorkorcsolya-protektor-melyiket-valaszd-vasarlasi-utmutato\/","og_locale":"hu_HU","og_type":"article","og_title":"G\u00f6rkorcsolya protektor - melyiket v\u00e1laszd? V\u00e1s\u00e1rl\u00e1si \u00fatmutat\u00f3 - Sportano.hu Blog","og_description":"A g\u00f6rkorcsolya protektoroknak minden versenyz\u0151 felszerel\u00e9s\u00e9nek elemi r\u00e9sz\u00e9t kell k\u00e9pezni\u00fck, k\u00e9pess\u00e9gi szintt\u0151l f\u00fcggetlen\u00fcl. A megfelel\u0151en ell\u00e1tott v\u00e9d\u0151felszerel\u00e9s lehet\u0151v\u00e9 teszi a biztons\u00e1gos k\u00f6zleked\u00e9st m\u00e1s k\u00f6zleked\u0151k k\u00f6z\u00f6tt, a bukkan\u00f3kkal \u00e9s dombokkal teli fel\u00fcleteken, ezenk\u00edv\u00fcl cs\u00f6kkenti az \u00faj k\u00e9szs\u00e9gek elsaj\u00e1t\u00edt\u00e1s\u00e1val j\u00e1r\u00f3 kock\u00e1zatokat. Tudd meg, milyen g\u00f6rkorcsolya protektort \u00e9rdemes beszerezned, \u00e9s mit \u00e9rdemes figyelembe venned a v\u00e1s\u00e1rl\u00e1s sor\u00e1n. G\u00f6rkorcsolya [&hellip;]","og_url":"https:\/\/sportano.hu\/blog\/gorkorcsolya-protektor-melyiket-valaszd-vasarlasi-utmutato\/","article_published_time":"2024-04-19T10:55:42+00:00","article_modified_time":"2025-07-18T08:24:35+00:00","og_image":[{"width":816,"height":426,"url":"http:\/\/sportano.hu\/blog\/wp-content\/uploads\/2024\/04\/gdi-66224db4a4632.png","type":"image\/png"}],"author":"Sylwia Stwora-Petela","twitter_card":"summary_large_image","twitter_misc":{"Szerz\u0151:":"Sylwia Stwora-Petela","Becs\u00fclt olvas\u00e1si id\u0151":"7 perc"},"schema":{"@context":"https:\/\/schema.org","@graph":[{"@type":"Article","@id":"https:\/\/sportano.hu\/blog\/gorkorcsolya-protektor-melyiket-valaszd-vasarlasi-utmutato\/#article","isPartOf":{"@id":"https:\/\/sportano.hu\/blog\/gorkorcsolya-protektor-melyiket-valaszd-vasarlasi-utmutato\/"},"author":{"name":"Sylwia Stwora-Petela","@id":"https:\/\/sportano.hu\/blog\/#\/schema\/person\/71cc03e69d6c63d290e6365378f2deab"},"headline":"G\u00f6rkorcsolya protektor &#8211; melyiket v\u00e1laszd? V\u00e1s\u00e1rl\u00e1si \u00fatmutat\u00f3","datePublished":"2024-04-19T10:55:42+00:00","dateModified":"2025-07-18T08:24:35+00:00","mainEntityOfPage":{"@id":"https:\/\/sportano.hu\/blog\/gorkorcsolya-protektor-melyiket-valaszd-vasarlasi-utmutato\/"},"wordCount":1847,"publisher":{"@id":"https:\/\/sportano.hu\/blog\/#organization"},"image":{"@id":"https:\/\/sportano.hu\/blog\/gorkorcsolya-protektor-melyiket-valaszd-vasarlasi-utmutato\/#primaryimage"},"thumbnailUrl":"https:\/\/sportano.hu\/blog\/wp-content\/uploads\/2024\/04\/gdi-66224db4a4632.png","articleSection":["Korcsoly\u00e1z\u00e1s"],"inLanguage":"hu"},{"@type":"WebPage","@id":"https:\/\/sportano.hu\/blog\/gorkorcsolya-protektor-melyiket-valaszd-vasarlasi-utmutato\/","url":"https:\/\/sportano.hu\/blog\/gorkorcsolya-protektor-melyiket-valaszd-vasarlasi-utmutato\/","name":"G\u00f6rkorcsolya protektor - melyiket v\u00e1laszd? V\u00e1s\u00e1rl\u00e1si \u00fatmutat\u00f3 - Sportano.hu Blog","isPartOf":{"@id":"https:\/\/sportano.hu\/blog\/#website"},"primaryImageOfPage":{"@id":"https:\/\/sportano.hu\/blog\/gorkorcsolya-protektor-melyiket-valaszd-vasarlasi-utmutato\/#primaryimage"},"image":{"@id":"https:\/\/sportano.hu\/blog\/gorkorcsolya-protektor-melyiket-valaszd-vasarlasi-utmutato\/#primaryimage"},"thumbnailUrl":"https:\/\/sportano.hu\/blog\/wp-content\/uploads\/2024\/04\/gdi-66224db4a4632.png","datePublished":"2024-04-19T10:55:42+00:00","dateModified":"2025-07-18T08:24:35+00:00","breadcrumb":{"@id":"https:\/\/sportano.hu\/blog\/gorkorcsolya-protektor-melyiket-valaszd-vasarlasi-utmutato\/#breadcrumb"},"inLanguage":"hu","potentialAction":[{"@type":"ReadAction","target":["https:\/\/sportano.hu\/blog\/gorkorcsolya-protektor-melyiket-valaszd-vasarlasi-utmutato\/"]}]},{"@type":"ImageObject","inLanguage":"hu","@id":"https:\/\/sportano.hu\/blog\/gorkorcsolya-protektor-melyiket-valaszd-vasarlasi-utmutato\/#primaryimage","url":"https:\/\/sportano.hu\/blog\/wp-content\/uploads\/2024\/04\/gdi-66224db4a4632.png","contentUrl":"https:\/\/sportano.hu\/blog\/wp-content\/uploads\/2024\/04\/gdi-66224db4a4632.png","width":816,"height":426,"caption":"Gyerek k\u00e9k sisakban \u00e9s g\u00f6rkorcsoly\u00e1ban sz\u00e1guld a betonon"},{"@type":"BreadcrumbList","@id":"https:\/\/sportano.hu\/blog\/gorkorcsolya-protektor-melyiket-valaszd-vasarlasi-utmutato\/#breadcrumb","itemListElement":[{"@type":"ListItem","position":1,"name":"F\u0151oldal","item":"https:\/\/sportano.hu\/blog\/"},{"@type":"ListItem","position":2,"name":"G\u00f6rkorcsolya protektor &#8211; melyiket v\u00e1laszd? V\u00e1s\u00e1rl\u00e1si \u00fatmutat\u00f3"}]},{"@type":"WebSite","@id":"https:\/\/sportano.hu\/blog\/#website","url":"https:\/\/sportano.hu\/blog\/","name":"","description":"","publisher":{"@id":"https:\/\/sportano.hu\/blog\/#organization"},"potentialAction":[{"@type":"SearchAction","target":{"@type":"EntryPoint","urlTemplate":"https:\/\/sportano.hu\/blog\/?s={search_term_string}"},"query-input":{"@type":"PropertyValueSpecification","valueRequired":true,"valueName":"search_term_string"}}],"inLanguage":"hu"},{"@type":"Organization","@id":"https:\/\/sportano.hu\/blog\/#organization","name":"Sportano.pl","url":"https:\/\/sportano.hu\/blog\/","logo":{"@type":"ImageObject","inLanguage":"hu","@id":"https:\/\/sportano.hu\/blog\/#\/schema\/logo\/image\/","url":"http:\/\/sportano.hu\/blog\/wp-content\/uploads\/2022\/04\/sportano-blog-logo.png","contentUrl":"http:\/\/sportano.hu\/blog\/wp-content\/uploads\/2022\/04\/sportano-blog-logo.png","width":1200,"height":200,"caption":"Sportano.pl"},"image":{"@id":"https:\/\/sportano.hu\/blog\/#\/schema\/logo\/image\/"}},{"@type":"Person","@id":"https:\/\/sportano.hu\/blog\/#\/schema\/person\/71cc03e69d6c63d290e6365378f2deab","name":"Sylwia Stwora-Petela","image":{"@type":"ImageObject","inLanguage":"hu","@id":"https:\/\/sportano.hu\/blog\/#\/schema\/person\/image\/","url":"https:\/\/sportano.hu\/blog\/wp-content\/uploads\/nsl_avatars\/52d3b69495b3bb32dafd1c9e4d45ef6f.png","contentUrl":"https:\/\/sportano.hu\/blog\/wp-content\/uploads\/nsl_avatars\/52d3b69495b3bb32dafd1c9e4d45ef6f.png","caption":"Sylwia Stwora-Petela"}}]}},"_links":{"self":[{"href":"https:\/\/sportano.hu\/blog\/wp-json\/wp\/v2\/posts\/2186","targetHints":{"allow":["GET"]}}],"collection":[{"href":"https:\/\/sportano.hu\/blog\/wp-json\/wp\/v2\/posts"}],"about":[{"href":"https:\/\/sportano.hu\/blog\/wp-json\/wp\/v2\/types\/post"}],"author":[{"embeddable":true,"href":"https:\/\/sportano.hu\/blog\/wp-json\/wp\/v2\/users\/7"}],"replies":[{"embeddable":true,"href":"https:\/\/sportano.hu\/blog\/wp-json\/wp\/v2\/comments?post=2186"}],"version-history":[{"count":4,"href":"https:\/\/sportano.hu\/blog\/wp-json\/wp\/v2\/posts\/2186\/revisions"}],"predecessor-version":[{"id":2980,"href":"https:\/\/sportano.hu\/blog\/wp-json\/wp\/v2\/posts\/2186\/revisions\/2980"}],"wp:featuredmedia":[{"embeddable":true,"href":"https:\/\/sportano.hu\/blog\/wp-json\/wp\/v2\/media\/2190"}],"wp:attachment":[{"href":"https:\/\/sportano.hu\/blog\/wp-json\/wp\/v2\/media?parent=2186"}],"wp:term":[{"taxonomy":"category","embeddable":true,"href":"https:\/\/sportano.hu\/blog\/wp-json\/wp\/v2\/categories?post=2186"},{"taxonomy":"post_tag","embeddable":true,"href":"https:\/\/sportano.hu\/blog\/wp-json\/wp\/v2\/tags?post=2186"}],"curies":[{"name":"wp","href":"https:\/\/api.w.org\/{rel}","templated":true}]}}