{"id":354,"date":"2022-05-31T12:28:11","date_gmt":"2022-05-31T12:28:11","guid":{"rendered":"https:\/\/sportano.hu\/blog\/mi-az-az-mtb-kerekpar-melyik-mountain-bike-modellt-valasszuk-es-mire-figyeljunk-bevasarlasi-utmutato-2\/"},"modified":"2025-07-18T09:14:53","modified_gmt":"2025-07-18T09:14:53","slug":"mi-az-az-mtb-kerekpar-melyik-mountain-bike-modellt-valasszuk-es-mire-figyeljunk-bevasarlasi-utmutato","status":"publish","type":"post","link":"https:\/\/sportano.hu\/blog\/mi-az-az-mtb-kerekpar-melyik-mountain-bike-modellt-valasszuk-es-mire-figyeljunk-bevasarlasi-utmutato\/","title":{"rendered":"Mi az az MTB ker\u00e9kp\u00e1r? Melyik mountain bike modellt v\u00e1lasszuk \u00e9s mire figyelj\u00fcnk? Bev\u00e1s\u00e1rl\u00e1si \u00fatmutat\u00f3"},"content":{"rendered":"<p style=\"text-align: start;\"><strong>A hegyi \u00f6sv\u00e9nyek, a gyors lejt\u0151k \u00e9s az ig\u00e9nyes terepek azok a helyek, ahol egy MTB ker\u00e9kp\u00e1r bizony\u00edtani tudja a haszn\u00e1t. Mi az az MTB \u00e9s miben k\u00fcl\u00f6nb\u00f6zik a hegyiker\u00e9kp\u00e1rt\u00f3l? N\u00e9zze meg az \u00e1ltalunk k\u00e9sz\u00edtett \u00fatmutat\u00f3t, \u00e9s v\u00e1lassza ki a legjobb MTB ker\u00e9kp\u00e1rt<\/strong>.<\/p>\n<h2>MTB: mit jelent?<\/h2>\n<p style=\"text-align: start;\">A gy\u00e1rt\u00f3k folyamatosan t\u00falsz\u00e1rnyalj\u00e1k magukat az \u00faj ker\u00e9kp\u00e1rmodellek megalkot\u00e1s\u00e1ban, \u00edgy az \u00f6sszes elnevez\u00e9s meg\u00e9rt\u00e9se neh\u00e9z lehet. Ahhoz, hogy a legjobb ker\u00e9kp\u00e1rt v\u00e1laszthassa ki, \u00e9rdemes tudni, mi is az az MTB. A teljes r\u00f6vid\u00edt\u00e9s Mountain Terrain Bike, ami hegyi ker\u00e9kp\u00e1rt jelent. Az MTB-t hegyi ker\u00e9kp\u00e1rnak is nevezik.<\/p>\n<h2>Mire haszn\u00e1lj\u00e1k az MTB-ket?<\/h2>\n<p style=\"text-align: start;\">Sok ker\u00e9kp\u00e1rozni v\u00e1gy\u00f3 v\u00e1lasztja az \u00fagynevezett hegyi ker\u00e9kp\u00e1rokat sokoldal\u00fas\u00e1guk miatt. Remek v\u00e1laszt\u00e1s meredek lejt\u0151k\u00f6n \u00e9s vadreg\u00e9nyes erdei ter\u00fcleteken val\u00f3 lovagl\u00e1shoz egyar\u00e1nt. Egyedi fel\u00e9p\u00edt\u00e9s\u00fcknek k\u00f6sz\u00f6nhet\u0151en az MTB ker\u00e9kp\u00e1rok kis forgalm\u00fa utakon \u00e9s neh\u00e9z terepen is haszn\u00e1lhat\u00f3k. A sz\u00e9les \u00e9s tart\u00f3s gumiabroncsok garant\u00e1lj\u00e1k a biztons\u00e1gos utaz\u00e1st, m\u00e9g a g\u00f6r\u00f6ngy\u00f6s, szikl\u00e1s utakon is. Az MTB modellek t\u00f6k\u00e9letes v\u00e1laszt\u00e1s, ha olyan ker\u00e9kp\u00e1rt keresel, amellyel biztons\u00e1gosan \u00e9s k\u00e9nyelmesen tekerhetsz a r\u00e1z\u00f3s utakon.A hegyiker\u00e9kp\u00e1rokat felhaszn\u00e1l\u00e1suk \u00e9s szak\u00e1guk szerint lehet kategoriz\u00e1lni:<\/p>\n<ul class=\"parent-of-p\">\n<li>\n<p style=\"text-align: start;\">Lejtmenet &#8211; lehet\u0151v\u00e9 teszi, hogy id\u0151ben teljes\u00edts egy meredek lejtmenetet;<\/p>\n<\/li>\n<\/ul>\n<ul class=\"parent-of-p\">\n<li>\n<p style=\"text-align: start;\">Enduro &#8211; az \u00fatvonal neh\u00e9z terepen t\u00f6rt\u00e9n\u0151 ereszked\u00e9seket \u00e9s emelked\u0151ket tartalmaz;<\/p>\n<\/li>\n<\/ul>\n<ul class=\"parent-of-p\">\n<li>\n<p style=\"text-align: start;\">Cross-country &#8211; sokf\u00e9le \u00fatvonalat egyes\u00edt, az erre a szak\u00e1gra sz\u00e1nt ker\u00e9kp\u00e1rok lehetnek sportosak \u00e9s t\u00farabring\u00e1k;<\/p>\n<\/li>\n<\/ul>\n<ul class=\"parent-of-p\">\n<li>\n<p style=\"text-align: start;\">Trail &#8211; ez a ker\u00e9kp\u00e1rt\u00edpus lehet\u0151v\u00e9 teszi a technikailag fejlett p\u00e1ly\u00e1k megh\u00f3d\u00edt\u00e1s\u00e1t;<\/p>\n<\/li>\n<\/ul>\n<ul class=\"parent-of-p\">\n<li>\n<p style=\"text-align: start;\">Freeride &#8211; nincs korl\u00e1toz\u00e1s az \u00fatvonal el\u0151k\u00e9sz\u00edt\u00e9s\u00e9ben, az ilyen t\u00edpus\u00fa ker\u00e9kp\u00e1roknak minden terhel\u00e9snek ellen kell \u00e1llniuk.<\/p>\n<\/li>\n<\/ul>\n<p style=\"text-align: start;\">Ezek a sokoldal\u00fa ker\u00e9kp\u00e1rok a v\u00e1roson k\u00edv\u00fcli h\u00e9tv\u00e9gi kir\u00e1ndul\u00e1sokon \u00e9s a vadonban egyar\u00e1nt otthonosan mozognak. K\u00e9nyelmesen fogsz motorozni, m\u00e9g akkor is, ha egy sima erdei \u00f6sv\u00e9ny hirtelen bukkan\u00f3kkal \u00e9s kih\u00edv\u00e1st jelent\u0151 emelked\u0151kkel teli p\u00e1ly\u00e1v\u00e1 v\u00e1ltozik.<\/p>\n<h2>Kinek val\u00f3 az MTB ker\u00e9kp\u00e1r?<\/h2>\n<p style=\"text-align: start;\">Az MTB ker\u00e9kp\u00e1rok nem csak extr\u00e9m sportol\u00f3knak vagy terepversenyz\u0151knek val\u00f3k. A tart\u00f3s \u00e9s robusztus konstrukci\u00f3 \u00e9s a kiv\u00e1l\u00f3 \u00fct\u00e9scsillap\u00edt\u00e1s csak n\u00e9h\u00e1ny a hegyiker\u00e9kp\u00e1rok el\u0151nyei k\u00f6z\u00fcl. Ezek a sokoldal\u00fa ker\u00e9kp\u00e1rok t\u00f6k\u00e9letesek a szabadt\u00e9ri sportok szerelmeseinek \u00e9s azoknak, akik neh\u00e9z terepre keresnek ker\u00e9kp\u00e1rt. Ha megb\u00edzhat\u00f3 ker\u00e9kp\u00e1rra van sz\u00fcks\u00e9ge meredek emelked\u0151kh\u00f6z, vagy olyanra, amely elk\u00eds\u00e9ri \u00d6nt spont\u00e1n kir\u00e1ndul\u00e1sokra ismeretlen c\u00e9lpontokhoz, v\u00e1lasszon egy MTB modellt.<\/p>\n<p style=\"text-align: start;\"><img loading=\"lazy\" decoding=\"async\" class=\"attachment-large alignnone\" src=\"http:\/\/sportano.hu\/blog\/wp-content\/uploads\/2022\/05\/2Fh3_X0rHL9ro0sSsc81KR3HeMj4_-fRbOxWx1HtuYEx2vicEA3-ookqmWu4pSGn1jWWPPKiXOHemA0JGqcb6P2NzDqf5njk9HNVOh2SShx4bAiS5ilVedAxCrXTlnIHCXSWdmkJudIPaQLZjQvcvyYjR2eSAEELPyszzw-h4sgNr.tmp_-1024x683.jpeg\" alt=\"Egy ker\u00e9kp\u00e1ros technik\u00e1s szikl\u00e1n gurul le mountain bike-j\u00e1val\" width=\"1024\" height=\"683\" \/><\/p>\n<h2>MTB kiv\u00e1laszt\u00e1sa: mire kell figyelni?<\/h2>\n<p style=\"text-align: start;\">Ha eld\u00f6nt\u00f6tte, hogy egy MTB ker\u00e9kp\u00e1r a megfelel\u0151 \u00d6nnek, ismerje meg a legfontosabb krit\u00e9riumokat, hogy tudja, hogyan v\u00e1lassza ki a legjobb mountain bike-ot. El\u0151sz\u00f6r is, a ker\u00e9kp\u00e1rt az \u00d6n egy\u00e9ni vezet\u00e9si st\u00edlus\u00e1hoz \u00e9s testalkat\u00e1hoz kell igaz\u00edtani. A k\u00e9nyelmes, biztons\u00e1gos \u00e9s sz\u00f3rakoztat\u00f3 ker\u00e9kp\u00e1roz\u00e1s \u00e9rdek\u00e9ben a v\u00e1zm\u00e9retnek megfelel\u0151en kell illeszkednie az \u00d6n magass\u00e1g\u00e1hoz \u00e9s testalkat\u00e1hoz. Tekintse meg \u00fatmutat\u00f3nkat a megfelel\u0151 ker\u00e9kp\u00e1rv\u00e1zm\u00e9ret kiv\u00e1laszt\u00e1s\u00e1r\u00f3l: <u>Hogyan v\u00e1lasszunk ker\u00e9kp\u00e1rkeretet feln\u0151tt \u00e9s gyermek magass\u00e1ghoz? &#8211; Sportano.hu<\/u>.<\/p>\n<p style=\"text-align: start;\">Az MTB ker\u00e9kp\u00e1rok a rendeltet\u00e9s\u00fcknek megfelel\u0151en k\u00fcl\u00f6nb\u00f6z\u0151 specifik\u00e1ci\u00f3kkal \u00e9s felszerelts\u00e9ggel rendelkeznek. A hegyvid\u00e9ki terepeken val\u00f3 gyors ereszked\u00e9sek kedvel\u0151inek r\u00f6videbb v\u00e1zzal, nagy t\u00e1rcsaf\u00e9kekkel \u00e9s szil\u00e1rd leng\u00e9scsillap\u00edt\u00f3kkal rendelkez\u0151 ker\u00e9kp\u00e1rokat kell v\u00e1lasztaniuk, amelyek megfelel\u0151 stabilit\u00e1st biztos\u00edtanak az intenz\u00edv lovagl\u00e1s sor\u00e1n. A merev v\u00e1zzal \u00e9s k\u00f6nny\u0171 szerkezettel rendelkez\u0151 hegyiker\u00e9kp\u00e1rok kezd\u0151k sz\u00e1m\u00e1ra alkalmasak. Az ilyen modelleket sokoldal\u00fas\u00e1guk jellemzi.<\/p>\n<p style=\"text-align: start;\">Az MTB ker\u00e9kp\u00e1r kiv\u00e1laszt\u00e1s\u00e1n\u00e1l a k\u00f6vetkez\u0151 fontos szempontok \u00e9rv\u00e9nyesek:<\/p>\n<ul class=\"parent-of-p\">\n<li>\n<p style=\"text-align: start;\"><u>Ker\u00e9km\u00e9ret: a <\/u>24 \u00e9s 26 h\u00fcvelykes mountain bike-ok a juniorok \u00e9s az alacsonyabb emberek sz\u00e1m\u00e1ra k\u00e9sz\u00fcltek. Feln\u0151ttek sz\u00e1m\u00e1ra a 27,5 h\u00fcvelykes \u00e9s a 29 h\u00fcvelykes ker\u00e9kp\u00e1rok a megfelel\u0151 v\u00e1laszt\u00e1s. Ha nagy man\u0151verezhet\u0151s\u00e9gre v\u00e1gyik, \u00e9rdemes kisebb kerekeket v\u00e1lasztani. M\u00e1sr\u00e9szt a nagyobb kerekek lehet\u0151v\u00e9 teszik, hogy gyorsabban tekerjen, \u00e9s kevesebb rezg\u00e9st \u00e9rezzen az egyenetlen terepen.<\/p>\n<\/li>\n<\/ul>\n<ul class=\"parent-of-p\">\n<li>\n<p style=\"text-align: start;\"><u>A konstrukci\u00f3 anyaga: A <\/u>legn\u00e9pszer\u0171bb ker\u00e9kp\u00e1rok v\u00e1za alum\u00edniumb\u00f3l k\u00e9sz\u00fcl. Az ilyen modellek k\u00f6nny\u0171ek \u00e9s tart\u00f3sak, viszonylag alacsony \u00e1ron. A halad\u00f3k \u00e9s a legig\u00e9nyesebbek sz\u00e1m\u00e1ra a legjobb v\u00e1laszt\u00e1s a karbonv\u00e1zas ker\u00e9kp\u00e1rok lesznek. Tart\u00f3sak, kiv\u00e1l\u00f3 rezg\u00e9scsillap\u00edt\u00e1ssal rendelkeznek, \u00e9s kis s\u00falyuk el\u0151seg\u00edti a lehet\u0151 legjobb eredm\u00e9nyek el\u00e9r\u00e9s\u00e9t.<\/p>\n<\/li>\n<\/ul>\n<ul class=\"parent-of-p\">\n<li>\n<p style=\"text-align: start;\"><u>Ker\u00e9kp\u00e1r hajt\u00e1sl\u00e1nc:<\/u> A legt\u00f6bb szabadid\u0151s \u00e9s k\u00f6z\u00e9phalad\u00f3 edz\u0151 sz\u00e1m\u00e1ra az optim\u00e1lis v\u00e1laszt\u00e1s a jap\u00e1n Shimano c\u00e9g hajt\u00e1sl\u00e1nca lesz. Egyes modellekhez a gy\u00e1rt\u00f3k a SRAM hajt\u00e1sl\u00e1nc\u00e1t is k\u00edn\u00e1lj\u00e1k. Mindk\u00e9t m\u00e1rka kiv\u00e1l\u00f3 min\u0151s\u00e9g\u0171 tartoz\u00e9kokat k\u00edn\u00e1l. A kezd\u0151k \u00e9s a k\u00f6z\u00e9phalad\u00f3k sz\u00e1m\u00e1ra a 2x \u00e9s 3x hajt\u00e1sl\u00e1ncok a megfelel\u0151 v\u00e1laszt\u00e1s, mivel ezek lehet\u0151v\u00e9 teszik a hat\u00e9kony mozg\u00e1st az ig\u00e9nyes terepen. Halad\u00f3 motorosok sz\u00e1m\u00e1ra az egysoros 1x hajt\u00e1sl\u00e1ncokat aj\u00e1nljuk, amelyekben a sebess\u00e9gv\u00e1lt\u00e1s egyetlen karral t\u00f6rt\u00e9nik, \u00e9s a l\u00e1nc csak a h\u00e1ts\u00f3 l\u00e1ncker\u00e9kkel k\u00f6zlekedik. Ez lehet\u0151v\u00e9 teszi a gyorsabb sebess\u00e9gv\u00e1lt\u00e1st \u00e9s a meghib\u00e1sod\u00e1s alacsony kock\u00e1zat\u00e1t. C\u00e9lszer\u0171 a lovas egy\u00e9ni ig\u00e9nyeihez igazod\u00f3 hajt\u00e1st v\u00e1lasztani.<\/p>\n<\/li>\n<\/ul>\n<ul class=\"parent-of-p\">\n<li>\n<p style=\"text-align: start;\"><u>F\u00e9kek: <\/u>H\u00e1romf\u00e9le f\u00e9k l\u00e9tezik: V-f\u00e9k, mechanikus t\u00e1rcsaf\u00e9k \u00e9s hidraulikus t\u00e1rcsaf\u00e9k. Azok sz\u00e1m\u00e1ra, akik ig\u00e9nytelen \u00fatvonalakon haszn\u00e1lj\u00e1k a ker\u00e9kp\u00e1rt, a V-f\u00e9kek lehetnek a megfelel\u0151 v\u00e1laszt\u00e1s. A jobb min\u0151s\u00e9g\u0171 ker\u00e9kp\u00e1rokon nagyon j\u00f3 param\u00e9terekkel rendelkez\u0151 mechanikus t\u00e1rcsaf\u00e9keket tal\u00e1l. N\u00e9pszer\u0171ek, ez\u00e9rt szervizel\u00e9s\u00fck \u00e9s jav\u00edt\u00e1suk nem bonyolult. A legig\u00e9nyesebb ker\u00e9kp\u00e1rosok sz\u00e1m\u00e1ra aj\u00e1nljuk a hidraulikus t\u00e1rcsaf\u00e9keket, amelyeket a nagy pontoss\u00e1g \u00e9s a hat\u00e9kony m\u0171k\u00f6d\u00e9s jellemez.<\/p>\n<\/li>\n<\/ul>\n<ul class=\"parent-of-p\">\n<li>\n<p style=\"text-align: start;\"><u>Ped\u00e1lok:<\/u> A ker\u00e9kp\u00e1rok a vezet\u00e9si st\u00edlust\u00f3l \u00e9s a sport\u00e1g t\u00edpus\u00e1t\u00f3l f\u00fcgg\u0151en klipsz n\u00e9lk\u00fcli \u00e9s platformped\u00e1lokkal is kaphat\u00f3k. Azok sz\u00e1m\u00e1ra, akik nem szeretn\u00e9k, hogy a l\u00e1bbelij\u00fck a ker\u00e9kp\u00e1rhoz kapcsol\u00f3djon, a platformped\u00e1lok a legelterjedtebb v\u00e1laszt\u00e1s. Ezek lehet\u0151v\u00e9 teszik az egykerek\u0171r\u0151l val\u00f3 gyors lesz\u00e1ll\u00e1st. Az MTB-rajong\u00f3k t\u00f6bbs\u00e9ge a klipsz n\u00e9lk\u00fcli ped\u00e1lokat (SPD) v\u00e1lasztja, amelyek hat\u00e9kony er\u0151\u00e1tvitelt tesznek lehet\u0151v\u00e9 \u00e9s megfelel\u0151 stabilit\u00e1st garant\u00e1lnak, ami k\u00fcl\u00f6n\u00f6sen a dinamikus emelked\u0151k \u00e9s lejt\u0151k sor\u00e1n fontos. Felh\u00edvjuk figyelm\u00e9t, hogy az SPD ped\u00e1lok speci\u00e1lis l\u00e1bbelit ig\u00e9nyelnek.<\/p>\n<\/li>\n<\/ul>\n<ul class=\"parent-of-p\">\n<li>\n<p style=\"text-align: start;\"><u>Ker\u00e9kp\u00e1rv\u00e1z:<\/u> Az MTB ker\u00e9kp\u00e1rokat f\u00e9rfi \u00e9s n\u0151i ker\u00e9kp\u00e1rokk\u00e9nt \u00edrj\u00e1k le, ez azonban nem jelent nemspecifikus c\u00e9lt. A v\u00e1zszerkezetben az a k\u00fcl\u00f6nbs\u00e9g, hogy a f\u00e9rfi ker\u00e9kp\u00e1rok v\u00e1za lefel\u00e9 lejt, m\u00edg a n\u0151i ker\u00e9kp\u00e1rok\u00e9 ink\u00e1bb felfel\u00e9 lejt. Ezenk\u00edv\u00fcl a f\u00e9rfi ker\u00e9kp\u00e1rok robusztusabbak, m\u00edg a n\u0151i ker\u00e9kp\u00e1rok k\u00f6nnyebbek.<\/p>\n<\/li>\n<\/ul>\n<h2>A legn\u00e9pszer\u0171bb MTB ker\u00e9kp\u00e1rok<\/h2>\n<p style=\"text-align: start;\">Az MTB ker\u00e9kp\u00e1rok egyre n\u00e9pszer\u0171bbek, \u00e9s a ker\u00e9kp\u00e1roz\u00e1s szerelmesei t\u00f6bbc\u00e9l\u00fa jelleg\u00fck miatt \u00e9rt\u00e9kelik \u0151ket. Lehet\u0151v\u00e9 teszik az izgalmas enduro \u00e9s terepj\u00e1r\u00f3 \u00fatvonalak megh\u00f3d\u00edt\u00e1s\u00e1t, \u00e9s t\u00f6k\u00e9letesek a h\u00e9tv\u00e9gi kir\u00e1ndul\u00e1sokhoz, amelyek sor\u00e1n kipihenheti a v\u00e1ros ny\u00fczsg\u00e9s\u00e9t.<\/p>\n<h3>N\u00e9pszer\u0171 MTB ker\u00e9kp\u00e1rok Orbea<\/h3>\n<p style=\"text-align: start;\">Azok sz\u00e1m\u00e1ra, akik t\u00f6bbc\u00e9l\u00fa modellt keresnek, \u00e9s elv\u00e1rj\u00e1k, hogy szabadon v\u00e1laszthass\u00e1k meg az \u00fatvonal t\u00edpus\u00e1t, egy olyan ker\u00e9kp\u00e1r az optim\u00e1lis v\u00e1laszt\u00e1s, amely minden k\u00f6r\u00fclm\u00e9nyek k\u00f6z\u00f6tt garant\u00e1lja a biztons\u00e1gos \u00e9s \u00e9lvezetes utaz\u00e1st. Ezeknek a krit\u00e9riumoknak az <strong>Orbea MX 27 40 <\/strong>k\u00f6nny\u0171 \u00e9s tart\u00f3s alum\u00ednium v\u00e1z\u00e1val megfelel. A szerelt SR Suntour villa prec\u00edz korm\u00e1nyz\u00e1st tesz lehet\u0151v\u00e9, a bels\u0151 k\u00e1belvezet\u00e9s pedig hozz\u00e1j\u00e1rul a kiv\u00e1l\u00f3 teljes\u00edtm\u00e9nyhez.<\/p>\n<p style=\"text-align: start;\">M\u00e1sr\u00e9szt, a j\u00f3l ismert Shimano m\u00e1rka hidraulikus t\u00e1rcsaf\u00e9keivel felszerelt <strong>Orbea Onna 50 <\/strong>kiegyens\u00falyozott geometri\u00e1val \u00e9s kiv\u00e1l\u00f3 kezelhet\u0151s\u00e9ggel kit\u0171n\u0151 v\u00e1laszt\u00e1s a kezd\u0151 MTB ker\u00e9kp\u00e1roz\u00e1s szerelmeseinek.<\/p>\n<p style=\"text-align: start;\">A dinamikus, sz\u00e1mos kanyarral tark\u00edtott lejt\u0151k szerelmeseinek az <strong>Orbea Laufey H10<\/strong> hegyiker\u00e9kp\u00e1rra kell figyelni\u00fck. Az alum\u00edniumcs\u00f6vek alakj\u00e1t \u00e9s falvastags\u00e1g\u00e1t m\u00f3dos\u00edtott\u00e1k enn\u00e9l a modelln\u00e9l, ami hozz\u00e1j\u00e1rul a szerkezet kiv\u00e1l\u00f3 szil\u00e1rds\u00e1g\u00e1hoz \u00e9s tart\u00f3ss\u00e1g\u00e1hoz.<\/p>\n<h3>MTB elektromos ker\u00e9kp\u00e1rok<\/h3>\n<p style=\"text-align: start;\">Azok sz\u00e1m\u00e1ra, akik a legmagasabb szintre szeretn\u00e9k emelni a motoroz\u00e1st, az elektromos mountain bike-ok a t\u00f6k\u00e9letes v\u00e1laszt\u00e1s. Egy modern <strong>Orbea Wild FS H10<\/strong> ker\u00e9kp\u00e1rral k\u00e9nyelmesen tehet meg kilom\u00e9tereket, f\u00fcggetlen\u00fcl a terepviszonyokt\u00f3l. Egy elektromos r\u00e1seg\u00edt\u00e9s\u0171 MTB-nek elegend\u0151 energi\u00e1t kell termelnie ahhoz, hogy b\u00e1rmilyen terep ig\u00e9nyeinek megfeleljen. Ez\u00e9rt ez az Orbea ker\u00e9kp\u00e1r a Bosch Performance CX fejlett motorj\u00e1t haszn\u00e1lja, amely 250 wattos optim\u00e1lis teljes\u00edtm\u00e9nyt \u00e9s 85 Nm maxim\u00e1lis nyomat\u00e9kot biztos\u00edt.<\/p>\n<p style=\"text-align: start;\">Az <strong>Ecobike RX500 17,5Ah-s<\/strong> mountain bike ker\u00e9kp\u00e1rral a legig\u00e9nyesebb \u00fatvonalakon is megk\u00fczdhetsz. Az RST\u00ae Omega TNL TAPERED leng\u00e9scsillap\u00edt\u00f3kkal ell\u00e1tott robusztus konstrukci\u00f3 megfelel\u0151 stabilit\u00e1st \u00e9s biztons\u00e1got garant\u00e1l. Az Ananda\u00ae motor ak\u00e1r 960 wattot is k\u00e9pes leadni meredek emelked\u0151k\u00f6n.<\/p>\n<p style=\"text-align: start;\">A Sportano.hu megtal\u00e1lja a legjobb elektromos mountain bike-ot, hogy minden k\u00f6r\u00fclm\u00e9nyek k\u00f6z\u00f6tt dinamikus \u00e9s nyugodt utaz\u00e1st \u00e9lvezhessen. Szak\u00e9rt\u0151i csapatunk k\u00e9szen \u00e1ll arra, hogy minden sz\u00fcks\u00e9ges tan\u00e1csot megadjon \u00d6nnek, hogy kiv\u00e1laszthassa az \u00d6n ig\u00e9nyeinek \u00e9s elv\u00e1r\u00e1sainak megfelel\u0151 t\u00f6k\u00e9letes MTB-t.<\/p>\n<p style=\"text-align: start;\">\n","protected":false},"excerpt":{"rendered":"<p>A hegyi \u00f6sv\u00e9nyek, a gyors lejt\u0151k \u00e9s az ig\u00e9nyes terepek azok a helyek, ahol egy MTB ker\u00e9kp\u00e1r bizony\u00edtani tudja a haszn\u00e1t. Mi az az MTB \u00e9s miben k\u00fcl\u00f6nb\u00f6zik a hegyiker\u00e9kp\u00e1rt\u00f3l? N\u00e9zze meg az \u00e1ltalunk k\u00e9sz\u00edtett \u00fatmutat\u00f3t, \u00e9s v\u00e1lassza ki a legjobb MTB ker\u00e9kp\u00e1rt. MTB: mit jelent? A gy\u00e1rt\u00f3k folyamatosan t\u00falsz\u00e1rnyalj\u00e1k magukat az \u00faj ker\u00e9kp\u00e1rmodellek megalkot\u00e1s\u00e1ban, [&hellip;]<\/p>\n","protected":false},"author":11,"featured_media":357,"comment_status":"closed","ping_status":"closed","sticky":false,"template":"","format":"standard","meta":{"_acf_changed":false,"footnotes":""},"categories":[28],"tags":[],"class_list":["post-354","post","type-post","status-publish","format-standard","has-post-thumbnail","hentry","category-kerkparok"],"acf":[],"yoast_head":"<!-- This site is optimized with the Yoast SEO plugin v27.1.1 - https:\/\/yoast.com\/product\/yoast-seo-wordpress\/ -->\n<title>Mi az az MTB ker\u00e9kp\u00e1r? Melyik mountain bike modellt v\u00e1lasszuk \u00e9s mire figyelj\u00fcnk? Bev\u00e1s\u00e1rl\u00e1si \u00fatmutat\u00f3 - Sportano.hu Blog<\/title>\n<meta name=\"robots\" content=\"index, follow, max-snippet:-1, max-image-preview:large, max-video-preview:-1\" \/>\n<link rel=\"canonical\" href=\"https:\/\/sportano.hu\/blog\/mi-az-az-mtb-kerekpar-melyik-mountain-bike-modellt-valasszuk-es-mire-figyeljunk-bevasarlasi-utmutato\/\" \/>\n<meta property=\"og:locale\" content=\"hu_HU\" \/>\n<meta property=\"og:type\" content=\"article\" \/>\n<meta property=\"og:title\" content=\"Mi az az MTB ker\u00e9kp\u00e1r? Melyik mountain bike modellt v\u00e1lasszuk \u00e9s mire figyelj\u00fcnk? Bev\u00e1s\u00e1rl\u00e1si \u00fatmutat\u00f3 - Sportano.hu Blog\" \/>\n<meta property=\"og:description\" content=\"A hegyi \u00f6sv\u00e9nyek, a gyors lejt\u0151k \u00e9s az ig\u00e9nyes terepek azok a helyek, ahol egy MTB ker\u00e9kp\u00e1r bizony\u00edtani tudja a haszn\u00e1t. Mi az az MTB \u00e9s miben k\u00fcl\u00f6nb\u00f6zik a hegyiker\u00e9kp\u00e1rt\u00f3l? N\u00e9zze meg az \u00e1ltalunk k\u00e9sz\u00edtett \u00fatmutat\u00f3t, \u00e9s v\u00e1lassza ki a legjobb MTB ker\u00e9kp\u00e1rt. MTB: mit jelent? A gy\u00e1rt\u00f3k folyamatosan t\u00falsz\u00e1rnyalj\u00e1k magukat az \u00faj ker\u00e9kp\u00e1rmodellek megalkot\u00e1s\u00e1ban, [&hellip;]\" \/>\n<meta property=\"og:url\" content=\"https:\/\/sportano.hu\/blog\/mi-az-az-mtb-kerekpar-melyik-mountain-bike-modellt-valasszuk-es-mire-figyeljunk-bevasarlasi-utmutato\/\" \/>\n<meta property=\"article:published_time\" content=\"2022-05-31T12:28:11+00:00\" \/>\n<meta property=\"article:modified_time\" content=\"2025-07-18T09:14:53+00:00\" \/>\n<meta property=\"og:image\" content=\"http:\/\/sportano.hu\/blog\/wp-content\/uploads\/2022\/05\/1JCFOGIwRIRSqf6jM9lhgzMxuWRW6nmGXJVFi7V-nCNhEfI0Djl62ptvc4P8CjG43f5eUZtA1d5-3PuyAqj-gXT8cDPQSIBq1XNsmPumqO2tTrvoEZvd9h8mB1upF31YFClVytLjbgRtXMmPXMpQdWeb-LR2xshUz463_w-UHEodJ.tmp_.jpeg\" \/>\n\t<meta property=\"og:image:width\" content=\"1385\" \/>\n\t<meta property=\"og:image:height\" content=\"923\" \/>\n\t<meta property=\"og:image:type\" content=\"image\/jpeg\" \/>\n<meta name=\"author\" content=\"Sebastian Dzu\u0142a\" \/>\n<meta name=\"twitter:card\" content=\"summary_large_image\" \/>\n<meta name=\"twitter:label1\" content=\"Szerz\u0151:\" \/>\n\t<meta name=\"twitter:data1\" content=\"Sebastian Dzu\u0142a\" \/>\n\t<meta name=\"twitter:label2\" content=\"Becs\u00fclt olvas\u00e1si id\u0151\" \/>\n\t<meta name=\"twitter:data2\" content=\"7 perc\" \/>\n<!-- \/ Yoast SEO plugin. -->","yoast_head_json":{"title":"Mi az az MTB ker\u00e9kp\u00e1r? Melyik mountain bike modellt v\u00e1lasszuk \u00e9s mire figyelj\u00fcnk? Bev\u00e1s\u00e1rl\u00e1si \u00fatmutat\u00f3 - Sportano.hu Blog","robots":{"index":"index","follow":"follow","max-snippet":"max-snippet:-1","max-image-preview":"max-image-preview:large","max-video-preview":"max-video-preview:-1"},"canonical":"https:\/\/sportano.hu\/blog\/mi-az-az-mtb-kerekpar-melyik-mountain-bike-modellt-valasszuk-es-mire-figyeljunk-bevasarlasi-utmutato\/","og_locale":"hu_HU","og_type":"article","og_title":"Mi az az MTB ker\u00e9kp\u00e1r? Melyik mountain bike modellt v\u00e1lasszuk \u00e9s mire figyelj\u00fcnk? Bev\u00e1s\u00e1rl\u00e1si \u00fatmutat\u00f3 - Sportano.hu Blog","og_description":"A hegyi \u00f6sv\u00e9nyek, a gyors lejt\u0151k \u00e9s az ig\u00e9nyes terepek azok a helyek, ahol egy MTB ker\u00e9kp\u00e1r bizony\u00edtani tudja a haszn\u00e1t. Mi az az MTB \u00e9s miben k\u00fcl\u00f6nb\u00f6zik a hegyiker\u00e9kp\u00e1rt\u00f3l? N\u00e9zze meg az \u00e1ltalunk k\u00e9sz\u00edtett \u00fatmutat\u00f3t, \u00e9s v\u00e1lassza ki a legjobb MTB ker\u00e9kp\u00e1rt. MTB: mit jelent? A gy\u00e1rt\u00f3k folyamatosan t\u00falsz\u00e1rnyalj\u00e1k magukat az \u00faj ker\u00e9kp\u00e1rmodellek megalkot\u00e1s\u00e1ban, [&hellip;]","og_url":"https:\/\/sportano.hu\/blog\/mi-az-az-mtb-kerekpar-melyik-mountain-bike-modellt-valasszuk-es-mire-figyeljunk-bevasarlasi-utmutato\/","article_published_time":"2022-05-31T12:28:11+00:00","article_modified_time":"2025-07-18T09:14:53+00:00","og_image":[{"width":1385,"height":923,"url":"http:\/\/sportano.hu\/blog\/wp-content\/uploads\/2022\/05\/1JCFOGIwRIRSqf6jM9lhgzMxuWRW6nmGXJVFi7V-nCNhEfI0Djl62ptvc4P8CjG43f5eUZtA1d5-3PuyAqj-gXT8cDPQSIBq1XNsmPumqO2tTrvoEZvd9h8mB1upF31YFClVytLjbgRtXMmPXMpQdWeb-LR2xshUz463_w-UHEodJ.tmp_.jpeg","type":"image\/jpeg"}],"author":"Sebastian Dzu\u0142a","twitter_card":"summary_large_image","twitter_misc":{"Szerz\u0151:":"Sebastian Dzu\u0142a","Becs\u00fclt olvas\u00e1si id\u0151":"7 perc"},"schema":{"@context":"https:\/\/schema.org","@graph":[{"@type":"Article","@id":"https:\/\/sportano.hu\/blog\/mi-az-az-mtb-kerekpar-melyik-mountain-bike-modellt-valasszuk-es-mire-figyeljunk-bevasarlasi-utmutato\/#article","isPartOf":{"@id":"https:\/\/sportano.hu\/blog\/mi-az-az-mtb-kerekpar-melyik-mountain-bike-modellt-valasszuk-es-mire-figyeljunk-bevasarlasi-utmutato\/"},"author":{"name":"Sebastian Dzu\u0142a","@id":"https:\/\/sportano.hu\/blog\/#\/schema\/person\/138c8200ea255d63690ed7edde968c06"},"headline":"Mi az az MTB ker\u00e9kp\u00e1r? Melyik mountain bike modellt v\u00e1lasszuk \u00e9s mire figyelj\u00fcnk? Bev\u00e1s\u00e1rl\u00e1si \u00fatmutat\u00f3","datePublished":"2022-05-31T12:28:11+00:00","dateModified":"2025-07-18T09:14:53+00:00","mainEntityOfPage":{"@id":"https:\/\/sportano.hu\/blog\/mi-az-az-mtb-kerekpar-melyik-mountain-bike-modellt-valasszuk-es-mire-figyeljunk-bevasarlasi-utmutato\/"},"wordCount":1915,"publisher":{"@id":"https:\/\/sportano.hu\/blog\/#organization"},"image":{"@id":"https:\/\/sportano.hu\/blog\/mi-az-az-mtb-kerekpar-melyik-mountain-bike-modellt-valasszuk-es-mire-figyeljunk-bevasarlasi-utmutato\/#primaryimage"},"thumbnailUrl":"https:\/\/sportano.hu\/blog\/wp-content\/uploads\/2022\/05\/1JCFOGIwRIRSqf6jM9lhgzMxuWRW6nmGXJVFi7V-nCNhEfI0Djl62ptvc4P8CjG43f5eUZtA1d5-3PuyAqj-gXT8cDPQSIBq1XNsmPumqO2tTrvoEZvd9h8mB1upF31YFClVytLjbgRtXMmPXMpQdWeb-LR2xshUz463_w-UHEodJ.tmp_.jpeg","articleSection":["Ker\u00e9kp\u00e1rok"],"inLanguage":"hu"},{"@type":"WebPage","@id":"https:\/\/sportano.hu\/blog\/mi-az-az-mtb-kerekpar-melyik-mountain-bike-modellt-valasszuk-es-mire-figyeljunk-bevasarlasi-utmutato\/","url":"https:\/\/sportano.hu\/blog\/mi-az-az-mtb-kerekpar-melyik-mountain-bike-modellt-valasszuk-es-mire-figyeljunk-bevasarlasi-utmutato\/","name":"Mi az az MTB ker\u00e9kp\u00e1r? Melyik mountain bike modellt v\u00e1lasszuk \u00e9s mire figyelj\u00fcnk? Bev\u00e1s\u00e1rl\u00e1si \u00fatmutat\u00f3 - Sportano.hu Blog","isPartOf":{"@id":"https:\/\/sportano.hu\/blog\/#website"},"primaryImageOfPage":{"@id":"https:\/\/sportano.hu\/blog\/mi-az-az-mtb-kerekpar-melyik-mountain-bike-modellt-valasszuk-es-mire-figyeljunk-bevasarlasi-utmutato\/#primaryimage"},"image":{"@id":"https:\/\/sportano.hu\/blog\/mi-az-az-mtb-kerekpar-melyik-mountain-bike-modellt-valasszuk-es-mire-figyeljunk-bevasarlasi-utmutato\/#primaryimage"},"thumbnailUrl":"https:\/\/sportano.hu\/blog\/wp-content\/uploads\/2022\/05\/1JCFOGIwRIRSqf6jM9lhgzMxuWRW6nmGXJVFi7V-nCNhEfI0Djl62ptvc4P8CjG43f5eUZtA1d5-3PuyAqj-gXT8cDPQSIBq1XNsmPumqO2tTrvoEZvd9h8mB1upF31YFClVytLjbgRtXMmPXMpQdWeb-LR2xshUz463_w-UHEodJ.tmp_.jpeg","datePublished":"2022-05-31T12:28:11+00:00","dateModified":"2025-07-18T09:14:53+00:00","breadcrumb":{"@id":"https:\/\/sportano.hu\/blog\/mi-az-az-mtb-kerekpar-melyik-mountain-bike-modellt-valasszuk-es-mire-figyeljunk-bevasarlasi-utmutato\/#breadcrumb"},"inLanguage":"hu","potentialAction":[{"@type":"ReadAction","target":["https:\/\/sportano.hu\/blog\/mi-az-az-mtb-kerekpar-melyik-mountain-bike-modellt-valasszuk-es-mire-figyeljunk-bevasarlasi-utmutato\/"]}]},{"@type":"ImageObject","inLanguage":"hu","@id":"https:\/\/sportano.hu\/blog\/mi-az-az-mtb-kerekpar-melyik-mountain-bike-modellt-valasszuk-es-mire-figyeljunk-bevasarlasi-utmutato\/#primaryimage","url":"https:\/\/sportano.hu\/blog\/wp-content\/uploads\/2022\/05\/1JCFOGIwRIRSqf6jM9lhgzMxuWRW6nmGXJVFi7V-nCNhEfI0Djl62ptvc4P8CjG43f5eUZtA1d5-3PuyAqj-gXT8cDPQSIBq1XNsmPumqO2tTrvoEZvd9h8mB1upF31YFClVytLjbgRtXMmPXMpQdWeb-LR2xshUz463_w-UHEodJ.tmp_.jpeg","contentUrl":"https:\/\/sportano.hu\/blog\/wp-content\/uploads\/2022\/05\/1JCFOGIwRIRSqf6jM9lhgzMxuWRW6nmGXJVFi7V-nCNhEfI0Djl62ptvc4P8CjG43f5eUZtA1d5-3PuyAqj-gXT8cDPQSIBq1XNsmPumqO2tTrvoEZvd9h8mB1upF31YFClVytLjbgRtXMmPXMpQdWeb-LR2xshUz463_w-UHEodJ.tmp_.jpeg","width":1385,"height":923,"caption":"Egy ker\u00e9kp\u00e1ros halad el\u0151re erdei \u00f6sv\u00e9nyen"},{"@type":"BreadcrumbList","@id":"https:\/\/sportano.hu\/blog\/mi-az-az-mtb-kerekpar-melyik-mountain-bike-modellt-valasszuk-es-mire-figyeljunk-bevasarlasi-utmutato\/#breadcrumb","itemListElement":[{"@type":"ListItem","position":1,"name":"F\u0151oldal","item":"https:\/\/sportano.hu\/blog\/"},{"@type":"ListItem","position":2,"name":"Mi az az MTB ker\u00e9kp\u00e1r? Melyik mountain bike modellt v\u00e1lasszuk \u00e9s mire figyelj\u00fcnk? Bev\u00e1s\u00e1rl\u00e1si \u00fatmutat\u00f3"}]},{"@type":"WebSite","@id":"https:\/\/sportano.hu\/blog\/#website","url":"https:\/\/sportano.hu\/blog\/","name":"","description":"","publisher":{"@id":"https:\/\/sportano.hu\/blog\/#organization"},"potentialAction":[{"@type":"SearchAction","target":{"@type":"EntryPoint","urlTemplate":"https:\/\/sportano.hu\/blog\/?s={search_term_string}"},"query-input":{"@type":"PropertyValueSpecification","valueRequired":true,"valueName":"search_term_string"}}],"inLanguage":"hu"},{"@type":"Organization","@id":"https:\/\/sportano.hu\/blog\/#organization","name":"Sportano.pl","url":"https:\/\/sportano.hu\/blog\/","logo":{"@type":"ImageObject","inLanguage":"hu","@id":"https:\/\/sportano.hu\/blog\/#\/schema\/logo\/image\/","url":"http:\/\/sportano.hu\/blog\/wp-content\/uploads\/2022\/04\/sportano-blog-logo.png","contentUrl":"http:\/\/sportano.hu\/blog\/wp-content\/uploads\/2022\/04\/sportano-blog-logo.png","width":1200,"height":200,"caption":"Sportano.pl"},"image":{"@id":"https:\/\/sportano.hu\/blog\/#\/schema\/logo\/image\/"}},{"@type":"Person","@id":"https:\/\/sportano.hu\/blog\/#\/schema\/person\/138c8200ea255d63690ed7edde968c06","name":"Sebastian Dzu\u0142a","image":{"@type":"ImageObject","inLanguage":"hu","@id":"https:\/\/sportano.hu\/blog\/#\/schema\/person\/image\/","url":"https:\/\/secure.gravatar.com\/avatar\/5de24f7cb155b6c7355f5ce886814ae39bf5afbfb367c034659929782234789b?s=96&d=mm&r=g","contentUrl":"https:\/\/secure.gravatar.com\/avatar\/5de24f7cb155b6c7355f5ce886814ae39bf5afbfb367c034659929782234789b?s=96&d=mm&r=g","caption":"Sebastian Dzu\u0142a"}}]}},"_links":{"self":[{"href":"https:\/\/sportano.hu\/blog\/wp-json\/wp\/v2\/posts\/354","targetHints":{"allow":["GET"]}}],"collection":[{"href":"https:\/\/sportano.hu\/blog\/wp-json\/wp\/v2\/posts"}],"about":[{"href":"https:\/\/sportano.hu\/blog\/wp-json\/wp\/v2\/types\/post"}],"author":[{"embeddable":true,"href":"https:\/\/sportano.hu\/blog\/wp-json\/wp\/v2\/users\/11"}],"replies":[{"embeddable":true,"href":"https:\/\/sportano.hu\/blog\/wp-json\/wp\/v2\/comments?post=354"}],"version-history":[{"count":4,"href":"https:\/\/sportano.hu\/blog\/wp-json\/wp\/v2\/posts\/354\/revisions"}],"predecessor-version":[{"id":3038,"href":"https:\/\/sportano.hu\/blog\/wp-json\/wp\/v2\/posts\/354\/revisions\/3038"}],"wp:featuredmedia":[{"embeddable":true,"href":"https:\/\/sportano.hu\/blog\/wp-json\/wp\/v2\/media\/357"}],"wp:attachment":[{"href":"https:\/\/sportano.hu\/blog\/wp-json\/wp\/v2\/media?parent=354"}],"wp:term":[{"taxonomy":"category","embeddable":true,"href":"https:\/\/sportano.hu\/blog\/wp-json\/wp\/v2\/categories?post=354"},{"taxonomy":"post_tag","embeddable":true,"href":"https:\/\/sportano.hu\/blog\/wp-json\/wp\/v2\/tags?post=354"}],"curies":[{"name":"wp","href":"https:\/\/api.w.org\/{rel}","templated":true}]}}