{"id":782,"date":"2022-09-08T10:06:56","date_gmt":"2022-09-08T10:06:56","guid":{"rendered":"https:\/\/sportano.hu\/blog\/a-kerekpar-helyes-pozicioja-a-kormany-es-a-nyereg-magassagaval-szemben-a-legfontosabb-szabalyok\/"},"modified":"2025-07-18T11:54:30","modified_gmt":"2025-07-18T11:54:30","slug":"a-kerekpar-helyes-pozicioja-a-kormany-es-a-nyereg-magassagaval-szemben-a-legfontosabb-szabalyok","status":"publish","type":"post","link":"https:\/\/sportano.hu\/blog\/a-kerekpar-helyes-pozicioja-a-kormany-es-a-nyereg-magassagaval-szemben-a-legfontosabb-szabalyok\/","title":{"rendered":"A ker\u00e9kp\u00e1r helyes poz\u00edci\u00f3ja a korm\u00e1ny \u00e9s a nyereg magass\u00e1g\u00e1val szemben. A legfontosabb szab\u00e1lyok"},"content":{"rendered":"<p><strong>A sok edz\u00e9s \u00e9s a lovagl\u00e1si technik\u00e1n v\u00e9gzett munka ellen\u00e9re is gyenge a teljes\u00edtm\u00e9nye? Vagy tal\u00e1n egy hosszabb \u00fat minden alkalommal t\u00e9rd-, nyak- vagy h\u00e1tf\u00e1j\u00e1ssal v\u00e9gz\u0151dik? A probl\u00e9ma oka lehet egy rosszul be\u00e1ll\u00edtott ker\u00e9kp\u00e1rbe\u00e1ll\u00edt\u00e1s. <\/strong><strong>Tudja meg, hogyan \u00e1ll\u00edtsa be a korm\u00e1nyt \u00e9s a nyerget, hogy a megfelel\u0151 poz\u00edci\u00f3t vegye fel a ker\u00e9kp\u00e1rra.<\/strong><\/p>\n<h2>Hogyan tudjuk felm\u00e9rni, hogy a ker\u00e9kp\u00e1ron elfoglalt hely\u00fcnk helyes-e?<\/h2>\n<p>Kezd\u0151 vagy szabadid\u0151s ker\u00e9kp\u00e1rosokk\u00e9nt sokszor &#8222;szemmel&#8221; \u00e1ll\u00edtjuk be a ker\u00e9kp\u00e1r be\u00e1ll\u00edt\u00e1sait, \u00e9s pr\u00f3b\u00e1ljuk el\u00e9rni a k\u00e9nyelmes poz\u00edci\u00f3t vezet\u00e9s k\u00f6zben. Term\u00e9szetesen ki lehet tal\u00e1lni a sz\u00e1munkra optim\u00e1lis poz\u00edci\u00f3t pr\u00f3b\u00e1lgat\u00e1ssal, de miel\u0151tt egy ilyen m\u00f3dszer bev\u00e1lna, minden ker\u00e9kp\u00e1rt\u00far\u00e1n vagy edz\u00e9sen h\u00e1tf\u00e1j\u00e1ssal k\u00fczdhet\u00fcnk, vagy s\u00falyos s\u00e9r\u00fcl\u00e9shez vezethet. Ehelyett, hogy felm\u00e9rj\u00fck, helyes-e a ker\u00e9kp\u00e1ron elfoglalt poz\u00edci\u00f3nk, \u00e9rdemes tan\u00e1csot k\u00e9rni egy tapasztalt ker\u00e9kp\u00e1rost\u00f3l, vagy szak\u00e9rt\u0151k \u00e1ltal k\u00e9sz\u00edtett vide\u00f3kat megn\u00e9zni. Egy m\u00e1sik lehet\u0151s\u00e9g, ha elmegy egy fitneszklubban tartott szobaker\u00e9kp\u00e1ros\/spinning \u00f3r\u00e1ra, ahol az oktat\u00f3 r\u00e1mutat az egys\u00e1vos helyv\u00e1ltoztat\u00e1s elveire. A nyereg \u00e9s a korm\u00e1ny t\u00e1vols\u00e1g\u00e1t \u00e9s magass\u00e1g\u00e1t megpr\u00f3b\u00e1lhatja saj\u00e1t felszerel\u00e9s\u00e9n ennek alapj\u00e1n be\u00e1ll\u00edtani, vagy megk\u00e9rdezhet egy szakembert (sokszor az IC oktat\u00f3i is ker\u00e9kp\u00e1rosok), hogy a ker\u00e9kp\u00e1r helyes be\u00e1ll\u00edt\u00e1s\u00e1nak r\u00e9szleteit a vezet\u00e9si st\u00edlusa vagy a f\u00e1jdalmai alapj\u00e1n hogyan kell be\u00e1ll\u00edtani. Egy m\u00e1sik lehet\u0151s\u00e9g, hogy k\u00e9sz\u00edtsen egy f\u00e9nyk\u00e9pet\/vide\u00f3t arr\u00f3l, hogyan n\u00e9z ki a lovagl\u00e1si poz\u00edci\u00f3ja, \u00e9s konzult\u00e1ljon a lovassal\/oktat\u00f3val.<\/p>\n<p><img loading=\"lazy\" decoding=\"async\" class=\"attachment-large alignnone\" src=\"http:\/\/sportano.hu\/blog\/wp-content\/uploads\/2022\/09\/gdi-6319bec0b9eca.png\" alt=\"K\u00e9t ker\u00e9kp\u00e1ros bar\u00e1ts\u00e1gosan pacsizik, mindketten modern ker\u00e9kp\u00e1rokat haszn\u00e1lnak\" width=\"816\" height=\"426\" \/><\/p>\n<p>Ha versenyz\u0151 vagy, ha versenyezni szeretn\u00e9l, vagy egyszer\u0171en csak agg\u00f3dsz az optim\u00e1lis ker\u00e9kp\u00e1rpoz\u00edci\u00f3 miatt, k\u00e9rj seg\u00edts\u00e9get egy Bikefittert\u0151l. Ez a szakember (\u00e1ltal\u00e1ban fizioterapeuta) az egykerek\u0171 be\u00e1ll\u00edt\u00e1sait a felhaszn\u00e1l\u00f3hoz igaz\u00edtja, t\u00f6bbek k\u00f6z\u00f6tt: modern diagnosztikai m\u00f3dszerekkel (pl. a testen elhelyezett \u00e9rz\u00e9kel\u0151k 3D-s leolvas\u00e1sa). A ker\u00e9kp\u00e1ros vezet\u00e9si st\u00edlus\u00e1r\u00f3l, kor\u00e1bbi s\u00e9r\u00fcl\u00e9seir\u0151l, az edz\u00e9sterhel\u00e9sek gyakoris\u00e1g\u00e1r\u00f3l \u00e9s terjedelm\u00e9r\u0151l, a motoros k\u00e9pess\u00e9gek \u00e9s a testfel\u00e9p\u00edt\u00e9s elemz\u00e9s\u00e9r\u0151l, valamint a megfelel\u0151 statikus \u00e9s dinamikus m\u00e9r\u00e9sekr\u0151l k\u00e9sz\u00edtett interj\u00fanak k\u00f6sz\u00f6nhet\u0151en seg\u00edt a nyereg \u00e9s a korm\u00e1ny magass\u00e1g\u00e1t \u00e9s a k\u00f6zt\u00fck l\u00e9v\u0151 t\u00e1vols\u00e1got a ker\u00e9kp\u00e1ros egy\u00e9ni param\u00e9tereihez igaz\u00edtani.<\/p>\n<p>Ebb\u0151l a cikkb\u0151l megtudhatja, mi\u00e9rt fontos, hogy a ker\u00e9kp\u00e1rja optim\u00e1lisan legyen be\u00e1ll\u00edtva, valamint a korm\u00e1ny \u00e9s a nyereg konfigur\u00e1ci\u00f3j\u00e1nak legfontosabb szab\u00e1lyait, figyelembe v\u00e9ve a vezet\u00e9si st\u00edlus\u00e1t, az egykerek\u0171 t\u00edpus\u00e1t \u00e9s a leggyakrabban megtett terepet.<\/p>\n<h2>A helytelen helyzet hat\u00e1sa a ker\u00e9kp\u00e1rra<\/h2>\n<p>A nem megfelel\u0151en be\u00e1ll\u00edtott korm\u00e1ny- \u00e9s nyeregmagass\u00e1g, valamint az egym\u00e1st\u00f3l val\u00f3 t\u00e1vols\u00e1g n\u00e9h\u00e1ny f\u0151 jele a t\u00e9rd-, nyak-, v\u00e1ll- \u00e9s h\u00e1tf\u00e1j\u00e1s. Gyakran el\u0151fordul, hogy a lovagl\u00e1s az \u00e1gy\u00e9k \u00e9s az \u00e1gy\u00e9kt\u00e1j\u00e9k horzsol\u00e1saival v\u00e9gz\u0151dik. A rossz testhelyzet vezet\u00e9s k\u00f6zben zsibbad\u00e1st okozhat a kezekben vagy l\u00e1bakban, \u00e9s bizonytalan ker\u00e9kp\u00e1rkezel\u00e9s benyom\u00e1s\u00e1t keltheti, p\u00e9ld\u00e1ul kanyarokba val\u00f3 bel\u00e9p\u00e9skor. A helytelen ker\u00e9kp\u00e1ros testhelyzet eredm\u00e9nye a gyorsabb \u00e9s nagyobb f\u00e1radts\u00e1g m\u00e1r n\u00e9h\u00e1ny kilom\u00e9ternyi ker\u00e9kp\u00e1roz\u00e1s ut\u00e1n. A versenyeken\/versenyeken\/hossz\u00fa t\u00e1vokon val\u00f3 eredm\u00e9nytelen lovagl\u00e1s oka lehet a t\u00fal alacsonyan\/magasan elhelyezett nyereg vagy korm\u00e1ny, illetve a korm\u00e1ny \u00e9s a nyereg k\u00f6z\u00f6tti t\u00fal kicsi\/nagy t\u00e1vols\u00e1g is.<\/p>\n<p><img loading=\"lazy\" decoding=\"async\" class=\"attachment-large alignnone\" src=\"http:\/\/sportano.hu\/blog\/wp-content\/uploads\/2022\/09\/gdi-6319bec1d0605.png\" alt=\"F\u00e9rfi ker\u00e9kp\u00e1rozik v\u00e1rosi k\u00f6rnyezetben, modern bicikli haszn\u00e1lat\u00e1val\" width=\"816\" height=\"426\" \/><\/p>\n<p>Ha a kellemetlen \u00e9rz\u00e9s \u00e9s az els\u0151 jelek ellen\u00e9re, amelyek arra utalnak, hogy a ker\u00e9kp\u00e1ron elfoglalt helyzete val\u00f3sz\u00edn\u0171leg messze nem helyes, nem v\u00e1ltoztat semmin, s\u00falyos s\u00e9r\u00fcl\u00e9st okozhat, amely t\u00f6bb h\u00e9tre vagy hosszabb id\u0151re kiz\u00e1rja \u00d6nt a fizikai aktivit\u00e1sb\u00f3l. A nem megfelel\u0151 be\u00e1ll\u00edt\u00e1s fenntart\u00e1sa a ker\u00e9kp\u00e1roz\u00e1st is kev\u00e9sb\u00e9 biztons\u00e1goss\u00e1 teszi (k\u00f6nny\u0171 elvesz\u00edteni az egyens\u00falyt), \u00e9s hat\u00e9konyan elriasztja a fizikai aktivit\u00e1s e form\u00e1j\u00e1t.<\/p>\n<p>Addig is, lehet, hogy csak egy kis helyv\u00e1ltoztat\u00e1sra van sz\u00fcks\u00e9g ahhoz, hogy jav\u00edtsa a ped\u00e1loz\u00e1si teljes\u00edtm\u00e9nyt \u00e9s k\u00e9nyelmet, elker\u00fclje a f\u00e1jdalmat\/s\u00e9r\u00fcl\u00e9st, \u00e9s \u00e9lvezze a szabadid\u0151s \u00e9s versenyszer\u0171 lovagl\u00e1s minden el\u0151ny\u00e9t.<\/p>\n<h2>A ker\u00e9kp\u00e1r be\u00e1ll\u00edt\u00e1sa: legfontosabb alapelvek<\/h2>\n<p>A ker\u00e9kp\u00e1r be\u00e1ll\u00edt\u00e1s\u00e1nak fontos r\u00e9sze, hogy olyan ruh\u00e1zatot \u00e9s cip\u0151t vegyen fel, amelyben leggyakrabban k\u00f6zlekedik. A bet\u00e9tekkel ell\u00e1tott ker\u00e9kp\u00e1ros r\u00f6vidnadr\u00e1gok \u00e9s az SPD cip\u0151k kiss\u00e9 m\u00e1s be\u00e1ll\u00edt\u00e1st ig\u00e9nyelnek, mint a laz\u00e1bb ruh\u00e1zat. Gy\u0151z\u0151dj\u00f6n meg arr\u00f3l, hogy a l\u00e1bfeje p\u00e1rhuzamos a ker\u00e9k tengely\u00e9vel (ne d\u00f6fje fel a sark\u00e1t, \u00e9s ne a sark\u00e1b\u00f3l ind\u00edtsa a mozg\u00e1st), \u00e9s hogy a ped\u00e1l tengelye a l\u00e1bfejen a legsz\u00e9lesebb pontj\u00e1n halad \u00e1t.<\/p>\n<p><img loading=\"lazy\" decoding=\"async\" class=\"attachment-large alignnone\" src=\"http:\/\/sportano.hu\/blog\/wp-content\/uploads\/2022\/09\/gdi-6319bec343d2c.png\" alt=\"Egy sportol\u00f3 \u00e1ll\u00edtja be a ker\u00e9kp\u00e1r nyerg\u00e9t egy erdei \u00f6sv\u00e9nyen\" width=\"816\" height=\"426\" \/><\/p>\n<h3>Hogyan \u00e1ll\u00edthatom be a nyeregemet a ker\u00e9kp\u00e1romon?<\/h3>\n<p>\u00c1lljon a ker\u00e9kp\u00e1r mell\u00e9, vigyen 3 ujj\u00e1t a cs\u00edp\u0151t\u00fcsk\u00e9hez, \u00e9s \u00e1ll\u00edtsa a ker\u00e9kp\u00e1rnyerget 2-3 ujjnyira az alj\u00e1t\u00f3l. A nyereg magass\u00e1g\u00e1nak be\u00e1ll\u00edt\u00e1s\u00e1nak m\u00e1sik m\u00f3dja, hogy ism\u00e9t a nyereghez k\u00e9pest oldalt \u00e1lljon, emelje fel a ker\u00e9kp\u00e1r fel\u0151li l\u00e1b\u00e1t, \u00e9s hajl\u00edtsa be a t\u00e9rd- \u00e9s cs\u00edp\u0151\u00edz\u00fcletn\u00e9l der\u00e9ksz\u00f6gbe (90 fok). Helyezze a nyerget cs\u00edp\u0151magass\u00e1gban.<\/p>\n<p>A nyereg magass\u00e1ga akkor megfelel\u0151, ha a l\u00e1bak egyenesek vagy enyh\u00e9n behajl\u00edtottak (a fels\u0151 comb \u00e9s a s\u00edpcsont k\u00f6z\u00f6tt 25-35 fokos sz\u00f6gnek kell lennie) a t\u00e9rdn\u00e9l lovagl\u00e1s k\u00f6zben. Fontos: nem lehet t\u00falpron\u00e1ci\u00f3, azaz a t\u00e9rd nem hajlik term\u00e9szetellenesen h\u00e1tra. F\u00e1jdalmat \u00e9rez a t\u00e9rde el\u00fcls\u0151 r\u00e9sz\u00e9n ped\u00e1loz\u00e1s k\u00f6zben? A nyereg t\u00fal alacsonyan van. Ezzel szemben, ha a t\u00e9rd h\u00e1ts\u00f3 r\u00e9sze f\u00e1j, az t\u00fal magasan van.<\/p>\n<p>Ami a nyereg sz\u00f6g\u00e9t illeti, az optim\u00e1lis be\u00e1ll\u00edt\u00e1s a v\u00edzszintes tart\u00e1s, ami megakad\u00e1lyozza, hogy a test el\u00f6lr\u0151l h\u00e1trafel\u00e9 cs\u00fasszon. A f\u00e9rfiak sz\u00e1m\u00e1ra a nyereg hegy\u00e9nek enyhe megemel\u00e9se j\u00f3 megold\u00e1s lehet, m\u00edg a n\u0151k sz\u00e1m\u00e1ra az alacsonyabb be\u00e1ll\u00edt\u00e1s lehet k\u00e9nyelmesebb.<\/p>\n<p><img loading=\"lazy\" decoding=\"async\" class=\"attachment-large alignnone\" src=\"http:\/\/sportano.hu\/blog\/wp-content\/uploads\/2022\/09\/gdi-6319bec4d130c.png\" alt=\"Ker\u00e9kp\u00e1ros egyenes \u00faton tekeri a sportos ker\u00e9kp\u00e1rt\" width=\"816\" height=\"426\" \/><\/p>\n<h3>A korm\u00e1nyker\u00e9k helyes magass\u00e1ga<\/h3>\n<p>A legt\u00f6bb esetben c\u00e9lszer\u0171 a korm\u00e1ny magass\u00e1g\u00e1t a nyereg magass\u00e1g\u00e1val megegyez\u0151re \u00e1ll\u00edtani (pl. trekking ker\u00e9kp\u00e1r). MTB-t vezetsz? Az optim\u00e1lis korm\u00e1nymagass\u00e1g egy hegyiker\u00e9kp\u00e1r eset\u00e9ben az, amikor a korm\u00e1ny a nyereghez k\u00e9pest alacsonyabban van. Az ilyen elrendez\u00e9s lehet\u0151v\u00e9 teszi a s\u00falypont cs\u00f6kkent\u00e9s\u00e9t \u00e9s ez\u00e1ltal az \u00fct\u00e9sek jobb tomp\u00edt\u00e1s\u00e1t, amikor akad\u00e1lyokat kell lek\u00fczdeni, p\u00e9ld\u00e1ul \u00e1ll\u00f3 helyzetben. Ugyanez igaz az orsz\u00e1g\u00fati ker\u00e9kp\u00e1rra is, ahol fontos a lehet\u0151 legaerodinamikusabb poz\u00edci\u00f3, ez\u00e9rt a korm\u00e1nynak alacsonyabbnak kell lennie az \u00fcl\u00e9sn\u00e9l (2-5 cm-rel). Ez seg\u00edt cs\u00f6kkenteni a l\u00e9gellen\u00e1ll\u00e1st, \u00e9s ez\u00e1ltal n\u00f6veli a sebess\u00e9get \u00e9s a hat\u00e9konys\u00e1got. A v\u00e1rosi ker\u00e9kp\u00e1rokon a korm\u00e1nyt a nyeregn\u00e9l valamivel magasabbra lehet \u00e1ll\u00edtani (legal\u00e1bb 5 cm-rel) &#8211; \u00edgy egyenesebb \u00e9s stabilabb testtart\u00e1st vesz fel, \u00e9s kev\u00e9sb\u00e9 terheli a csukl\u00f3j\u00e1t vagy a v\u00e1ll\u00e1t.<\/p>\n<h3>Optim\u00e1lis t\u00e1vols\u00e1g a nyereg \u00e9s a korm\u00e1ny k\u00f6z\u00f6tt<\/h3>\n<p>\u00dclj\u00f6n fel a ker\u00e9kp\u00e1rra, a l\u00e1b\u00e1t \u00e9s a ped\u00e1lt a padl\u00f3val p\u00e1rhuzamosan (azonos magass\u00e1gban) helyezze el, \u00e9s lefel\u00e9 n\u00e9zve ellen\u0151rizze, hol van az els\u0151 t\u00e9rde. Az optim\u00e1lis poz\u00edci\u00f3 akkor optim\u00e1lis, ha a t\u00e9rdkal\u00e1csb\u00f3l kiindul\u00f3 f\u00fcgg\u0151leges vonal pontosan a ped\u00e1ltengely k\u00f6zep\u00e9t metszi. Er\u0151s motoroz\u00e1shoz \u00e9rdemes a nyerget kiss\u00e9 el\u0151r\u00e9bb helyezni, m\u00edg gyors motoroz\u00e1shoz (magas fordulatsz\u00e1mon) \u00e9rdemes kiss\u00e9 h\u00e1tr\u00e9bb helyezni.<\/p>\n<p>A helyes ker\u00e9kp\u00e1ros testhelyzet tehermentes\u00edti a gerincet, az \u00edz\u00fcleteket \u00e9s az izmokat, cs\u00f6kkenti a s\u00e9r\u00fcl\u00e9svesz\u00e9lyt, valamint biztons\u00e1gos \u00e9s hat\u00e9kony ker\u00e9kp\u00e1roz\u00e1st biztos\u00edt. \u00c9rdemes teh\u00e1t odafigyelni erre a k\u00e9rd\u00e9sre, ak\u00e1r \u00faj ker\u00e9kp\u00e1rt v\u00e1s\u00e1rolsz, ak\u00e1r szabadid\u0151s c\u00e9llal tekersz, ak\u00e1r orsz\u00e1g\u00fati vagy singletrack veter\u00e1n vagy.<\/p>\n","protected":false},"excerpt":{"rendered":"<p>A sok edz\u00e9s \u00e9s a lovagl\u00e1si technik\u00e1n v\u00e9gzett munka ellen\u00e9re is gyenge a teljes\u00edtm\u00e9nye? Vagy tal\u00e1n egy hosszabb \u00fat minden alkalommal t\u00e9rd-, nyak- vagy h\u00e1tf\u00e1j\u00e1ssal v\u00e9gz\u0151dik? A probl\u00e9ma oka lehet egy rosszul be\u00e1ll\u00edtott ker\u00e9kp\u00e1rbe\u00e1ll\u00edt\u00e1s. Tudja meg, hogyan \u00e1ll\u00edtsa be a korm\u00e1nyt \u00e9s a nyerget, hogy a megfelel\u0151 poz\u00edci\u00f3t vegye fel a ker\u00e9kp\u00e1rra. Hogyan tudjuk felm\u00e9rni, [&hellip;]<\/p>\n","protected":false},"author":7,"featured_media":788,"comment_status":"closed","ping_status":"closed","sticky":false,"template":"","format":"standard","meta":{"_acf_changed":false,"footnotes":""},"categories":[28],"tags":[],"class_list":["post-782","post","type-post","status-publish","format-standard","has-post-thumbnail","hentry","category-kerkparok"],"acf":[],"yoast_head":"<!-- This site is optimized with the Yoast SEO plugin v27.1.1 - https:\/\/yoast.com\/product\/yoast-seo-wordpress\/ -->\n<title>A ker\u00e9kp\u00e1r helyes poz\u00edci\u00f3ja a korm\u00e1ny \u00e9s a nyereg magass\u00e1g\u00e1val szemben. A legfontosabb szab\u00e1lyok - Sportano.hu Blog<\/title>\n<meta name=\"robots\" content=\"index, follow, max-snippet:-1, max-image-preview:large, max-video-preview:-1\" \/>\n<link rel=\"canonical\" href=\"https:\/\/sportano.hu\/blog\/a-kerekpar-helyes-pozicioja-a-kormany-es-a-nyereg-magassagaval-szemben-a-legfontosabb-szabalyok\/\" \/>\n<meta property=\"og:locale\" content=\"hu_HU\" \/>\n<meta property=\"og:type\" content=\"article\" \/>\n<meta property=\"og:title\" content=\"A ker\u00e9kp\u00e1r helyes poz\u00edci\u00f3ja a korm\u00e1ny \u00e9s a nyereg magass\u00e1g\u00e1val szemben. A legfontosabb szab\u00e1lyok - Sportano.hu Blog\" \/>\n<meta property=\"og:description\" content=\"A sok edz\u00e9s \u00e9s a lovagl\u00e1si technik\u00e1n v\u00e9gzett munka ellen\u00e9re is gyenge a teljes\u00edtm\u00e9nye? Vagy tal\u00e1n egy hosszabb \u00fat minden alkalommal t\u00e9rd-, nyak- vagy h\u00e1tf\u00e1j\u00e1ssal v\u00e9gz\u0151dik? A probl\u00e9ma oka lehet egy rosszul be\u00e1ll\u00edtott ker\u00e9kp\u00e1rbe\u00e1ll\u00edt\u00e1s. Tudja meg, hogyan \u00e1ll\u00edtsa be a korm\u00e1nyt \u00e9s a nyerget, hogy a megfelel\u0151 poz\u00edci\u00f3t vegye fel a ker\u00e9kp\u00e1rra. Hogyan tudjuk felm\u00e9rni, [&hellip;]\" \/>\n<meta property=\"og:url\" content=\"https:\/\/sportano.hu\/blog\/a-kerekpar-helyes-pozicioja-a-kormany-es-a-nyereg-magassagaval-szemben-a-legfontosabb-szabalyok\/\" \/>\n<meta property=\"article:published_time\" content=\"2022-09-08T10:06:56+00:00\" \/>\n<meta property=\"article:modified_time\" content=\"2025-07-18T11:54:30+00:00\" \/>\n<meta property=\"og:image\" content=\"http:\/\/sportano.hu\/blog\/wp-content\/uploads\/2022\/09\/gdi-6319bec653631.png\" \/>\n\t<meta property=\"og:image:width\" content=\"816\" \/>\n\t<meta property=\"og:image:height\" content=\"426\" \/>\n\t<meta property=\"og:image:type\" content=\"image\/png\" \/>\n<meta name=\"author\" content=\"Sylwia Stwora-Petela\" \/>\n<meta name=\"twitter:card\" content=\"summary_large_image\" \/>\n<meta name=\"twitter:label1\" content=\"Szerz\u0151:\" \/>\n\t<meta name=\"twitter:data1\" content=\"Sylwia Stwora-Petela\" \/>\n\t<meta name=\"twitter:label2\" content=\"Becs\u00fclt olvas\u00e1si id\u0151\" \/>\n\t<meta name=\"twitter:data2\" content=\"7 perc\" \/>\n<!-- \/ Yoast SEO plugin. -->","yoast_head_json":{"title":"A ker\u00e9kp\u00e1r helyes poz\u00edci\u00f3ja a korm\u00e1ny \u00e9s a nyereg magass\u00e1g\u00e1val szemben. A legfontosabb szab\u00e1lyok - Sportano.hu Blog","robots":{"index":"index","follow":"follow","max-snippet":"max-snippet:-1","max-image-preview":"max-image-preview:large","max-video-preview":"max-video-preview:-1"},"canonical":"https:\/\/sportano.hu\/blog\/a-kerekpar-helyes-pozicioja-a-kormany-es-a-nyereg-magassagaval-szemben-a-legfontosabb-szabalyok\/","og_locale":"hu_HU","og_type":"article","og_title":"A ker\u00e9kp\u00e1r helyes poz\u00edci\u00f3ja a korm\u00e1ny \u00e9s a nyereg magass\u00e1g\u00e1val szemben. A legfontosabb szab\u00e1lyok - Sportano.hu Blog","og_description":"A sok edz\u00e9s \u00e9s a lovagl\u00e1si technik\u00e1n v\u00e9gzett munka ellen\u00e9re is gyenge a teljes\u00edtm\u00e9nye? Vagy tal\u00e1n egy hosszabb \u00fat minden alkalommal t\u00e9rd-, nyak- vagy h\u00e1tf\u00e1j\u00e1ssal v\u00e9gz\u0151dik? A probl\u00e9ma oka lehet egy rosszul be\u00e1ll\u00edtott ker\u00e9kp\u00e1rbe\u00e1ll\u00edt\u00e1s. Tudja meg, hogyan \u00e1ll\u00edtsa be a korm\u00e1nyt \u00e9s a nyerget, hogy a megfelel\u0151 poz\u00edci\u00f3t vegye fel a ker\u00e9kp\u00e1rra. Hogyan tudjuk felm\u00e9rni, [&hellip;]","og_url":"https:\/\/sportano.hu\/blog\/a-kerekpar-helyes-pozicioja-a-kormany-es-a-nyereg-magassagaval-szemben-a-legfontosabb-szabalyok\/","article_published_time":"2022-09-08T10:06:56+00:00","article_modified_time":"2025-07-18T11:54:30+00:00","og_image":[{"width":816,"height":426,"url":"http:\/\/sportano.hu\/blog\/wp-content\/uploads\/2022\/09\/gdi-6319bec653631.png","type":"image\/png"}],"author":"Sylwia Stwora-Petela","twitter_card":"summary_large_image","twitter_misc":{"Szerz\u0151:":"Sylwia Stwora-Petela","Becs\u00fclt olvas\u00e1si id\u0151":"7 perc"},"schema":{"@context":"https:\/\/schema.org","@graph":[{"@type":"Article","@id":"https:\/\/sportano.hu\/blog\/a-kerekpar-helyes-pozicioja-a-kormany-es-a-nyereg-magassagaval-szemben-a-legfontosabb-szabalyok\/#article","isPartOf":{"@id":"https:\/\/sportano.hu\/blog\/a-kerekpar-helyes-pozicioja-a-kormany-es-a-nyereg-magassagaval-szemben-a-legfontosabb-szabalyok\/"},"author":{"name":"Sylwia Stwora-Petela","@id":"https:\/\/sportano.hu\/blog\/#\/schema\/person\/71cc03e69d6c63d290e6365378f2deab"},"headline":"A ker\u00e9kp\u00e1r helyes poz\u00edci\u00f3ja a korm\u00e1ny \u00e9s a nyereg magass\u00e1g\u00e1val szemben. A legfontosabb szab\u00e1lyok","datePublished":"2022-09-08T10:06:56+00:00","dateModified":"2025-07-18T11:54:30+00:00","mainEntityOfPage":{"@id":"https:\/\/sportano.hu\/blog\/a-kerekpar-helyes-pozicioja-a-kormany-es-a-nyereg-magassagaval-szemben-a-legfontosabb-szabalyok\/"},"wordCount":1642,"publisher":{"@id":"https:\/\/sportano.hu\/blog\/#organization"},"image":{"@id":"https:\/\/sportano.hu\/blog\/a-kerekpar-helyes-pozicioja-a-kormany-es-a-nyereg-magassagaval-szemben-a-legfontosabb-szabalyok\/#primaryimage"},"thumbnailUrl":"https:\/\/sportano.hu\/blog\/wp-content\/uploads\/2022\/09\/gdi-6319bec653631.png","articleSection":["Ker\u00e9kp\u00e1rok"],"inLanguage":"hu"},{"@type":"WebPage","@id":"https:\/\/sportano.hu\/blog\/a-kerekpar-helyes-pozicioja-a-kormany-es-a-nyereg-magassagaval-szemben-a-legfontosabb-szabalyok\/","url":"https:\/\/sportano.hu\/blog\/a-kerekpar-helyes-pozicioja-a-kormany-es-a-nyereg-magassagaval-szemben-a-legfontosabb-szabalyok\/","name":"A ker\u00e9kp\u00e1r helyes poz\u00edci\u00f3ja a korm\u00e1ny \u00e9s a nyereg magass\u00e1g\u00e1val szemben. A legfontosabb szab\u00e1lyok - Sportano.hu Blog","isPartOf":{"@id":"https:\/\/sportano.hu\/blog\/#website"},"primaryImageOfPage":{"@id":"https:\/\/sportano.hu\/blog\/a-kerekpar-helyes-pozicioja-a-kormany-es-a-nyereg-magassagaval-szemben-a-legfontosabb-szabalyok\/#primaryimage"},"image":{"@id":"https:\/\/sportano.hu\/blog\/a-kerekpar-helyes-pozicioja-a-kormany-es-a-nyereg-magassagaval-szemben-a-legfontosabb-szabalyok\/#primaryimage"},"thumbnailUrl":"https:\/\/sportano.hu\/blog\/wp-content\/uploads\/2022\/09\/gdi-6319bec653631.png","datePublished":"2022-09-08T10:06:56+00:00","dateModified":"2025-07-18T11:54:30+00:00","breadcrumb":{"@id":"https:\/\/sportano.hu\/blog\/a-kerekpar-helyes-pozicioja-a-kormany-es-a-nyereg-magassagaval-szemben-a-legfontosabb-szabalyok\/#breadcrumb"},"inLanguage":"hu","potentialAction":[{"@type":"ReadAction","target":["https:\/\/sportano.hu\/blog\/a-kerekpar-helyes-pozicioja-a-kormany-es-a-nyereg-magassagaval-szemben-a-legfontosabb-szabalyok\/"]}]},{"@type":"ImageObject","inLanguage":"hu","@id":"https:\/\/sportano.hu\/blog\/a-kerekpar-helyes-pozicioja-a-kormany-es-a-nyereg-magassagaval-szemben-a-legfontosabb-szabalyok\/#primaryimage","url":"https:\/\/sportano.hu\/blog\/wp-content\/uploads\/2022\/09\/gdi-6319bec653631.png","contentUrl":"https:\/\/sportano.hu\/blog\/wp-content\/uploads\/2022\/09\/gdi-6319bec653631.png","width":816,"height":426,"caption":"K\u00e9t ker\u00e9kp\u00e1ros hegyvid\u00e9ken teker"},{"@type":"BreadcrumbList","@id":"https:\/\/sportano.hu\/blog\/a-kerekpar-helyes-pozicioja-a-kormany-es-a-nyereg-magassagaval-szemben-a-legfontosabb-szabalyok\/#breadcrumb","itemListElement":[{"@type":"ListItem","position":1,"name":"F\u0151oldal","item":"https:\/\/sportano.hu\/blog\/"},{"@type":"ListItem","position":2,"name":"A ker\u00e9kp\u00e1r helyes poz\u00edci\u00f3ja a korm\u00e1ny \u00e9s a nyereg magass\u00e1g\u00e1val szemben. A legfontosabb szab\u00e1lyok"}]},{"@type":"WebSite","@id":"https:\/\/sportano.hu\/blog\/#website","url":"https:\/\/sportano.hu\/blog\/","name":"","description":"","publisher":{"@id":"https:\/\/sportano.hu\/blog\/#organization"},"potentialAction":[{"@type":"SearchAction","target":{"@type":"EntryPoint","urlTemplate":"https:\/\/sportano.hu\/blog\/?s={search_term_string}"},"query-input":{"@type":"PropertyValueSpecification","valueRequired":true,"valueName":"search_term_string"}}],"inLanguage":"hu"},{"@type":"Organization","@id":"https:\/\/sportano.hu\/blog\/#organization","name":"Sportano.pl","url":"https:\/\/sportano.hu\/blog\/","logo":{"@type":"ImageObject","inLanguage":"hu","@id":"https:\/\/sportano.hu\/blog\/#\/schema\/logo\/image\/","url":"http:\/\/sportano.hu\/blog\/wp-content\/uploads\/2022\/04\/sportano-blog-logo.png","contentUrl":"http:\/\/sportano.hu\/blog\/wp-content\/uploads\/2022\/04\/sportano-blog-logo.png","width":1200,"height":200,"caption":"Sportano.pl"},"image":{"@id":"https:\/\/sportano.hu\/blog\/#\/schema\/logo\/image\/"}},{"@type":"Person","@id":"https:\/\/sportano.hu\/blog\/#\/schema\/person\/71cc03e69d6c63d290e6365378f2deab","name":"Sylwia Stwora-Petela","image":{"@type":"ImageObject","inLanguage":"hu","@id":"https:\/\/sportano.hu\/blog\/#\/schema\/person\/image\/","url":"https:\/\/sportano.hu\/blog\/wp-content\/uploads\/nsl_avatars\/52d3b69495b3bb32dafd1c9e4d45ef6f.png","contentUrl":"https:\/\/sportano.hu\/blog\/wp-content\/uploads\/nsl_avatars\/52d3b69495b3bb32dafd1c9e4d45ef6f.png","caption":"Sylwia Stwora-Petela"}}]}},"_links":{"self":[{"href":"https:\/\/sportano.hu\/blog\/wp-json\/wp\/v2\/posts\/782","targetHints":{"allow":["GET"]}}],"collection":[{"href":"https:\/\/sportano.hu\/blog\/wp-json\/wp\/v2\/posts"}],"about":[{"href":"https:\/\/sportano.hu\/blog\/wp-json\/wp\/v2\/types\/post"}],"author":[{"embeddable":true,"href":"https:\/\/sportano.hu\/blog\/wp-json\/wp\/v2\/users\/7"}],"replies":[{"embeddable":true,"href":"https:\/\/sportano.hu\/blog\/wp-json\/wp\/v2\/comments?post=782"}],"version-history":[{"count":3,"href":"https:\/\/sportano.hu\/blog\/wp-json\/wp\/v2\/posts\/782\/revisions"}],"predecessor-version":[{"id":3123,"href":"https:\/\/sportano.hu\/blog\/wp-json\/wp\/v2\/posts\/782\/revisions\/3123"}],"wp:featuredmedia":[{"embeddable":true,"href":"https:\/\/sportano.hu\/blog\/wp-json\/wp\/v2\/media\/788"}],"wp:attachment":[{"href":"https:\/\/sportano.hu\/blog\/wp-json\/wp\/v2\/media?parent=782"}],"wp:term":[{"taxonomy":"category","embeddable":true,"href":"https:\/\/sportano.hu\/blog\/wp-json\/wp\/v2\/categories?post=782"},{"taxonomy":"post_tag","embeddable":true,"href":"https:\/\/sportano.hu\/blog\/wp-json\/wp\/v2\/tags?post=782"}],"curies":[{"name":"wp","href":"https:\/\/api.w.org\/{rel}","templated":true}]}}