{"id":942,"date":"2022-10-14T13:31:09","date_gmt":"2022-10-14T13:31:09","guid":{"rendered":"https:\/\/sportano.hu\/blog\/vibram-talp-mi-az-milyen-tulajdonsagai-vannak-es-miert-erdemes-a-hires-talppal-ellatott-hegyi-bakancsot-beszerezni\/"},"modified":"2025-07-18T12:18:15","modified_gmt":"2025-07-18T12:18:15","slug":"vibram-talp-mi-az-milyen-tulajdonsagai-vannak-es-miert-erdemes-a-hires-talppal-ellatott-hegyi-bakancsot-beszerezni","status":"publish","type":"post","link":"https:\/\/sportano.hu\/blog\/vibram-talp-mi-az-milyen-tulajdonsagai-vannak-es-miert-erdemes-a-hires-talppal-ellatott-hegyi-bakancsot-beszerezni\/","title":{"rendered":"Vibram talp &#8211; mi az, milyen tulajdons\u00e1gai vannak, \u00e9s mi\u00e9rt \u00e9rdemes a h\u00edres talppal ell\u00e1tott hegyi bakancsot beszerezni?"},"content":{"rendered":"<p><strong>A s\u00e1rga log\u00f3 a Vibram\u00ae n\u00e9vvel a gumitalpon nagyon ismer\u0151s a hegyi t\u00far\u00e1z\u00e1s \u00e9s hegym\u00e1sz\u00e1s szerelmeseinek. A Vibram\u00ae talp a kiv\u00e1l\u00f3 talajfog\u00e1s, a biztons\u00e1g \u00e9s a k\u00e9nyelem szinonim\u00e1ja, b\u00e1rmilyenek is legyenek a k\u00f6r\u00fclm\u00e9nyek. Mi is pontosan az olasz m\u00e1rka technol\u00f3gi\u00e1ja, milyen el\u0151nyei vannak, \u00e9s mi\u00e9rt \u00e9rdemes ezt v\u00e1lasztani a hegyi tev\u00e9kenys\u00e9gekhez? R\u00e9szletek al\u00e1bb. <\/strong><\/p>\n<h2>Mi az a Vibram talp?<\/h2>\n<p>A Vibram\u00ae talp tulajdonk\u00e9ppen a k\u00fclt\u00e9ri l\u00e1bbelikhez (t\u00far\u00e1z\u00e1s, t\u00far\u00e1z\u00e1s, hegym\u00e1sz\u00e1s, fut\u00e1s, ker\u00e9kp\u00e1roz\u00e1s stb.), katonai, v\u00e1rosi, de ipari (pl. a Vibram\u00ae Security egy gy\u00e1ri munk\u00e1sok sz\u00e1m\u00e1ra kifejlesztett modell) hull\u00e1mos talpak sz\u00e9les v\u00e1laszt\u00e9ka, amelyeket k\u00fcl\u00f6nb\u00f6z\u0151 t\u00edpus\u00fa gumib\u00f3l \u00e9s m\u00e1s anyagokb\u00f3l (pl. poliuret\u00e1n hab vagy gy\u00e1rt\u00e1si hullad\u00e9kokb\u00f3l k\u00e9sz\u00fclt \u00f6ko-kever\u00e9k) gy\u00e1rtanak. A technol\u00f3gia neve, ak\u00e1rcsak a m\u00e1rka neve, a tulajdonos, az olasz v\u00e1llalkoz\u00f3, hegyi vezet\u0151 \u00e9s hegym\u00e1sz\u00f3 Vitale Bramani keresztnev\u00e9nek \u00e9s vezet\u00e9knev\u00e9nek kezd\u0151bet\u0171ib\u0151l tev\u0151dik \u00f6ssze.<\/p>\n<div class=\"yt-oembed\"><p><iframe loading=\"lazy\" title=\"Vibram Technological Center (Guangzhou - Cina)\" width=\"500\" height=\"281\" src=\"https:\/\/www.youtube.com\/embed\/NXAk4ClasDA?feature=oembed\" frameborder=\"0\" allow=\"accelerometer; autoplay; clipboard-write; encrypted-media; gyroscope; picture-in-picture; web-share\" referrerpolicy=\"strict-origin-when-cross-origin\" allowfullscreen><\/iframe><\/p><\/div>\n<h3>A Vibram m\u00e1rka t\u00f6rt\u00e9nete<\/h3>\n<p>Az olasz m\u00e1rka eredete 1935-re ny\u00falik vissza, amikor a tehets\u00e9ges hegym\u00e1sz\u00f3 Vitale Bramani (t\u00f6bbek k\u00f6z\u00f6tt az Olasz Alpesi Klub tagja) hat bar\u00e1tj\u00e1val a Punta Rasic\u00e1ra ment, ahol trag\u00e9dia t\u00f6rt\u00e9nt. Bar\u00e1tai meghaltak, \u00e9s \u00fagy v\u00e9lte, hogy az egyik b\u0171n\u00f6s a nem megfelel\u0151 talp volt. K\u00e9t \u00e9vvel k\u00e9s\u0151bb egy hibrid vulkaniz\u00e1lt gumitalp (Bramani egy\u00fcttm\u0171k\u00f6d\u00f6tt Leopold Pirelli aut\u00f3gumigy\u00e1rt\u00f3val) jelent meg, amely m\u00e9ly fut\u00f3fel\u00fclettel \u00e9s kop\u00e1s\u00e1ll\u00f3 f\u00fclekkel volt felszerelve, \u00e9s felv\u00e1ltotta az addig haszn\u00e1lt vasszegeket. A talp\u00e1n l\u00e9v\u0151 minta miatt a modell a &#8222;Carrarmato&#8221; nevet kapta, ami tankot jelent. Az egyedi talppal ell\u00e1tott cip\u0151ket a Piz Badile megm\u00e1sz\u00e1sa k\u00f6zben tesztelt\u00e9k.<\/p>\n<div class=\"yt-oembed\"><p><iframe loading=\"lazy\" title=\"Vibram Carrarmato\" width=\"500\" height=\"281\" src=\"https:\/\/www.youtube.com\/embed\/xP3Co2mUszg?feature=oembed\" frameborder=\"0\" allow=\"accelerometer; autoplay; clipboard-write; encrypted-media; gyroscope; picture-in-picture; web-share\" referrerpolicy=\"strict-origin-when-cross-origin\" allowfullscreen><\/iframe><\/p><\/div>\n<p>A m\u00e1rka igazi h\u00edrnev\u00e9t a K2 1954-es megm\u00e1sz\u00e1sa hozta meg. Az olasz Achille Compagnoni \u00e9s Lino Lacedelli voltak az els\u0151 hegym\u00e1sz\u00f3k, akik sikeresen megh\u00f3d\u00edtott\u00e1k a nyolcezreseket, m\u00e9ghozz\u00e1 Vibram talp\u00fa cip\u0151ben. Az\u00f3ta az Albizzate Varese-i sz\u00e9khely\u0171 olasz c\u00e9g vil\u00e1gszerte kiv\u00edvta a szabadt\u00e9ri sportok szerelmeseinek tisztelet\u00e9t, \u00e9s olyan ruhadarabk\u00e9nt jelent meg, amely minden k\u00f6r\u00fclm\u00e9nyek k\u00f6z\u00f6tt ki\u00e1llja a pr\u00f3b\u00e1t. Egy\u00fcttm\u0171k\u00f6dik a vezet\u0151 cip\u0151gy\u00e1rt\u00f3 c\u00e9gekkel \u00e9s a szabadt\u00e9ri tev\u00e9kenys\u00e9gekhez sz\u00fcks\u00e9ges ruh\u00e1zat, l\u00e1bbelik \u00e9s felszerel\u00e9sek gy\u00e1rt\u00f3ival. A m\u00e1rka log\u00f3ja 1969-ben k\u00e9sz\u00fclt.<\/p>\n<p><img loading=\"lazy\" decoding=\"async\" class=\"attachment-large alignnone\" src=\"http:\/\/sportano.hu\/blog\/wp-content\/uploads\/2022\/10\/gdi-6349649e1b211.png\" alt=\"K\u00e9nyelmes \u00e9s tart\u00f3s t\u00faracip\u0151, ide\u00e1lis nedves \u00e9s szikl\u00e1s terepen\" width=\"816\" height=\"426\" \/><\/p>\n<h2>A Vibram talp tulajdons\u00e1gai<\/h2>\n<p>A kiv\u00e1l\u00f3 tapad\u00e1s a k\u00fcl\u00f6nb\u00f6z\u0151 t\u00edpus\u00fa talajokon a Vibram\u00ae talp els\u0151dleges el\u0151nye, amely a mint\u00e1zat t\u00edpus\u00e1t\u00f3l, a talp vastags\u00e1g\u00e1t\u00f3l \u00e9s rugalmass\u00e1g\u00e1t\u00f3l f\u00fcgg. Ak\u00e1r s\u00e1ros \u00e9s nedves \u00f6sv\u00e9nyeken haladunk \u00e1t, ak\u00e1r meredek emelked\u0151vel vagy hossz\u00fa \u00e9s technikailag ig\u00e9nyes \u00fatvonallal \u00e1llunk szemben, ak\u00e1r m\u00e1szunk, egy megfelel\u0151en illeszked\u0151, s\u00e1rga log\u00f3val ell\u00e1tott cip\u0151 (nemcsak a fel\u00fclethez, hanem az id\u0151j\u00e1r\u00e1si k\u00f6r\u00fclm\u00e9nyekhez is) biztons\u00e1got \u00e9s stabilit\u00e1st ny\u00fajt, kik\u00fcsz\u00f6b\u00f6lve a cs\u00fasz\u00e1s vagy az egyens\u00falyveszt\u00e9s kock\u00e1zat\u00e1t, ami a hegyekben s\u00falyos k\u00f6vetkezm\u00e9nyekkel j\u00e1rhat. A Vibram\u00ae m\u00e1sik el\u0151nye a l\u00e1bp\u00e1rn\u00e1z\u00e1s, amely n\u00f6veli a j\u00e1r\u00e1s k\u00e9nyelm\u00e9t \u00e9s cs\u00f6kkenti a s\u00e9r\u00fcl\u00e9svesz\u00e9lyt. A Vibram\u00ae talpak megk\u00fcl\u00f6nb\u00f6ztet\u0151 jellemz\u0151je a kop\u00e1ssal \u00e9s mechanikai s\u00e9r\u00fcl\u00e9sekkel szembeni nagyfok\u00fa ellen\u00e1ll\u00e1s, ami hozz\u00e1j\u00e1rul a cip\u0151 tart\u00f3ss\u00e1g\u00e1hoz, f\u00fcggetlen\u00fcl att\u00f3l, hogy szabadid\u0151s kir\u00e1ndul\u00e1sokon haszn\u00e1lj\u00e1k, vagy intenz\u00edv ig\u00e9nybev\u00e9telnek vannak kit\u00e9ve. Ezenk\u00edv\u00fcl a talp nem deform\u00e1l\u00f3dik magas vagy rendk\u00edv\u00fcl alacsony h\u0151m\u00e9rs\u00e9klet hat\u00e1s\u00e1ra, \u00e9s nem repedezik.<\/p>\n<p>A Vibram\u00ae talp tov\u00e1bbi el\u0151nyei:<\/p>\n<ul class=\"parent-of-p\">\n<li>cs\u00fasz\u00e1sg\u00e1tl\u00f3;<\/li>\n<\/ul>\n<ul class=\"parent-of-p\">\n<li>fut\u00f3fel\u00fclet \u00f6ntisztul\u00f3 csatorn\u00e1kkal, ami n\u00f6veli a biztons\u00e1got, pl. h\u00f3ban vagy s\u00e1rban;<\/li>\n<\/ul>\n<ul class=\"parent-of-p\">\n<li>rugalmass\u00e1g a l\u00e1b mozg\u00e1si szabads\u00e1g\u00e1nak biztos\u00edt\u00e1sa \u00e9rdek\u00e9ben.<\/li>\n<\/ul>\n<div class=\"yt-oembed\"><p><iframe loading=\"lazy\" title=\"VIBRAM Traction Lug\" width=\"500\" height=\"281\" src=\"https:\/\/www.youtube.com\/embed\/qmMeQMzgy4Q?feature=oembed\" frameborder=\"0\" allow=\"accelerometer; autoplay; clipboard-write; encrypted-media; gyroscope; picture-in-picture; web-share\" referrerpolicy=\"strict-origin-when-cross-origin\" allowfullscreen><\/iframe><\/p><\/div>\n<h2>Vibram talpt\u00edpusok \u00e9s alkalmaz\u00e1suk<\/h2>\n<p>Az olasz m\u00e1rka t\u00f6bb mint 80 \u00e9ves tev\u00e9kenys\u00e9g\u00e9nek eredm\u00e9nyek\u00e9nt t\u00f6bb mint 100 f\u00e9le talpat fejlesztettek ki, amelyek s\u00falyukban, fut\u00f3fel\u00fcleti mint\u00e1zatukban (profiljukban) vagy a gy\u00e1rt\u00e1sukhoz haszn\u00e1lt gumikever\u00e9k \u00f6sszet\u00e9tel\u00e9ben k\u00fcl\u00f6nb\u00f6znek egym\u00e1st\u00f3l, \u00e9s amelyeknek k\u00f6sz\u00f6nhet\u0151en a k\u00fcl\u00f6nb\u00f6z\u0151 terep- \u00e9s id\u0151j\u00e1r\u00e1si k\u00f6r\u00fclm\u00e9nyek k\u00f6z\u00f6tt j\u00f3l teljes\u00edtenek. A legn\u00e9pszer\u0171bb t\u00edpusok k\u00f6z\u00e9 tartozik a Vibram\u00ae <strong>Megagrip, Arctic Grip, Mont, XS Trek, XS Edge \u00e9s FingerFive<\/strong>.<\/p>\n<h3>Vibram\u00aeMegagrip<\/h3>\n<p>A 2013-ban kifejlesztett Megagrip kever\u00e9ket a k\u00fclt\u00e9ri l\u00e1bbelik legmagasabb szint\u0171 szabv\u00e1ny\u00e1nak tekintik. Kiv\u00e9telesen j\u00f3 tapad\u00e1sa sz\u00e1raz, nedves \u00e9s cs\u00fasz\u00f3s fel\u00fcleteken, tart\u00f3ss\u00e1ga, a stabilit\u00e1s \u00e9s rugalmass\u00e1g optim\u00e1lis egyens\u00falya, valamint kop\u00e1s\u00e1ll\u00f3s\u00e1ga jellemzi. A k\u00f6nnyebb \u00e9s er\u0151sen por\u00f3zus kever\u00e9k haszn\u00e1lata cs\u00f6kkentette a talp s\u00faly\u00e1t. A Vibram\u00ae Megagrip t\u00f6bbek k\u00f6z\u00f6tt a k\u00f6zel\u00edt\u0151 cip\u0151kben haszn\u00e1latos.<\/p>\n<div class=\"yt-oembed\"><p><iframe loading=\"lazy\" title=\"Vibram Megagrip - Groundbreaking Grip\" width=\"500\" height=\"281\" src=\"https:\/\/www.youtube.com\/embed\/HqRiYoFeKlw?feature=oembed\" frameborder=\"0\" allow=\"accelerometer; autoplay; clipboard-write; encrypted-media; gyroscope; picture-in-picture; web-share\" referrerpolicy=\"strict-origin-when-cross-origin\" allowfullscreen><\/iframe><\/p><\/div>\n<h3>Vibram\u00ae Arctic Grip<\/h3>\n<p>Az olasz m\u00e1rka talp\u00e1nak ezt a t\u00e9li v\u00e1ltozat\u00e1t 2016-ban fejlesztett\u00e9k ki, \u00e9s a havas \u00f6sv\u00e9nyeken, cs\u00fasz\u00f3s \u00e9s jeges fel\u00fcleteken vagy ak\u00e1r nedves j\u00e9gen val\u00f3 navig\u00e1l\u00e1sra sz\u00e1nt\u00e1k. A Vibram\u00ae Arctic Grip fut\u00f3fel\u00fclet\u00e9t durva \u00e9s sima \u00e9rintkez\u00e9si fel\u00fcletekkel rendelkez\u0151 fut\u00f3fel\u00fclet, valamint a tulajdons\u00e1gok v\u00e1ltozatoss\u00e1ga \u00e9s a reped\u00e9s lehet\u0151s\u00e9g\u00e9nek hi\u00e1nya jellemzi, ha m\u00e9g sz\u00e9ls\u0151s\u00e9ges h\u0151m\u00e9rs\u00e9kletnek is ki van t\u00e9ve.<\/p>\n<h3>Vibram\u00aeMont<\/h3>\n<p>Fokozott stabilit\u00e1s \u00e9s merevs\u00e9g jellemzi. A Vibram\u00ae Mont talp t\u00f6bbek k\u00f6z\u00f6tt olyan magashegyi bakancsokban haszn\u00e1latos, ahol a mozg\u00e1shoz sz\u00fcks\u00e9ges a (f\u00e9lautomata vagy automata) kramponokkal val\u00f3 egy\u00fcttm\u0171k\u00f6d\u00e9s.<\/p>\n<h3>Vibram\u00ae XS Trek<\/h3>\n<p>Ez a talp olyan gumikever\u00e9ket haszn\u00e1l, amely rendk\u00edv\u00fcl kop\u00e1s\u00e1ll\u00f3 \u00e9s garant\u00e1lja a stabilit\u00e1st a meredek emelked\u0151k\u00f6n. A Vibram\u00ae XS Trek hossz\u00fa t\u00far\u00e1kra alkalmas v\u00e1ltozatos terepen.<\/p>\n<h3>Vibram\u00ae XS Edge<\/h3>\n<p>A hegym\u00e1sz\u00f3cip\u0151kben haszn\u00e1lt, merevebb gumikever\u00e9kkel rendelkezik, amely ellen\u00e1ll a deform\u00e1ci\u00f3nak vagy az \u00e9les szikl\u00e1kkal val\u00f3 \u00e9rintkez\u00e9sb\u0151l ered\u0151 s\u00e9r\u00fcl\u00e9seknek. A Vibram\u00ae XS Edge kiv\u00e1l\u00f3 tapint\u00e1st tesz lehet\u0151v\u00e9 m\u00e9g a kis \u00e9leken is, ami jelent\u0151s hat\u00e1ssal van a m\u00e1sz\u00e1si teljes\u00edtm\u00e9nyre.<\/p>\n<h3>FiveFingers<\/h3>\n<p>A 2006-ban bemutatott FiveFingers cip\u0151 (sz\u00f3 szerint keszty\u0171 a l\u00e1bnak) forradalmas\u00edtotta a mez\u00edtl\u00e1bas j\u00e1r\u00e1s fogalm\u00e1t. A puha, s\u0171r\u0171n textur\u00e1lt talp megfelel\u0151 tapad\u00e1st \u00e9s talaj\u00e9rzetet biztos\u00edt, m\u00edg az egyes l\u00e1bujjak szabad mozg\u00e1sa teljes k\u00e9nyelmet biztos\u00edt.<\/p>\n<div class=\"yt-oembed\"><p><iframe loading=\"lazy\" title=\"Move Freely | Main Video | 16:9 | ENG subs\" width=\"500\" height=\"281\" src=\"https:\/\/www.youtube.com\/embed\/w1s7OpLxGRw?feature=oembed\" frameborder=\"0\" allow=\"accelerometer; autoplay; clipboard-write; encrypted-media; gyroscope; picture-in-picture; web-share\" referrerpolicy=\"strict-origin-when-cross-origin\" allowfullscreen><\/iframe><\/p><\/div>\n<h2>Mi\u00e9rt van Vibram talp\u00fa hegyi bakancs?<\/h2>\n<p>A technikailag ig\u00e9nyes hegyi \u00f6sv\u00e9nyek, szikl\u00e1k, s\u00e1ros vagy cs\u00fasz\u00f3s fel\u00fcletek \u00e9s v\u00e1ltoz\u00f3 id\u0151j\u00e1r\u00e1si k\u00f6r\u00fclm\u00e9nyek jelentette kih\u00edv\u00e1sok miatt nem csak j\u00f3 k\u00e9pess\u00e9gekre, fitts\u00e9gre \u00e9s motiv\u00e1ci\u00f3ra van sz\u00fcks\u00e9g. A megfelel\u0151 ruh\u00e1zat szint\u00e9n a biztons\u00e1g \u00e9s az el\u00e9gedetts\u00e9g kulcsa, amikor az \u00f6sv\u00e9nyeken vagy azokon k\u00edv\u00fcl mozog. A s\u00e1rga log\u00f3s talppal ell\u00e1tott cip\u0151vel \u00f6nbizalmat \u00e9s k\u00e9nyelmet nyerhet, f\u00fcggetlen\u00fcl att\u00f3l, hogy milyen szint\u0171 hegym\u00e1sz\u00f3 vagy t\u00far\u00e1z\u00f3. R\u00e1ad\u00e1sul a sokoldal\u00fas\u00e1g \u00e9s a meger\u0151s\u00edtett szerkezet (megakad\u00e1lyozza a talp hajl\u00edt\u00e1s\u00e1t) kiv\u00e1l\u00f3an megbirk\u00f3zik az egyenetlen tereppel, \u00edgy cs\u00f6kkenti a f\u00e1radts\u00e1got, a magas kop\u00e1s\u00e1ll\u00f3s\u00e1g pedig lehet\u0151v\u00e9 teszi, hogy t\u00f6bb szezonon \u00e1t \u00e9lvezze a robusztus l\u00e1bbeliket.<\/p>\n<p>Kiv\u00e1l\u00f3 min\u0151s\u00e9g\u0171, bev\u00e1lt Vibram\u00ae talp\u00fa cip\u0151t keres t\u00far\u00e1z\u00e1shoz, hegym\u00e1sz\u00e1shoz, alpesi exped\u00edci\u00f3khoz, fut\u00e1shoz vagy szabadid\u0151s hegym\u00e1sz\u00e1shoz? A Sportano online sportbolt olyan neves m\u00e1rk\u00e1k modelljeit k\u00edn\u00e1lja, mint a<strong> Merrell, La Sportiva, Dolomite, Salewa, HOKA ONE ONE, Jack Wolfskin, SCARPA \u00e9s Mammut.<\/strong><\/p>\n","protected":false},"excerpt":{"rendered":"<p>A s\u00e1rga log\u00f3 a Vibram\u00ae n\u00e9vvel a gumitalpon nagyon ismer\u0151s a hegyi t\u00far\u00e1z\u00e1s \u00e9s hegym\u00e1sz\u00e1s szerelmeseinek. A Vibram\u00ae talp a kiv\u00e1l\u00f3 talajfog\u00e1s, a biztons\u00e1g \u00e9s a k\u00e9nyelem szinonim\u00e1ja, b\u00e1rmilyenek is legyenek a k\u00f6r\u00fclm\u00e9nyek. Mi is pontosan az olasz m\u00e1rka technol\u00f3gi\u00e1ja, milyen el\u0151nyei vannak, \u00e9s mi\u00e9rt \u00e9rdemes ezt v\u00e1lasztani a hegyi tev\u00e9kenys\u00e9gekhez? R\u00e9szletek al\u00e1bb. Mi az [&hellip;]<\/p>\n","protected":false},"author":7,"featured_media":946,"comment_status":"closed","ping_status":"closed","sticky":false,"template":"","format":"standard","meta":{"_acf_changed":false,"footnotes":""},"categories":[35],"tags":[],"class_list":["post-942","post","type-post","status-publish","format-standard","has-post-thumbnail","hentry","category-turizmus"],"acf":[],"yoast_head":"<!-- This site is optimized with the Yoast SEO plugin v27.1.1 - https:\/\/yoast.com\/product\/yoast-seo-wordpress\/ -->\n<title>Vibram talp - mi az, milyen tulajdons\u00e1gai vannak, \u00e9s mi\u00e9rt \u00e9rdemes a h\u00edres talppal ell\u00e1tott hegyi bakancsot beszerezni? - Sportano.hu Blog<\/title>\n<meta name=\"robots\" content=\"index, follow, max-snippet:-1, max-image-preview:large, max-video-preview:-1\" \/>\n<link rel=\"canonical\" href=\"https:\/\/sportano.hu\/blog\/vibram-talp-mi-az-milyen-tulajdonsagai-vannak-es-miert-erdemes-a-hires-talppal-ellatott-hegyi-bakancsot-beszerezni\/\" \/>\n<meta property=\"og:locale\" content=\"hu_HU\" \/>\n<meta property=\"og:type\" content=\"article\" \/>\n<meta property=\"og:title\" content=\"Vibram talp - mi az, milyen tulajdons\u00e1gai vannak, \u00e9s mi\u00e9rt \u00e9rdemes a h\u00edres talppal ell\u00e1tott hegyi bakancsot beszerezni? - Sportano.hu Blog\" \/>\n<meta property=\"og:description\" content=\"A s\u00e1rga log\u00f3 a Vibram\u00ae n\u00e9vvel a gumitalpon nagyon ismer\u0151s a hegyi t\u00far\u00e1z\u00e1s \u00e9s hegym\u00e1sz\u00e1s szerelmeseinek. A Vibram\u00ae talp a kiv\u00e1l\u00f3 talajfog\u00e1s, a biztons\u00e1g \u00e9s a k\u00e9nyelem szinonim\u00e1ja, b\u00e1rmilyenek is legyenek a k\u00f6r\u00fclm\u00e9nyek. Mi is pontosan az olasz m\u00e1rka technol\u00f3gi\u00e1ja, milyen el\u0151nyei vannak, \u00e9s mi\u00e9rt \u00e9rdemes ezt v\u00e1lasztani a hegyi tev\u00e9kenys\u00e9gekhez? R\u00e9szletek al\u00e1bb. Mi az [&hellip;]\" \/>\n<meta property=\"og:url\" content=\"https:\/\/sportano.hu\/blog\/vibram-talp-mi-az-milyen-tulajdonsagai-vannak-es-miert-erdemes-a-hires-talppal-ellatott-hegyi-bakancsot-beszerezni\/\" \/>\n<meta property=\"article:published_time\" content=\"2022-10-14T13:31:09+00:00\" \/>\n<meta property=\"article:modified_time\" content=\"2025-07-18T12:18:15+00:00\" \/>\n<meta property=\"og:image\" content=\"http:\/\/sportano.hu\/blog\/wp-content\/uploads\/2022\/10\/gdi-634964a05613d.png\" \/>\n\t<meta property=\"og:image:width\" content=\"816\" \/>\n\t<meta property=\"og:image:height\" content=\"426\" \/>\n\t<meta property=\"og:image:type\" content=\"image\/png\" \/>\n<meta name=\"author\" content=\"Sylwia Stwora-Petela\" \/>\n<meta name=\"twitter:card\" content=\"summary_large_image\" \/>\n<meta name=\"twitter:label1\" content=\"Szerz\u0151:\" \/>\n\t<meta name=\"twitter:data1\" content=\"Sylwia Stwora-Petela\" \/>\n\t<meta name=\"twitter:label2\" content=\"Becs\u00fclt olvas\u00e1si id\u0151\" \/>\n\t<meta name=\"twitter:data2\" content=\"6 perc\" \/>\n<!-- \/ Yoast SEO plugin. -->","yoast_head_json":{"title":"Vibram talp - mi az, milyen tulajdons\u00e1gai vannak, \u00e9s mi\u00e9rt \u00e9rdemes a h\u00edres talppal ell\u00e1tott hegyi bakancsot beszerezni? - Sportano.hu Blog","robots":{"index":"index","follow":"follow","max-snippet":"max-snippet:-1","max-image-preview":"max-image-preview:large","max-video-preview":"max-video-preview:-1"},"canonical":"https:\/\/sportano.hu\/blog\/vibram-talp-mi-az-milyen-tulajdonsagai-vannak-es-miert-erdemes-a-hires-talppal-ellatott-hegyi-bakancsot-beszerezni\/","og_locale":"hu_HU","og_type":"article","og_title":"Vibram talp - mi az, milyen tulajdons\u00e1gai vannak, \u00e9s mi\u00e9rt \u00e9rdemes a h\u00edres talppal ell\u00e1tott hegyi bakancsot beszerezni? - Sportano.hu Blog","og_description":"A s\u00e1rga log\u00f3 a Vibram\u00ae n\u00e9vvel a gumitalpon nagyon ismer\u0151s a hegyi t\u00far\u00e1z\u00e1s \u00e9s hegym\u00e1sz\u00e1s szerelmeseinek. A Vibram\u00ae talp a kiv\u00e1l\u00f3 talajfog\u00e1s, a biztons\u00e1g \u00e9s a k\u00e9nyelem szinonim\u00e1ja, b\u00e1rmilyenek is legyenek a k\u00f6r\u00fclm\u00e9nyek. Mi is pontosan az olasz m\u00e1rka technol\u00f3gi\u00e1ja, milyen el\u0151nyei vannak, \u00e9s mi\u00e9rt \u00e9rdemes ezt v\u00e1lasztani a hegyi tev\u00e9kenys\u00e9gekhez? R\u00e9szletek al\u00e1bb. Mi az [&hellip;]","og_url":"https:\/\/sportano.hu\/blog\/vibram-talp-mi-az-milyen-tulajdonsagai-vannak-es-miert-erdemes-a-hires-talppal-ellatott-hegyi-bakancsot-beszerezni\/","article_published_time":"2022-10-14T13:31:09+00:00","article_modified_time":"2025-07-18T12:18:15+00:00","og_image":[{"width":816,"height":426,"url":"http:\/\/sportano.hu\/blog\/wp-content\/uploads\/2022\/10\/gdi-634964a05613d.png","type":"image\/png"}],"author":"Sylwia Stwora-Petela","twitter_card":"summary_large_image","twitter_misc":{"Szerz\u0151:":"Sylwia Stwora-Petela","Becs\u00fclt olvas\u00e1si id\u0151":"6 perc"},"schema":{"@context":"https:\/\/schema.org","@graph":[{"@type":"Article","@id":"https:\/\/sportano.hu\/blog\/vibram-talp-mi-az-milyen-tulajdonsagai-vannak-es-miert-erdemes-a-hires-talppal-ellatott-hegyi-bakancsot-beszerezni\/#article","isPartOf":{"@id":"https:\/\/sportano.hu\/blog\/vibram-talp-mi-az-milyen-tulajdonsagai-vannak-es-miert-erdemes-a-hires-talppal-ellatott-hegyi-bakancsot-beszerezni\/"},"author":{"name":"Sylwia Stwora-Petela","@id":"https:\/\/sportano.hu\/blog\/#\/schema\/person\/71cc03e69d6c63d290e6365378f2deab"},"headline":"Vibram talp &#8211; mi az, milyen tulajdons\u00e1gai vannak, \u00e9s mi\u00e9rt \u00e9rdemes a h\u00edres talppal ell\u00e1tott hegyi bakancsot beszerezni?","datePublished":"2022-10-14T13:31:09+00:00","dateModified":"2025-07-18T12:18:15+00:00","mainEntityOfPage":{"@id":"https:\/\/sportano.hu\/blog\/vibram-talp-mi-az-milyen-tulajdonsagai-vannak-es-miert-erdemes-a-hires-talppal-ellatott-hegyi-bakancsot-beszerezni\/"},"wordCount":1540,"publisher":{"@id":"https:\/\/sportano.hu\/blog\/#organization"},"image":{"@id":"https:\/\/sportano.hu\/blog\/vibram-talp-mi-az-milyen-tulajdonsagai-vannak-es-miert-erdemes-a-hires-talppal-ellatott-hegyi-bakancsot-beszerezni\/#primaryimage"},"thumbnailUrl":"https:\/\/sportano.hu\/blog\/wp-content\/uploads\/2022\/10\/gdi-634964a05613d.png","articleSection":["Turizmus"],"inLanguage":"hu"},{"@type":"WebPage","@id":"https:\/\/sportano.hu\/blog\/vibram-talp-mi-az-milyen-tulajdonsagai-vannak-es-miert-erdemes-a-hires-talppal-ellatott-hegyi-bakancsot-beszerezni\/","url":"https:\/\/sportano.hu\/blog\/vibram-talp-mi-az-milyen-tulajdonsagai-vannak-es-miert-erdemes-a-hires-talppal-ellatott-hegyi-bakancsot-beszerezni\/","name":"Vibram talp - mi az, milyen tulajdons\u00e1gai vannak, \u00e9s mi\u00e9rt \u00e9rdemes a h\u00edres talppal ell\u00e1tott hegyi bakancsot beszerezni? - Sportano.hu Blog","isPartOf":{"@id":"https:\/\/sportano.hu\/blog\/#website"},"primaryImageOfPage":{"@id":"https:\/\/sportano.hu\/blog\/vibram-talp-mi-az-milyen-tulajdonsagai-vannak-es-miert-erdemes-a-hires-talppal-ellatott-hegyi-bakancsot-beszerezni\/#primaryimage"},"image":{"@id":"https:\/\/sportano.hu\/blog\/vibram-talp-mi-az-milyen-tulajdonsagai-vannak-es-miert-erdemes-a-hires-talppal-ellatott-hegyi-bakancsot-beszerezni\/#primaryimage"},"thumbnailUrl":"https:\/\/sportano.hu\/blog\/wp-content\/uploads\/2022\/10\/gdi-634964a05613d.png","datePublished":"2022-10-14T13:31:09+00:00","dateModified":"2025-07-18T12:18:15+00:00","breadcrumb":{"@id":"https:\/\/sportano.hu\/blog\/vibram-talp-mi-az-milyen-tulajdonsagai-vannak-es-miert-erdemes-a-hires-talppal-ellatott-hegyi-bakancsot-beszerezni\/#breadcrumb"},"inLanguage":"hu","potentialAction":[{"@type":"ReadAction","target":["https:\/\/sportano.hu\/blog\/vibram-talp-mi-az-milyen-tulajdonsagai-vannak-es-miert-erdemes-a-hires-talppal-ellatott-hegyi-bakancsot-beszerezni\/"]}]},{"@type":"ImageObject","inLanguage":"hu","@id":"https:\/\/sportano.hu\/blog\/vibram-talp-mi-az-milyen-tulajdonsagai-vannak-es-miert-erdemes-a-hires-talppal-ellatott-hegyi-bakancsot-beszerezni\/#primaryimage","url":"https:\/\/sportano.hu\/blog\/wp-content\/uploads\/2022\/10\/gdi-634964a05613d.png","contentUrl":"https:\/\/sportano.hu\/blog\/wp-content\/uploads\/2022\/10\/gdi-634964a05613d.png","width":816,"height":426,"caption":"K\u00e9nyelmes t\u00faracip\u0151ket visel\u0151 emberek mennek hegyi \u00f6sv\u00e9nyen"},{"@type":"BreadcrumbList","@id":"https:\/\/sportano.hu\/blog\/vibram-talp-mi-az-milyen-tulajdonsagai-vannak-es-miert-erdemes-a-hires-talppal-ellatott-hegyi-bakancsot-beszerezni\/#breadcrumb","itemListElement":[{"@type":"ListItem","position":1,"name":"F\u0151oldal","item":"https:\/\/sportano.hu\/blog\/"},{"@type":"ListItem","position":2,"name":"Vibram talp &#8211; mi az, milyen tulajdons\u00e1gai vannak, \u00e9s mi\u00e9rt \u00e9rdemes a h\u00edres talppal ell\u00e1tott hegyi bakancsot beszerezni?"}]},{"@type":"WebSite","@id":"https:\/\/sportano.hu\/blog\/#website","url":"https:\/\/sportano.hu\/blog\/","name":"","description":"","publisher":{"@id":"https:\/\/sportano.hu\/blog\/#organization"},"potentialAction":[{"@type":"SearchAction","target":{"@type":"EntryPoint","urlTemplate":"https:\/\/sportano.hu\/blog\/?s={search_term_string}"},"query-input":{"@type":"PropertyValueSpecification","valueRequired":true,"valueName":"search_term_string"}}],"inLanguage":"hu"},{"@type":"Organization","@id":"https:\/\/sportano.hu\/blog\/#organization","name":"Sportano.pl","url":"https:\/\/sportano.hu\/blog\/","logo":{"@type":"ImageObject","inLanguage":"hu","@id":"https:\/\/sportano.hu\/blog\/#\/schema\/logo\/image\/","url":"http:\/\/sportano.hu\/blog\/wp-content\/uploads\/2022\/04\/sportano-blog-logo.png","contentUrl":"http:\/\/sportano.hu\/blog\/wp-content\/uploads\/2022\/04\/sportano-blog-logo.png","width":1200,"height":200,"caption":"Sportano.pl"},"image":{"@id":"https:\/\/sportano.hu\/blog\/#\/schema\/logo\/image\/"}},{"@type":"Person","@id":"https:\/\/sportano.hu\/blog\/#\/schema\/person\/71cc03e69d6c63d290e6365378f2deab","name":"Sylwia Stwora-Petela","image":{"@type":"ImageObject","inLanguage":"hu","@id":"https:\/\/sportano.hu\/blog\/#\/schema\/person\/image\/","url":"https:\/\/sportano.hu\/blog\/wp-content\/uploads\/nsl_avatars\/52d3b69495b3bb32dafd1c9e4d45ef6f.png","contentUrl":"https:\/\/sportano.hu\/blog\/wp-content\/uploads\/nsl_avatars\/52d3b69495b3bb32dafd1c9e4d45ef6f.png","caption":"Sylwia Stwora-Petela"}}]}},"_links":{"self":[{"href":"https:\/\/sportano.hu\/blog\/wp-json\/wp\/v2\/posts\/942","targetHints":{"allow":["GET"]}}],"collection":[{"href":"https:\/\/sportano.hu\/blog\/wp-json\/wp\/v2\/posts"}],"about":[{"href":"https:\/\/sportano.hu\/blog\/wp-json\/wp\/v2\/types\/post"}],"author":[{"embeddable":true,"href":"https:\/\/sportano.hu\/blog\/wp-json\/wp\/v2\/users\/7"}],"replies":[{"embeddable":true,"href":"https:\/\/sportano.hu\/blog\/wp-json\/wp\/v2\/comments?post=942"}],"version-history":[{"count":3,"href":"https:\/\/sportano.hu\/blog\/wp-json\/wp\/v2\/posts\/942\/revisions"}],"predecessor-version":[{"id":3134,"href":"https:\/\/sportano.hu\/blog\/wp-json\/wp\/v2\/posts\/942\/revisions\/3134"}],"wp:featuredmedia":[{"embeddable":true,"href":"https:\/\/sportano.hu\/blog\/wp-json\/wp\/v2\/media\/946"}],"wp:attachment":[{"href":"https:\/\/sportano.hu\/blog\/wp-json\/wp\/v2\/media?parent=942"}],"wp:term":[{"taxonomy":"category","embeddable":true,"href":"https:\/\/sportano.hu\/blog\/wp-json\/wp\/v2\/categories?post=942"},{"taxonomy":"post_tag","embeddable":true,"href":"https:\/\/sportano.hu\/blog\/wp-json\/wp\/v2\/tags?post=942"}],"curies":[{"name":"wp","href":"https:\/\/api.w.org\/{rel}","templated":true}]}}