{"id":966,"date":"2022-10-21T05:14:43","date_gmt":"2022-10-21T05:14:43","guid":{"rendered":"https:\/\/sportano.hu\/blog\/nadragok-a-hegyekbe-osszel-telen-es-nyaron-milyen-nadragot-valasszunk-a-hegyekben-valo-gyaloglashoz\/"},"modified":"2025-07-18T12:22:34","modified_gmt":"2025-07-18T12:22:34","slug":"nadragok-a-hegyekbe-osszel-telen-es-nyaron-milyen-nadragot-valasszunk-a-hegyekben-valo-gyaloglashoz","status":"publish","type":"post","link":"https:\/\/sportano.hu\/blog\/nadragok-a-hegyekbe-osszel-telen-es-nyaron-milyen-nadragot-valasszunk-a-hegyekben-valo-gyaloglashoz\/","title":{"rendered":"Nadr\u00e1gok a hegyekbe \u0151sszel, t\u00e9len \u00e9s ny\u00e1ron. Milyen nadr\u00e1got v\u00e1lasszunk a hegyekben val\u00f3 gyalogl\u00e1shoz?"},"content":{"rendered":"<p><strong>A megfelel\u0151 t\u00faranadr\u00e1g minden t\u00far\u00e1z\u00f3 felszerel\u00e9s\u00e9nek alapja. A gyorsan sz\u00e1rad\u00f3, l\u00e9g\u00e1tereszt\u0151 anyagnak \u00e9s a funkcion\u00e1lis szab\u00e1snak k\u00f6sz\u00f6nhet\u0151en, amelyet modern technol\u00f3gi\u00e1k t\u00e1mogatnak, az \u00f6sv\u00e9nyen semmilyen k\u00f6r\u00fclm\u00e9ny nem fog meglepni. N\u00e1lunk megtudhatja, hogy az \u00e9vszakt\u00f3l f\u00fcgg\u0151en milyen hegyi nadr\u00e1got v\u00e1lasszon, \u00e9s mire figyeljen a v\u00e1s\u00e1rl\u00e1skor.<\/strong><\/p>\n<h3>Mire figyelj\u00fcnk a hegyvid\u00e9ki nadr\u00e1gok kiv\u00e1laszt\u00e1sakor?<\/h3>\n<p>Ak\u00e1r egy via ferrata neh\u00e9z szakaszain, ak\u00e1r k\u00f6nny\u0171 \u00f6sv\u00e9nyeken t\u00far\u00e1zik a kunyh\u00f3k k\u00f6z\u00f6tt, vagy n\u00e9h\u00e1ny napos alpesi exped\u00edci\u00f3ra k\u00e9sz\u00fcl, egy j\u00f3 nadr\u00e1gnak v\u00e9delmet kell ny\u00fajtania a nedvess\u00e9g \u00e9s a sz\u00e9l ellen, magas szint\u0171 h\u0151komfortot kell biztos\u00edtania, \u00e9s m\u00e9gis lehet\u0151v\u00e9 kell tennie a szabad mozg\u00e1st. Itt nagy jelent\u0151s\u00e9ggel b\u00edr a felhaszn\u00e1lt anyag, a szab\u00e1s, a funkcionalit\u00e1s \u00e9s az alkalmazott technol\u00f3gi\u00e1k, p\u00e9ld\u00e1ul a v\u00edz- \u00e9s sz\u00e9l\u00e1ll\u00f3s\u00e1g, a l\u00e9g\u00e1tereszt\u0151 k\u00e9pess\u00e9g, a rugalmass\u00e1g vagy a gyors sz\u00e1rad\u00e1s n\u00f6vel\u00e9se \u00e9rdek\u00e9ben.<\/p>\n<h3>Anyagok \u00e9s technol\u00f3gi\u00e1k<\/h3>\n<p>A trekking- \u00e9s t\u00faranadr\u00e1gok gy\u00e1rt\u00e1s\u00e1hoz f\u0151k\u00e9nt szintetikus anyagokat haszn\u00e1lnak, amelyek tart\u00f3sak, megfelel\u0151 l\u00e9g\u00e1raml\u00e1st biztos\u00edtanak, emellett k\u00f6nny\u0171ek \u00e9s gyorsan sz\u00e1radnak, mint p\u00e9ld\u00e1ul a poli\u00e9szter, a nylon, a poliamid vagy a Primaloft\u00ae (szintetikus szigetel\u00e9s). A rugalmass\u00e1g \u00e9s a ny\u00fajthat\u00f3s\u00e1g (2 vagy 4 ir\u00e1nyban) fontos tulajdons\u00e1gok, ez\u00e9rt az \u00f6sszet\u00e9tel ellen\u0151rz\u00e9sekor gy\u0151z\u0151dj\u00f6n meg arr\u00f3l, hogy a kiv\u00e1lasztott modell rugalmas sz\u00e1lakat tartalmaz-e, pl. elaszt\u00e1n\/szpandex\/lycra. A l\u00e9g\u00e1tereszt\u0151 k\u00e9pess\u00e9g m\u00e9rt\u00e9k\u00e9t az \u00e9vszakhoz kell igaz\u00edtani (\u0151sszel, t\u00e9len \u00e9s kora tavasszal az alacsonyabb, ny\u00e1ron pedig a magas l\u00e9g\u00e1tereszt\u0151 k\u00e9pess\u00e9g a legjobb v\u00e1laszt\u00e1s). \u00c9rdemes olyan innovat\u00edv technol\u00f3gi\u00e1kkal t\u00e1mogatott anyagokat v\u00e1lasztani, amelyek k\u00fcl\u00f6nleges tulajdons\u00e1gokat garant\u00e1lnak, mint p\u00e9ld\u00e1ul:<\/p>\n<ul class=\"parent-of-p\">\n<li><strong>AdvancedSkin Shield<\/strong> vagy <strong>Quick Moisture Control<\/strong> &#8211; magas l\u00e9g\u00e1tereszt\u0151 k\u00e9pess\u00e9g \u00e9s hat\u00e9kony nedvess\u00e9gelvezet\u00e9s (Salomon \u00e9s Jack Wolfskin);<\/li>\n<\/ul>\n<ul class=\"parent-of-p\">\n<li><strong>FlashDry\u2122 <\/strong>&#8211; t\u00e1mogatja a szervezet h\u0151szab\u00e1lyoz\u00e1s\u00e1t (The North Face);<\/li>\n<\/ul>\n<ul class=\"parent-of-p\">\n<li><strong>Durastretch <\/strong>&#8211; fokozott ellen\u00e1ll\u00e1s a mechanikai s\u00e9r\u00fcl\u00e9sekkel szemben (Salewa);<\/li>\n<\/ul>\n<ul class=\"parent-of-p\">\n<li><strong>DWR <\/strong>(Durable Water Repellent) &#8211; v\u00edzleperget\u0151 impregn\u00e1l\u00e1s;<\/li>\n<\/ul>\n<ul class=\"parent-of-p\">\n<li><strong>Funkcion 65 <\/strong>&#8211; sz\u00e9l\u00e1ll\u00f3 (Jack Wolfskin);<\/li>\n<\/ul>\n<ul class=\"parent-of-p\">\n<li><strong>Omni-Shield\u2122<\/strong> &#8211; impregn\u00e1l\u00e1s a gyors \u00e1t\u00e1z\u00e1ssal \u00e9s szennyez\u0151d\u00e9ssel szembeni v\u00e9delem \u00e9rdek\u00e9ben (Columbia);<\/li>\n<\/ul>\n<ul class=\"parent-of-p\">\n<li><strong>TirolWool\u00ae Responsive<\/strong> &#8211; tov\u00e1bb tartja a meleget, n\u00f6veli a teljes\u00edtm\u00e9nyt \u00e9s seg\u00edt gyorsabban regener\u00e1l\u00f3dni a f\u00e1radts\u00e1gb\u00f3l (Salewa).<\/li>\n<\/ul>\n<div class=\"yt-oembed\"><p><iframe loading=\"lazy\" title=\"NON UTILIZZARE! Salewa | Tirolwool Responsive\" width=\"500\" height=\"281\" src=\"https:\/\/www.youtube.com\/embed\/F1Xj4KCyL2s?feature=oembed\" frameborder=\"0\" allow=\"accelerometer; autoplay; clipboard-write; encrypted-media; gyroscope; picture-in-picture; web-share\" referrerpolicy=\"strict-origin-when-cross-origin\" allowfullscreen><\/iframe><\/p><\/div>\n<p>\u00c9rdemes odafigyelni a hegyi nadr\u00e1gokban haszn\u00e1lt sz\u00f6vet sz\u00f6v\u00e9s\u00e9nek s\u0171r\u0171s\u00e9g\u00e9re, amely befoly\u00e1solja a h\u0151szigetel\u00e9s \u00e9s a l\u00e9g\u00e1raml\u00e1s szintj\u00e9t. \u00c1ltal\u00e1noss\u00e1gban elmondhat\u00f3, hogy min\u00e9l s\u0171r\u0171bb \u00e9s vastagabb az anyag, ann\u00e1l hosszabb a sz\u00e1rad\u00e1si id\u0151 \u00e9s ann\u00e1l rosszabb a l\u00e9g\u00e1tereszt\u0151 k\u00e9pess\u00e9g, \u00e9s ford\u00edtva.<\/p>\n<h3>V\u00e1gja<\/h3>\n<p>T\u00faranadr\u00e1g v\u00e1s\u00e1rl\u00e1sakor \u00e9rdemes figyelni a j\u00f3l illeszked\u0151 szab\u00e1sra (pl. norm\u00e1l szab\u00e1s, atl\u00e9tikus szab\u00e1s) \u00e9s a magas\u00edtott szab\u00e1sra, amely v\u00e9di a h\u00e1t als\u00f3 r\u00e9sz\u00e9t a kitetts\u00e9gt\u0151l. Praktikus megold\u00e1st jelentenek a der\u00e9kn\u00e1l l\u00e9v\u0151 rugalmas p\u00e1ntok, amelyek lehet\u0151v\u00e9 teszik, hogy a nadr\u00e1g a mozdulatokhoz igazodjon an\u00e9lk\u00fcl, hogy korl\u00e1tozn\u00e1 azokat, valamint az \u00f6vhurok \u00e9s a h\u00faz\u00f3zsin\u00f3rok a l\u00e1bakn\u00e1l. Ez ut\u00f3bbi lehet\u0151v\u00e9 teszi a nadr\u00e1g alj\u00e1nak sz\u00e9less\u00e9g\u00e9nek be\u00e1ll\u00edt\u00e1s\u00e1t, ami lehet\u0151s\u00e9get ad a szell\u0151z\u00e9si tartom\u00e1ny megv\u00e1ltoztat\u00e1s\u00e1ra, a l\u00e1bbelikhez, pl. a k\u00f6zel\u00edt\u0151 cip\u0151kh\u00f6z val\u00f3 jobb illeszked\u00e9sre, a bakancsokon kereszt\u00fcl t\u00f6rt\u00e9n\u0151 k\u00f6nnyebb leh\u00faz\u00e1sra \u00e9s a hideg \u00e9s es\u0151s napokon t\u00f6rt\u00e9n\u0151 t\u00far\u00e1z\u00e1s sor\u00e1n a k\u00e9nyelem n\u00f6vel\u00e9s\u00e9re. Ezenk\u00edv\u00fcl a szab\u00e1snak lehet\u0151v\u00e9 kell tennie, hogy a l\u00e1b szabadon emelkedjen magasra, ez\u00e9rt figyelje a profilozott t\u00e9rdeket \u00e9s p\u00e9ld\u00e1ul az elaszt\u00e1n jelenl\u00e9t\u00e9t az \u00f6sszet\u00e9telben.<\/p>\n<p><img loading=\"lazy\" decoding=\"async\" class=\"attachment-large alignnone\" src=\"http:\/\/sportano.hu\/blog\/wp-content\/uploads\/2022\/10\/gdi-63522ac53327a.png\" alt=\"A t\u00faracip\u0151 ide\u00e1lis hegyi kalandokhoz\" width=\"816\" height=\"426\" \/><\/p>\n<h3>Funkcionalit\u00e1s<\/h3>\n<p>A hegyi nadr\u00e1gok ezen tulajdons\u00e1ga mindenekel\u0151tt a sz\u00e1mos r\u00e9szletre vonatkozik, bele\u00e9rtve a t\u00e1gas, cipz\u00e1ras zsebeket (pl. a combon), amelyekben elf\u00e9rnek a legfontosabb dolgok (pl. mobiltelefon, energiaszelet, ir\u00e1nyt\u0171, zsebk\u00e9s\/multiszersz\u00e1m stb.), hogy ne kelljen minden alkalommal a h\u00e1tizs\u00e1kba ny\u00falni. M\u00e1sz\u00e1skor fontos, hogy a hegym\u00e1sz\u00f3 felszerel\u00e9st (m\u00e1sz\u00f3k\u00f6telet stb.) fel tudja csatolni, \u00e9s hogy a m\u00e1sz\u00f3cip\u0151 j\u00f3l illeszkedjen.<\/p>\n<p>A szabadt\u00e9ri nadr\u00e1gok funkcionalit\u00e1s\u00e1hoz tartoznak m\u00e9g a speci\u00e1lis meger\u0151s\u00edt\u00e9sek az \u00e1gy\u00e9kban \u00e9s a t\u00e9rdeken, a fen\u00e9ken, a combok bels\u0151 oldal\u00e1n vagy a l\u00e1bsz\u00e1rak als\u00f3 r\u00e9szeinek v\u00e9gein, amelyek nemcsak az \u00e9rz\u00e9keny ter\u00fcletek sz\u00e1m\u00e1ra ny\u00fajtanak tov\u00e1bbi v\u00e9delmet. A meger\u0151s\u00edt\u00e9sek a nadr\u00e1g \u00e9lettartam\u00e1t is meghosszabb\u00edtj\u00e1k, mivel ellen\u00e1ll\u00f3bb\u00e1 teszik a kop\u00e1ssal \u00e9s a mechanikai s\u00e9r\u00fcl\u00e9sekkel (szakad\u00e1s, kop\u00e1s vagy reped\u00e9s) szemben. A hegyi nadr\u00e1goknak is j\u00f3 min\u0151s\u00e9g\u0171 cipz\u00e1rakkal kell rendelkezni\u00fck, p\u00e9ld\u00e1ul a jap\u00e1n Yoshida Kogyo Kabushiki Kaisha gy\u00e1rt\u00f3 YKK cipz\u00e1rjaival.<\/p>\n<p><img loading=\"lazy\" decoding=\"async\" class=\"attachment-large alignnone\" src=\"http:\/\/sportano.hu\/blog\/wp-content\/uploads\/2022\/10\/gdi-63522ac75b4cb.png\" alt=\"Emberek hegym\u00e1sz\u00f3 felszerel\u00e9sben t\u00farabotokkal egy hegytet\u0151n haladnak\" width=\"816\" height=\"426\" \/><\/p>\n<h2>Hegyi nadr\u00e1gok &#8211; hossz\u00fa, r\u00f6vid vagy esetleg 2 az 1-ben?<\/h2>\n<p>A hegyvid\u00e9ki nadr\u00e1g kiv\u00e1laszt\u00e1s\u00e1t nemcsak az hat\u00e1rozza meg, hogy hov\u00e1 megy, hanem az is, hogy mikor: t\u00e9len, ny\u00e1ron vagy \u00e1tmeneti id\u0151szakban. A hidegebb h\u00f3napokban \u00e9s alacsony h\u0151m\u00e9rs\u00e9kleten a legjobbak az \u00e1ll\u00edthat\u00f3 sz\u00e1r\u00fa hossz\u00fa t\u00faranadr\u00e1gok, amelyek lehet\u0151v\u00e9 teszik, hogy tetsz\u00e9s szerint v\u00e1ltoztassa a szell\u0151z\u00e9s m\u00e9rt\u00e9k\u00e9t. A r\u00f6vidnadr\u00e1gok a hegyekbe ny\u00e1ri v\u00e1laszt\u00e1snak sz\u00e1m\u00edtanak, b\u00e1r az \u00e1tmeneti id\u0151szakban is haszn\u00e1lhat\u00f3k, p\u00e9ld\u00e1ul termoakt\u00edv leggingsszel vagy l\u00e1bsz\u00e1rv\u00e9d\u0151vel.<\/p>\n<p>Sokoldal\u00fa megold\u00e1s, amely ny\u00e1ron \u00e9s az \u00e1tmeneti id\u0151szakban is alkalmas a hegyekben val\u00f3 gyalogl\u00e1sra, a 2 az 1-ben vagy az \u00fagynevezett zip-off trekkingnadr\u00e1g. Ez egy levehet\u0151 l\u00e1bakkal ell\u00e1tott opci\u00f3, \u00edgy szabadon megv\u00e1laszthatja a hosszukat az \u00fatviszonyokt\u00f3l f\u00fcgg\u0151en &#8211; meleg napokon r\u00f6videt viselhet, \u00e9s hosszabb\u00edthat, ha az id\u0151j\u00e1r\u00e1s megromlik. Emellett helyet takar\u00edt meg a h\u00e1tizs\u00e1kban. Nem kell k\u00e9t p\u00e1rat csomagolnia, hogy felk\u00e9sz\u00fclj\u00f6n a gyakori magass\u00e1gv\u00e1ltoz\u00e1sokkal \u00e9s a hegyek egyre magasabb \u00e9s magasabb r\u00e9szeire val\u00f3 gyalogl\u00e1ssal j\u00e1r\u00f3, alacsonyabb h\u0151m\u00e9rs\u00e9klet\u0171 v\u00e1lt\u00e1sra.<\/p>\n<p><img loading=\"lazy\" decoding=\"async\" class=\"attachment-large alignnone\" src=\"http:\/\/sportano.hu\/blog\/wp-content\/uploads\/2022\/10\/gdi-63522ac82134e.png\" alt=\"A k\u00e9p t\u00far\u00e1z\u00e1s k\u00f6zben es\u0151kab\u00e1tba \u00f6lt\u00f6z\u00f6tt embereket mutat egy erdei \u00f6sv\u00e9nyen\" width=\"816\" height=\"426\" \/><\/p>\n<h2>Milyen trekking nadr\u00e1got v\u00e1lasszunk \u0151sszel?<\/h2>\n<p>Az \u0151szi \u00e9s a kora tavaszi t\u00faranadr\u00e1gnak v\u00e9denie kell az es\u0151, a sz\u00e9l, a v\u00e1ltoz\u00f3 h\u0151m\u00e9rs\u00e9klet ellen, \u00e9s n\u00e9ha a (friss vagy tart\u00f3s) h\u00f3val is meg kell birk\u00f3znia. A softshell nadr\u00e1gok t\u00f6k\u00e9letesek erre az id\u0151re, mivel megfelel\u0151 h\u0151komfortot biztos\u00edtanak. Es\u0151s id\u0151j\u00e1r\u00e1shoz \u00e9s t\u00f6bbnapos t\u00far\u00e1z\u00e1shoz a membr\u00e1nnal vagy v\u00edzleperget\u0151 bevonattal, p\u00e9ld\u00e1ul DWR bevonattal ell\u00e1tott nadr\u00e1gok az optim\u00e1lisak. Hidegebb napokon \u00e9s h\u0151m\u00e9rs\u00e9klet-ingadoz\u00e1s eset\u00e9n j\u00f3 megold\u00e1s, ha a v\u00e9konyabb t\u00faranadr\u00e1g alatt termoakt\u00edv als\u00f3nem\u0171t visel.<\/p>\n<p><img loading=\"lazy\" decoding=\"async\" class=\"attachment-large alignnone\" src=\"http:\/\/sportano.hu\/blog\/wp-content\/uploads\/2022\/10\/gdi-63522ac909b3e.png\" alt=\"K\u00e9t ember s\u00e1rga t\u00e9li hegym\u00e1sz\u00f3 ruh\u00e1zatot visel, t\u00farabotot tart havas hegycs\u00facsok el\u0151tt\" width=\"816\" height=\"426\" \/><\/p>\n<h2>T\u00e9li hegyi gyalogl\u00e1shoz val\u00f3 nadr\u00e1gok<\/h2>\n<p>T\u00e9len a legjobb, ha a nadr\u00e1g j\u00f3 sz\u00e9lv\u00e9delemmel rendelkezik \u00e9s v\u00edz\u00e1ll\u00f3, \u00edgy a softshell vagy hardshell modellek j\u00f3l m\u0171k\u00f6dnek. Az el\u0151bbiek t\u00far\u00e1z\u00e1shoz \u00e9s t\u00e9li hegym\u00e1sz\u00e1shoz, m\u00edg az ut\u00f3bbiak p\u00e9ld\u00e1ul j\u00e9gm\u00e1sz\u00e1shoz vagy s\u00edt\u00far\u00e1z\u00e1shoz alkalmasak (a l\u00e1bakon l\u00e9v\u0151 cipz\u00e1rak lehet\u0151v\u00e9 teszik a szell\u0151z\u00e9si tartom\u00e1ny szabad v\u00e1ltoztat\u00e1s\u00e1t). Magashegyi ter\u00fcleteken \u00e9s t\u00e9li kempingez\u00e9shez \u00e9rdemes a term\u00e9szetes pehellyel vagy Primaloft\u00ae-val szigetelt modelleket v\u00e1lasztani. Az \u00e1tmeneti id\u0151szakhoz hasonl\u00f3an tov\u00e1bbi h\u0151komfortot biztos\u00edthat a termoakt\u00edv als\u00f3nem\u0171 visel\u00e9se.<\/p>\n<h2>Melyik nadr\u00e1g a ny\u00e1rra a hegyekben?<\/h2>\n<p>A ny\u00e1ri t\u00fara\/trekking nadr\u00e1gok f\u0151k\u00e9nt nejlonb\u00f3l k\u00e9sz\u00fclnek, amely k\u00f6nny\u0171, tart\u00f3s, ugyanakkor nagyszer\u0171 l\u00e9g\u00e1tereszt\u0151 k\u00e9pess\u00e9get biztos\u00edt \u00e9s gyorsan sz\u00e1rad. Ez nem csak a magas h\u0151m\u00e9rs\u00e9kleten megn\u00f6vekedett izzad\u00e1s miatt fontos, hanem a v\u00e1ratlan es\u0151 vagy vihar eset\u00e9n is.<\/p>\n<p>A ny\u00e1ri h\u00f3napokban az UPF Protection technol\u00f3gi\u00e1val (Ultraviolet Protection Factor &#8211; meghat\u00e1rozza a sz\u00f6vet UV-\u00e1tereszt\u0151 k\u00e9pess\u00e9g\u00e9t) felszerelt t\u00fara- vagy t\u00faranadr\u00e1gok \u00e1tmennek a teszten. Ezek olyan speci\u00e1lis sz\u0171r\u0151k, amelyek v\u00e9denek a napsugarak ellen. Az a modell, ahol ez a t\u00e9nyez\u0151 legal\u00e1bb +40 vagy +50, megfelel\u0151 lesz.<\/p>\n<p><img loading=\"lazy\" decoding=\"async\" class=\"attachment-large alignnone\" src=\"http:\/\/sportano.hu\/blog\/wp-content\/uploads\/2022\/10\/gdi-63522aca38a29.png\" alt=\"K\u00e9t t\u00far\u00e1z\u00f3 t\u00farabotokkal halad hegyi \u00f6sv\u00e9nyen\" width=\"816\" height=\"426\" \/><\/p>\n<p>Amikor a ny\u00e1ri hegyi nadr\u00e1g hossz\u00e1nak k\u00e9rd\u00e9s\u00e9re ker\u00fcl sor, nem csak a h\u0151m\u00e9rs\u00e9klet sz\u00e1m\u00edt, hanem az is, hogy milyen terepen j\u00e1r. Ha a terep nagyon szikl\u00e1s vagy ben\u0151tt, aj\u00e1nlatos hossz\u00fa nadr\u00e1got viselni, hogy cs\u00f6kkents\u00fck az \u00e9les sz\u00e9lek, \u00e1gak vagy t\u00fcsk\u00e9s n\u00f6v\u00e9nyek okozta f\u00e1jdalmas horzsol\u00e1sok kock\u00e1zat\u00e1t. A kullancsok, sz\u00fanyogok stb. nagy aktivit\u00e1s\u00fa id\u0151szakaiban is j\u00f3 v\u00e9delmet ny\u00fajtanak. \u00c9rdemes \u00e9szben tartani, hogy a v\u00f6lgy \u00e9s a cs\u00facs k\u00f6z\u00f6tt a h\u0151m\u00e9rs\u00e9klet jelent\u0151sen v\u00e1ltozhat, ez\u00e9rt m\u00e9g a napos napokon is \u00e9rdemes egy hossz\u00fa sz\u00e1r\u00fa szabadt\u00e9ri nadr\u00e1got a h\u00e1tizs\u00e1kban tartani.<\/p>\n<h2>A legjobb f\u00e9rfi \u00e9s n\u0151i nadr\u00e1gok a hegyekbe a Sportano<\/h2>\n<p>Ha bev\u00e1lt \u00e9s funkcion\u00e1lis t\u00faranadr\u00e1got keres, amely minden k\u00f6r\u00fclm\u00e9nyek k\u00f6z\u00f6tt k\u00e9nyelmes \u00e9s v\u00e9dett lesz, n\u00e9zze meg a Sportano k\u00edn\u00e1lat\u00e1t. Online sportboltunkban olyan neves m\u00e1rk\u00e1k min\u0151s\u00e9gi term\u00e9keit tal\u00e1lja, mint a <strong>Black Diamond, Columbia, Jack Wolfskin, La Sportiva, MAMMUT, Marmot, Peak Performance, Rip Curl, Salewa vagy Salomon<\/strong>. V\u00e1laszthat trekking, softshell, es\u0151- vagy membr\u00e1nnadr\u00e1gok \u00e9s funkcion\u00e1lis t\u00faranadr\u00e1gok k\u00f6z\u00fcl, att\u00f3l f\u00fcgg\u0151en, hogy milyen hegyvid\u00e9kre \u00e9s \u00e9vszakban indul. A f\u00e9rfiak \u00e9s n\u0151k sz\u00e1m\u00e1ra k\u00e9sz\u00fclt nadr\u00e1gok \u00e9s r\u00f6vidnadr\u00e1gok sz\u00e9les v\u00e1laszt\u00e9ka lehet\u0151v\u00e9 teszi, hogy megtal\u00e1lja a megfelel\u0151 szab\u00e1st, anyagot \u00e9s innovat\u00edv megold\u00e1sokat az \u00d6n \u00e1ltal v\u00e1lasztott szabadt\u00e9ri tev\u00e9kenys\u00e9ghez.<\/p>\n","protected":false},"excerpt":{"rendered":"<p>A megfelel\u0151 t\u00faranadr\u00e1g minden t\u00far\u00e1z\u00f3 felszerel\u00e9s\u00e9nek alapja. A gyorsan sz\u00e1rad\u00f3, l\u00e9g\u00e1tereszt\u0151 anyagnak \u00e9s a funkcion\u00e1lis szab\u00e1snak k\u00f6sz\u00f6nhet\u0151en, amelyet modern technol\u00f3gi\u00e1k t\u00e1mogatnak, az \u00f6sv\u00e9nyen semmilyen k\u00f6r\u00fclm\u00e9ny nem fog meglepni. N\u00e1lunk megtudhatja, hogy az \u00e9vszakt\u00f3l f\u00fcgg\u0151en milyen hegyi nadr\u00e1got v\u00e1lasszon, \u00e9s mire figyeljen a v\u00e1s\u00e1rl\u00e1skor. Mire figyelj\u00fcnk a hegyvid\u00e9ki nadr\u00e1gok kiv\u00e1laszt\u00e1sakor? Ak\u00e1r egy via ferrata neh\u00e9z szakaszain, [&hellip;]<\/p>\n","protected":false},"author":7,"featured_media":974,"comment_status":"closed","ping_status":"closed","sticky":false,"template":"","format":"standard","meta":{"_acf_changed":false,"footnotes":""},"categories":[35],"tags":[],"class_list":["post-966","post","type-post","status-publish","format-standard","has-post-thumbnail","hentry","category-turizmus"],"acf":[],"yoast_head":"<!-- This site is optimized with the Yoast SEO plugin v27.1.1 - https:\/\/yoast.com\/product\/yoast-seo-wordpress\/ -->\n<title>Nadr\u00e1gok a hegyekbe \u0151sszel, t\u00e9len \u00e9s ny\u00e1ron. Milyen nadr\u00e1got v\u00e1lasszunk a hegyekben val\u00f3 gyalogl\u00e1shoz? - Sportano.hu Blog<\/title>\n<meta name=\"robots\" content=\"index, follow, max-snippet:-1, max-image-preview:large, max-video-preview:-1\" \/>\n<link rel=\"canonical\" href=\"https:\/\/sportano.hu\/blog\/nadragok-a-hegyekbe-osszel-telen-es-nyaron-milyen-nadragot-valasszunk-a-hegyekben-valo-gyaloglashoz\/\" \/>\n<meta property=\"og:locale\" content=\"hu_HU\" \/>\n<meta property=\"og:type\" content=\"article\" \/>\n<meta property=\"og:title\" content=\"Nadr\u00e1gok a hegyekbe \u0151sszel, t\u00e9len \u00e9s ny\u00e1ron. Milyen nadr\u00e1got v\u00e1lasszunk a hegyekben val\u00f3 gyalogl\u00e1shoz? - Sportano.hu Blog\" \/>\n<meta property=\"og:description\" content=\"A megfelel\u0151 t\u00faranadr\u00e1g minden t\u00far\u00e1z\u00f3 felszerel\u00e9s\u00e9nek alapja. A gyorsan sz\u00e1rad\u00f3, l\u00e9g\u00e1tereszt\u0151 anyagnak \u00e9s a funkcion\u00e1lis szab\u00e1snak k\u00f6sz\u00f6nhet\u0151en, amelyet modern technol\u00f3gi\u00e1k t\u00e1mogatnak, az \u00f6sv\u00e9nyen semmilyen k\u00f6r\u00fclm\u00e9ny nem fog meglepni. N\u00e1lunk megtudhatja, hogy az \u00e9vszakt\u00f3l f\u00fcgg\u0151en milyen hegyi nadr\u00e1got v\u00e1lasszon, \u00e9s mire figyeljen a v\u00e1s\u00e1rl\u00e1skor. Mire figyelj\u00fcnk a hegyvid\u00e9ki nadr\u00e1gok kiv\u00e1laszt\u00e1sakor? Ak\u00e1r egy via ferrata neh\u00e9z szakaszain, [&hellip;]\" \/>\n<meta property=\"og:url\" content=\"https:\/\/sportano.hu\/blog\/nadragok-a-hegyekbe-osszel-telen-es-nyaron-milyen-nadragot-valasszunk-a-hegyekben-valo-gyaloglashoz\/\" \/>\n<meta property=\"article:published_time\" content=\"2022-10-21T05:14:43+00:00\" \/>\n<meta property=\"article:modified_time\" content=\"2025-07-18T12:22:34+00:00\" \/>\n<meta property=\"og:image\" content=\"http:\/\/sportano.hu\/blog\/wp-content\/uploads\/2022\/10\/gdi-63522acb4242b.png\" \/>\n\t<meta property=\"og:image:width\" content=\"816\" \/>\n\t<meta property=\"og:image:height\" content=\"426\" \/>\n\t<meta property=\"og:image:type\" content=\"image\/png\" \/>\n<meta name=\"author\" content=\"Sylwia Stwora-Petela\" \/>\n<meta name=\"twitter:card\" content=\"summary_large_image\" \/>\n<meta name=\"twitter:label1\" content=\"Szerz\u0151:\" \/>\n\t<meta name=\"twitter:data1\" content=\"Sylwia Stwora-Petela\" \/>\n\t<meta name=\"twitter:label2\" content=\"Becs\u00fclt olvas\u00e1si id\u0151\" \/>\n\t<meta name=\"twitter:data2\" content=\"8 perc\" \/>\n<!-- \/ Yoast SEO plugin. -->","yoast_head_json":{"title":"Nadr\u00e1gok a hegyekbe \u0151sszel, t\u00e9len \u00e9s ny\u00e1ron. Milyen nadr\u00e1got v\u00e1lasszunk a hegyekben val\u00f3 gyalogl\u00e1shoz? - Sportano.hu Blog","robots":{"index":"index","follow":"follow","max-snippet":"max-snippet:-1","max-image-preview":"max-image-preview:large","max-video-preview":"max-video-preview:-1"},"canonical":"https:\/\/sportano.hu\/blog\/nadragok-a-hegyekbe-osszel-telen-es-nyaron-milyen-nadragot-valasszunk-a-hegyekben-valo-gyaloglashoz\/","og_locale":"hu_HU","og_type":"article","og_title":"Nadr\u00e1gok a hegyekbe \u0151sszel, t\u00e9len \u00e9s ny\u00e1ron. Milyen nadr\u00e1got v\u00e1lasszunk a hegyekben val\u00f3 gyalogl\u00e1shoz? - Sportano.hu Blog","og_description":"A megfelel\u0151 t\u00faranadr\u00e1g minden t\u00far\u00e1z\u00f3 felszerel\u00e9s\u00e9nek alapja. A gyorsan sz\u00e1rad\u00f3, l\u00e9g\u00e1tereszt\u0151 anyagnak \u00e9s a funkcion\u00e1lis szab\u00e1snak k\u00f6sz\u00f6nhet\u0151en, amelyet modern technol\u00f3gi\u00e1k t\u00e1mogatnak, az \u00f6sv\u00e9nyen semmilyen k\u00f6r\u00fclm\u00e9ny nem fog meglepni. N\u00e1lunk megtudhatja, hogy az \u00e9vszakt\u00f3l f\u00fcgg\u0151en milyen hegyi nadr\u00e1got v\u00e1lasszon, \u00e9s mire figyeljen a v\u00e1s\u00e1rl\u00e1skor. Mire figyelj\u00fcnk a hegyvid\u00e9ki nadr\u00e1gok kiv\u00e1laszt\u00e1sakor? Ak\u00e1r egy via ferrata neh\u00e9z szakaszain, [&hellip;]","og_url":"https:\/\/sportano.hu\/blog\/nadragok-a-hegyekbe-osszel-telen-es-nyaron-milyen-nadragot-valasszunk-a-hegyekben-valo-gyaloglashoz\/","article_published_time":"2022-10-21T05:14:43+00:00","article_modified_time":"2025-07-18T12:22:34+00:00","og_image":[{"width":816,"height":426,"url":"http:\/\/sportano.hu\/blog\/wp-content\/uploads\/2022\/10\/gdi-63522acb4242b.png","type":"image\/png"}],"author":"Sylwia Stwora-Petela","twitter_card":"summary_large_image","twitter_misc":{"Szerz\u0151:":"Sylwia Stwora-Petela","Becs\u00fclt olvas\u00e1si id\u0151":"8 perc"},"schema":{"@context":"https:\/\/schema.org","@graph":[{"@type":"Article","@id":"https:\/\/sportano.hu\/blog\/nadragok-a-hegyekbe-osszel-telen-es-nyaron-milyen-nadragot-valasszunk-a-hegyekben-valo-gyaloglashoz\/#article","isPartOf":{"@id":"https:\/\/sportano.hu\/blog\/nadragok-a-hegyekbe-osszel-telen-es-nyaron-milyen-nadragot-valasszunk-a-hegyekben-valo-gyaloglashoz\/"},"author":{"name":"Sylwia Stwora-Petela","@id":"https:\/\/sportano.hu\/blog\/#\/schema\/person\/71cc03e69d6c63d290e6365378f2deab"},"headline":"Nadr\u00e1gok a hegyekbe \u0151sszel, t\u00e9len \u00e9s ny\u00e1ron. Milyen nadr\u00e1got v\u00e1lasszunk a hegyekben val\u00f3 gyalogl\u00e1shoz?","datePublished":"2022-10-21T05:14:43+00:00","dateModified":"2025-07-18T12:22:34+00:00","mainEntityOfPage":{"@id":"https:\/\/sportano.hu\/blog\/nadragok-a-hegyekbe-osszel-telen-es-nyaron-milyen-nadragot-valasszunk-a-hegyekben-valo-gyaloglashoz\/"},"wordCount":1912,"publisher":{"@id":"https:\/\/sportano.hu\/blog\/#organization"},"image":{"@id":"https:\/\/sportano.hu\/blog\/nadragok-a-hegyekbe-osszel-telen-es-nyaron-milyen-nadragot-valasszunk-a-hegyekben-valo-gyaloglashoz\/#primaryimage"},"thumbnailUrl":"https:\/\/sportano.hu\/blog\/wp-content\/uploads\/2022\/10\/gdi-63522acb4242b.png","articleSection":["Turizmus"],"inLanguage":"hu"},{"@type":"WebPage","@id":"https:\/\/sportano.hu\/blog\/nadragok-a-hegyekbe-osszel-telen-es-nyaron-milyen-nadragot-valasszunk-a-hegyekben-valo-gyaloglashoz\/","url":"https:\/\/sportano.hu\/blog\/nadragok-a-hegyekbe-osszel-telen-es-nyaron-milyen-nadragot-valasszunk-a-hegyekben-valo-gyaloglashoz\/","name":"Nadr\u00e1gok a hegyekbe \u0151sszel, t\u00e9len \u00e9s ny\u00e1ron. Milyen nadr\u00e1got v\u00e1lasszunk a hegyekben val\u00f3 gyalogl\u00e1shoz? - Sportano.hu Blog","isPartOf":{"@id":"https:\/\/sportano.hu\/blog\/#website"},"primaryImageOfPage":{"@id":"https:\/\/sportano.hu\/blog\/nadragok-a-hegyekbe-osszel-telen-es-nyaron-milyen-nadragot-valasszunk-a-hegyekben-valo-gyaloglashoz\/#primaryimage"},"image":{"@id":"https:\/\/sportano.hu\/blog\/nadragok-a-hegyekbe-osszel-telen-es-nyaron-milyen-nadragot-valasszunk-a-hegyekben-valo-gyaloglashoz\/#primaryimage"},"thumbnailUrl":"https:\/\/sportano.hu\/blog\/wp-content\/uploads\/2022\/10\/gdi-63522acb4242b.png","datePublished":"2022-10-21T05:14:43+00:00","dateModified":"2025-07-18T12:22:34+00:00","breadcrumb":{"@id":"https:\/\/sportano.hu\/blog\/nadragok-a-hegyekbe-osszel-telen-es-nyaron-milyen-nadragot-valasszunk-a-hegyekben-valo-gyaloglashoz\/#breadcrumb"},"inLanguage":"hu","potentialAction":[{"@type":"ReadAction","target":["https:\/\/sportano.hu\/blog\/nadragok-a-hegyekbe-osszel-telen-es-nyaron-milyen-nadragot-valasszunk-a-hegyekben-valo-gyaloglashoz\/"]}]},{"@type":"ImageObject","inLanguage":"hu","@id":"https:\/\/sportano.hu\/blog\/nadragok-a-hegyekbe-osszel-telen-es-nyaron-milyen-nadragot-valasszunk-a-hegyekben-valo-gyaloglashoz\/#primaryimage","url":"https:\/\/sportano.hu\/blog\/wp-content\/uploads\/2022\/10\/gdi-63522acb4242b.png","contentUrl":"https:\/\/sportano.hu\/blog\/wp-content\/uploads\/2022\/10\/gdi-63522acb4242b.png","width":816,"height":426,"caption":"Hegym\u00e1sz\u00f3 t\u00far\u00e1zik a havas hegyek k\u00f6z\u00f6tt"},{"@type":"BreadcrumbList","@id":"https:\/\/sportano.hu\/blog\/nadragok-a-hegyekbe-osszel-telen-es-nyaron-milyen-nadragot-valasszunk-a-hegyekben-valo-gyaloglashoz\/#breadcrumb","itemListElement":[{"@type":"ListItem","position":1,"name":"F\u0151oldal","item":"https:\/\/sportano.hu\/blog\/"},{"@type":"ListItem","position":2,"name":"Nadr\u00e1gok a hegyekbe \u0151sszel, t\u00e9len \u00e9s ny\u00e1ron. Milyen nadr\u00e1got v\u00e1lasszunk a hegyekben val\u00f3 gyalogl\u00e1shoz?"}]},{"@type":"WebSite","@id":"https:\/\/sportano.hu\/blog\/#website","url":"https:\/\/sportano.hu\/blog\/","name":"","description":"","publisher":{"@id":"https:\/\/sportano.hu\/blog\/#organization"},"potentialAction":[{"@type":"SearchAction","target":{"@type":"EntryPoint","urlTemplate":"https:\/\/sportano.hu\/blog\/?s={search_term_string}"},"query-input":{"@type":"PropertyValueSpecification","valueRequired":true,"valueName":"search_term_string"}}],"inLanguage":"hu"},{"@type":"Organization","@id":"https:\/\/sportano.hu\/blog\/#organization","name":"Sportano.pl","url":"https:\/\/sportano.hu\/blog\/","logo":{"@type":"ImageObject","inLanguage":"hu","@id":"https:\/\/sportano.hu\/blog\/#\/schema\/logo\/image\/","url":"http:\/\/sportano.hu\/blog\/wp-content\/uploads\/2022\/04\/sportano-blog-logo.png","contentUrl":"http:\/\/sportano.hu\/blog\/wp-content\/uploads\/2022\/04\/sportano-blog-logo.png","width":1200,"height":200,"caption":"Sportano.pl"},"image":{"@id":"https:\/\/sportano.hu\/blog\/#\/schema\/logo\/image\/"}},{"@type":"Person","@id":"https:\/\/sportano.hu\/blog\/#\/schema\/person\/71cc03e69d6c63d290e6365378f2deab","name":"Sylwia Stwora-Petela","image":{"@type":"ImageObject","inLanguage":"hu","@id":"https:\/\/sportano.hu\/blog\/#\/schema\/person\/image\/","url":"https:\/\/sportano.hu\/blog\/wp-content\/uploads\/nsl_avatars\/52d3b69495b3bb32dafd1c9e4d45ef6f.png","contentUrl":"https:\/\/sportano.hu\/blog\/wp-content\/uploads\/nsl_avatars\/52d3b69495b3bb32dafd1c9e4d45ef6f.png","caption":"Sylwia Stwora-Petela"}}]}},"_links":{"self":[{"href":"https:\/\/sportano.hu\/blog\/wp-json\/wp\/v2\/posts\/966","targetHints":{"allow":["GET"]}}],"collection":[{"href":"https:\/\/sportano.hu\/blog\/wp-json\/wp\/v2\/posts"}],"about":[{"href":"https:\/\/sportano.hu\/blog\/wp-json\/wp\/v2\/types\/post"}],"author":[{"embeddable":true,"href":"https:\/\/sportano.hu\/blog\/wp-json\/wp\/v2\/users\/7"}],"replies":[{"embeddable":true,"href":"https:\/\/sportano.hu\/blog\/wp-json\/wp\/v2\/comments?post=966"}],"version-history":[{"count":4,"href":"https:\/\/sportano.hu\/blog\/wp-json\/wp\/v2\/posts\/966\/revisions"}],"predecessor-version":[{"id":3137,"href":"https:\/\/sportano.hu\/blog\/wp-json\/wp\/v2\/posts\/966\/revisions\/3137"}],"wp:featuredmedia":[{"embeddable":true,"href":"https:\/\/sportano.hu\/blog\/wp-json\/wp\/v2\/media\/974"}],"wp:attachment":[{"href":"https:\/\/sportano.hu\/blog\/wp-json\/wp\/v2\/media?parent=966"}],"wp:term":[{"taxonomy":"category","embeddable":true,"href":"https:\/\/sportano.hu\/blog\/wp-json\/wp\/v2\/categories?post=966"},{"taxonomy":"post_tag","embeddable":true,"href":"https:\/\/sportano.hu\/blog\/wp-json\/wp\/v2\/tags?post=966"}],"curies":[{"name":"wp","href":"https:\/\/api.w.org\/{rel}","templated":true}]}}